{"id":59651,"date":"2024-11-29T14:24:39","date_gmt":"2024-11-29T20:24:39","guid":{"rendered":"https:\/\/mediagroup.mx\/?p=59651"},"modified":"2024-11-29T14:24:39","modified_gmt":"2024-11-29T20:24:39","slug":"la-justicia-laboral-tambien-vive-un-proceso-de-transformacion-reyes-galindo","status":"publish","type":"post","link":"https:\/\/mediagroup.mx\/index.php\/2024\/11\/29\/la-justicia-laboral-tambien-vive-un-proceso-de-transformacion-reyes-galindo\/","title":{"rendered":"La Justicia Laboral tambi\u00e9n vive un proceso de transformaci\u00f3n: Reyes Galindo"},"content":{"rendered":"<p>El Coordinador del Grupo Parlamentario del Partido del Trabajo (GPPT) en el Congreso del Estado, Reyes Galindo Pedraza, destac\u00f3 que la justicia laboral, al igual que la realidad del pa\u00eds, tambi\u00e9n est\u00e1 experimentando un proceso de transformaci\u00f3n en favor de las y los trabajadores del M\u00e9xico.<\/p>\n<p>En el marco del Segundo Encuentro Nacional de la Conciliaci\u00f3n y la Justicia Laboral, organizado por el Centro de Conciliaci\u00f3n Laboral del Estado de Michoac\u00e1n, Galindo Pedraza subray\u00f3 la importancia de conservar en este proceso de transformaci\u00f3n los elementos que han demostrado su eficacia, al tiempo que inst\u00f3 a retomar iniciativas que perfeccionen el modelo de justicia laboral vigente.<\/p>\n<p>\u00abEn estos tiempos de transformaci\u00f3n, es fundamental no solo adaptarnos, sino tambi\u00e9n mejorar lo que ya no funciona, debemos de trabajar en mejorar los procesos de justicia laboral, pero debemos acompa\u00f1ar este paso con la democratizaci\u00f3n de los sindicatos\u00bb, afirm\u00f3.<\/p>\n<p>Uno de los puntos centrales de su intervenci\u00f3n fue la necesidad de reducir los tiempos en los que se imparte la justicia laboral. \u00abDebemos trabajar para que los procesos sean m\u00e1s \u00e1giles y eficaces, asegurando que los derechos de las y los trabajadores sean respetados de manera oportuna\u00bb, agreg\u00f3.<\/p>\n<p>El legislador tambi\u00e9n enfatiz\u00f3 la relevancia de la capacitaci\u00f3n y formaci\u00f3n continua de los conciliadores y jueces laborales, lo que permitir\u00e1 fortalecer la confianza de la ciudadan\u00eda en el sistema de justicia. \u00abUn proceso de justicia laboral eficiente y transparente es esencial para garantizar que todos los trabajadores en Michoac\u00e1n se sientan protegidos y escuchados\u00bb, concluy\u00f3.<\/p>\n<p>Desde el Grupo Parlamentario del Partido del Trabajo, reiter\u00f3 el compromiso de impulsar reformas que beneficien a las y los trabajadores de Michoac\u00e1n, buscando siempre un sistema de justicia m\u00e1s justo y accesible para todos.<\/p>\n<p><img loading=\"lazy\" decoding=\"async\" class=\"alignnone size-medium wp-image-59652\" src=\"https:\/\/mediagroup.mx\/wp-content\/uploads\/2024\/11\/WhatsApp-Image-2024-11-28-at-16.48.32-1-300x208.jpeg\" alt=\"\" width=\"300\" height=\"208\" srcset=\"https:\/\/mediagroup.mx\/wp-content\/uploads\/2024\/11\/WhatsApp-Image-2024-11-28-at-16.48.32-1-300x208.jpeg 300w, https:\/\/mediagroup.mx\/wp-content\/uploads\/2024\/11\/WhatsApp-Image-2024-11-28-at-16.48.32-1-1024x709.jpeg 1024w, https:\/\/mediagroup.mx\/wp-content\/uploads\/2024\/11\/WhatsApp-Image-2024-11-28-at-16.48.32-1-768x532.jpeg 768w, https:\/\/mediagroup.mx\/wp-content\/uploads\/2024\/11\/WhatsApp-Image-2024-11-28-at-16.48.32-1-1536x1064.jpeg 1536w, https:\/\/mediagroup.mx\/wp-content\/uploads\/2024\/11\/WhatsApp-Image-2024-11-28-at-16.48.32-1-150x104.jpeg 150w, https:\/\/mediagroup.mx\/wp-content\/uploads\/2024\/11\/WhatsApp-Image-2024-11-28-at-16.48.32-1-218x150.jpeg 218w, https:\/\/mediagroup.mx\/wp-content\/uploads\/2024\/11\/WhatsApp-Image-2024-11-28-at-16.48.32-1-696x482.jpeg 696w, https:\/\/mediagroup.mx\/wp-content\/uploads\/2024\/11\/WhatsApp-Image-2024-11-28-at-16.48.32-1-1068x740.jpeg 1068w, https:\/\/mediagroup.mx\/wp-content\/uploads\/2024\/11\/WhatsApp-Image-2024-11-28-at-16.48.32-1.jpeg 1600w\" sizes=\"auto, (max-width: 300px) 100vw, 300px\" \/><\/p>\n","protected":false},"excerpt":{"rendered":"<p>El Coordinador del Grupo Parlamentario del Partido del Trabajo (GPPT) en el Congreso del Estado, Reyes Galindo Pedraza, destac\u00f3 que la justicia laboral, al igual que la realidad del pa\u00eds, tambi\u00e9n est\u00e1 experimentando un proceso de transformaci\u00f3n en favor de las y los trabajadores del M\u00e9xico. En el marco del Segundo Encuentro Nacional de la [&hellip;]<\/p>\n","protected":false},"author":2,"featured_media":59652,"comment_status":"closed","ping_status":"closed","sticky":false,"template":"","format":"standard","meta":{"om_disable_all_campaigns":false,"_monsterinsights_skip_tracking":false,"_monsterinsights_sitenote_active":false,"_monsterinsights_sitenote_note":"","_monsterinsights_sitenote_category":0,"_uf_show_specific_survey":0,"_uf_disable_surveys":false,"_jetpack_memberships_contains_paid_content":false,"footnotes":"","jetpack_publicize_message":"La Justicia Laboral tambi\u00e9n vive un proceso de transformaci\u00f3n: Reyes Galindo","jetpack_publicize_feature_enabled":true,"jetpack_social_post_already_shared":true,"jetpack_social_options":{"image_generator_settings":{"template":"highway","default_image_id":0,"enabled":false},"version":2}},"categories":[15,63],"tags":[],"class_list":{"0":"post-59651","1":"post","2":"type-post","3":"status-publish","4":"format-standard","5":"has-post-thumbnail","7":"category-michoacan","8":"category-politica"},"aioseo_notices":[],"jetpack_publicize_connections":[],"jetpack_featured_media_url":"https:\/\/mediagroup.mx\/wp-content\/uploads\/2024\/11\/WhatsApp-Image-2024-11-28-at-16.48.32-1.jpeg","jetpack_sharing_enabled":true,"_links":{"self":[{"href":"https:\/\/mediagroup.mx\/index.php\/wp-json\/wp\/v2\/posts\/59651","targetHints":{"allow":["GET"]}}],"collection":[{"href":"https:\/\/mediagroup.mx\/index.php\/wp-json\/wp\/v2\/posts"}],"about":[{"href":"https:\/\/mediagroup.mx\/index.php\/wp-json\/wp\/v2\/types\/post"}],"author":[{"embeddable":true,"href":"https:\/\/mediagroup.mx\/index.php\/wp-json\/wp\/v2\/users\/2"}],"replies":[{"embeddable":true,"href":"https:\/\/mediagroup.mx\/index.php\/wp-json\/wp\/v2\/comments?post=59651"}],"version-history":[{"count":1,"href":"https:\/\/mediagroup.mx\/index.php\/wp-json\/wp\/v2\/posts\/59651\/revisions"}],"predecessor-version":[{"id":59653,"href":"https:\/\/mediagroup.mx\/index.php\/wp-json\/wp\/v2\/posts\/59651\/revisions\/59653"}],"wp:featuredmedia":[{"embeddable":true,"href":"https:\/\/mediagroup.mx\/index.php\/wp-json\/wp\/v2\/media\/59652"}],"wp:attachment":[{"href":"https:\/\/mediagroup.mx\/index.php\/wp-json\/wp\/v2\/media?parent=59651"}],"wp:term":[{"taxonomy":"category","embeddable":true,"href":"https:\/\/mediagroup.mx\/index.php\/wp-json\/wp\/v2\/categories?post=59651"},{"taxonomy":"post_tag","embeddable":true,"href":"https:\/\/mediagroup.mx\/index.php\/wp-json\/wp\/v2\/tags?post=59651"}],"curies":[{"name":"wp","href":"https:\/\/api.w.org\/{rel}","templated":true}]}}