{"id":59672,"date":"2024-11-29T14:44:51","date_gmt":"2024-11-29T20:44:51","guid":{"rendered":"https:\/\/mediagroup.mx\/?p=59672"},"modified":"2024-11-29T14:44:51","modified_gmt":"2024-11-29T20:44:51","slug":"diputados-se-unen-a-campana-es-tiempo-de-mujeres-sin-violencia","status":"publish","type":"post","link":"https:\/\/mediagroup.mx\/index.php\/2024\/11\/29\/diputados-se-unen-a-campana-es-tiempo-de-mujeres-sin-violencia\/","title":{"rendered":"Diputados se unen a campa\u00f1a \u201cEs Tiempo de Mujeres SIN Violencia\u201d"},"content":{"rendered":"<p>Tras aprobar un Punto de Acuerdo, las y los legisladores michoacanos, decidieron unirse a la campa\u00f1a permanente \u201cEs Tiempo de Mujeres SIN Violencia\u201d, implementada por la Presidenta de la Rep\u00fablica a fin de unir esfuerzos para implementar las medidas legislativas necesarias para para garantizar el goce pleno del derecho de las mujeres a vivir libres de cualquier tipo de violencia.<\/p>\n<p>Ante el pleno, las proponentes Belinda Iturbide D\u00edaz, Jaqueline Avil\u00e9s Osorio, Giulianna Bugarini Torres, Nalleli Pedraza Huerta Dicha, en el acuerdo establecieron que dicha campa\u00f1a que representa un llamado a toda la sociedad en su conjunto y a las autoridades de los distintos niveles, para que participen en la transformaci\u00f3n de las conductas cotidianas que parecen \u201cnormales\u201d pero en realidad forman parte de un esquema de violencia.<\/p>\n<p>\u201cPorque todas y todos podemos marcar una diferencia real en la vida de millones de mujeres y construir un pa\u00eds donde hombres y mujeres convivan libres de violencia. Hoy los exhortamos respetuosamente para que nos sumemos a la campa\u00f1a \u201cEs tiempo de mujeres SIN violencia\u201d, y que de manera conjunta implementemos las medidas legislativas necesarias para que en Michoac\u00e1n se logren los objetivos planteados de la misma\u201d, se\u00f1alaron.<\/p>\n<p>Con el punto aprobado, las y los legisladoras se comprometieron a trabajar en favor las mujeres y ni\u00f1as de M\u00e9xico a trav\u00e9s de 10 compromisos: Coordinaci\u00f3n permanente entre federaci\u00f3n, estados y municipios; capacitaciones para las personas servidoras p\u00fablicas; Garantizar que las mujeres en situaci\u00f3n de violencia reciban atenci\u00f3n adecuada; Acompa\u00f1ar con presupuesto estatal el esfuerzo de la federaci\u00f3n en materia de atenci\u00f3n y prevenci\u00f3n a la violencia hacia las mujeres; y Realizar de manera permanente campa\u00f1as y estrategias de comunicaci\u00f3n.<\/p>\n<p>Otros de los compromisos adquiridos es la Cero tolerancias a la violencia hacia las mujeres en cualquier \u00e1mbito; Llevar a cabo acciones integrales para que las mujeres y ni\u00f1as vivan una vida libre de violencias; Fortalecer los modelos de prevenci\u00f3n de la violencia feminicida en cada entidad; Prevenir la violencia desde espacios educativos; y, la Creaci\u00f3n de Fiscal\u00edas Especializadas y Abogadas de las mujeres.<\/p>\n<p>Ante el pleno Legislativo qued\u00f3 establecido que mientras los \u00edndices de violencia contra la mujer no desaparezcan por completo, como legisladores, en el \u00e1mbito de sus competencias, est\u00e1n obligados a unirse a los esfuerzos del Gobernador del Estado, y de la Presidenta de Rep\u00fablica, para garantizar el goce pleno del derecho de las mujeres a vivir libres de cualquier tipo de violencia, implementando las acciones y pol\u00edticas transversales necesarias.<\/p>\n<p>\u201cEsta es una oportunidad de todas y todos los legisladores de marcar una diferencia real en la vida de millones de mujeres y construir un Estado y pa\u00eds donde hombres y mujeres convivamos libres de violencia\u201d, se precis\u00f3.<\/p>\n<p><img loading=\"lazy\" decoding=\"async\" class=\"alignnone size-medium wp-image-59673\" src=\"https:\/\/mediagroup.mx\/wp-content\/uploads\/2024\/11\/WhatsApp-Image-2024-11-28-at-16.51.21-1-300x200.jpeg\" alt=\"\" width=\"300\" height=\"200\" srcset=\"https:\/\/mediagroup.mx\/wp-content\/uploads\/2024\/11\/WhatsApp-Image-2024-11-28-at-16.51.21-1-300x200.jpeg 300w, https:\/\/mediagroup.mx\/wp-content\/uploads\/2024\/11\/WhatsApp-Image-2024-11-28-at-16.51.21-1-1024x682.jpeg 1024w, https:\/\/mediagroup.mx\/wp-content\/uploads\/2024\/11\/WhatsApp-Image-2024-11-28-at-16.51.21-1-768x512.jpeg 768w, https:\/\/mediagroup.mx\/wp-content\/uploads\/2024\/11\/WhatsApp-Image-2024-11-28-at-16.51.21-1-150x100.jpeg 150w, https:\/\/mediagroup.mx\/wp-content\/uploads\/2024\/11\/WhatsApp-Image-2024-11-28-at-16.51.21-1-696x464.jpeg 696w, https:\/\/mediagroup.mx\/wp-content\/uploads\/2024\/11\/WhatsApp-Image-2024-11-28-at-16.51.21-1-1068x712.jpeg 1068w, https:\/\/mediagroup.mx\/wp-content\/uploads\/2024\/11\/WhatsApp-Image-2024-11-28-at-16.51.21-1.jpeg 1280w\" sizes=\"auto, (max-width: 300px) 100vw, 300px\" \/> <img loading=\"lazy\" decoding=\"async\" class=\"alignnone size-medium wp-image-59674\" src=\"https:\/\/mediagroup.mx\/wp-content\/uploads\/2024\/11\/WhatsApp-Image-2024-11-28-at-16.51.21-300x200.jpeg\" alt=\"\" width=\"300\" height=\"200\" srcset=\"https:\/\/mediagroup.mx\/wp-content\/uploads\/2024\/11\/WhatsApp-Image-2024-11-28-at-16.51.21-300x200.jpeg 300w, https:\/\/mediagroup.mx\/wp-content\/uploads\/2024\/11\/WhatsApp-Image-2024-11-28-at-16.51.21-1024x682.jpeg 1024w, https:\/\/mediagroup.mx\/wp-content\/uploads\/2024\/11\/WhatsApp-Image-2024-11-28-at-16.51.21-768x512.jpeg 768w, https:\/\/mediagroup.mx\/wp-content\/uploads\/2024\/11\/WhatsApp-Image-2024-11-28-at-16.51.21-150x100.jpeg 150w, https:\/\/mediagroup.mx\/wp-content\/uploads\/2024\/11\/WhatsApp-Image-2024-11-28-at-16.51.21-696x464.jpeg 696w, https:\/\/mediagroup.mx\/wp-content\/uploads\/2024\/11\/WhatsApp-Image-2024-11-28-at-16.51.21-1068x712.jpeg 1068w, https:\/\/mediagroup.mx\/wp-content\/uploads\/2024\/11\/WhatsApp-Image-2024-11-28-at-16.51.21.jpeg 1280w\" sizes=\"auto, (max-width: 300px) 100vw, 300px\" \/><\/p>\n","protected":false},"excerpt":{"rendered":"<p>Tras aprobar un Punto de Acuerdo, las y los legisladores michoacanos, decidieron unirse a la campa\u00f1a permanente \u201cEs Tiempo de Mujeres SIN Violencia\u201d, implementada por la Presidenta de la Rep\u00fablica a fin de unir esfuerzos para implementar las medidas legislativas necesarias para para garantizar el goce pleno del derecho de las mujeres a vivir libres [&hellip;]<\/p>\n","protected":false},"author":2,"featured_media":59673,"comment_status":"closed","ping_status":"closed","sticky":false,"template":"","format":"standard","meta":{"om_disable_all_campaigns":false,"_monsterinsights_skip_tracking":false,"_monsterinsights_sitenote_active":false,"_monsterinsights_sitenote_note":"","_monsterinsights_sitenote_category":0,"_uf_show_specific_survey":0,"_uf_disable_surveys":false,"_jetpack_memberships_contains_paid_content":false,"footnotes":"","jetpack_publicize_message":"Diputados se unen a campa\u00f1a \u201cEs Tiempo de Mujeres SIN Violencia\u201d","jetpack_publicize_feature_enabled":true,"jetpack_social_post_already_shared":true,"jetpack_social_options":{"image_generator_settings":{"template":"highway","default_image_id":0,"enabled":false},"version":2}},"categories":[15,63],"tags":[],"class_list":{"0":"post-59672","1":"post","2":"type-post","3":"status-publish","4":"format-standard","5":"has-post-thumbnail","7":"category-michoacan","8":"category-politica"},"aioseo_notices":[],"jetpack_publicize_connections":[],"jetpack_featured_media_url":"https:\/\/mediagroup.mx\/wp-content\/uploads\/2024\/11\/WhatsApp-Image-2024-11-28-at-16.51.21-1.jpeg","jetpack_sharing_enabled":true,"_links":{"self":[{"href":"https:\/\/mediagroup.mx\/index.php\/wp-json\/wp\/v2\/posts\/59672","targetHints":{"allow":["GET"]}}],"collection":[{"href":"https:\/\/mediagroup.mx\/index.php\/wp-json\/wp\/v2\/posts"}],"about":[{"href":"https:\/\/mediagroup.mx\/index.php\/wp-json\/wp\/v2\/types\/post"}],"author":[{"embeddable":true,"href":"https:\/\/mediagroup.mx\/index.php\/wp-json\/wp\/v2\/users\/2"}],"replies":[{"embeddable":true,"href":"https:\/\/mediagroup.mx\/index.php\/wp-json\/wp\/v2\/comments?post=59672"}],"version-history":[{"count":1,"href":"https:\/\/mediagroup.mx\/index.php\/wp-json\/wp\/v2\/posts\/59672\/revisions"}],"predecessor-version":[{"id":59675,"href":"https:\/\/mediagroup.mx\/index.php\/wp-json\/wp\/v2\/posts\/59672\/revisions\/59675"}],"wp:featuredmedia":[{"embeddable":true,"href":"https:\/\/mediagroup.mx\/index.php\/wp-json\/wp\/v2\/media\/59673"}],"wp:attachment":[{"href":"https:\/\/mediagroup.mx\/index.php\/wp-json\/wp\/v2\/media?parent=59672"}],"wp:term":[{"taxonomy":"category","embeddable":true,"href":"https:\/\/mediagroup.mx\/index.php\/wp-json\/wp\/v2\/categories?post=59672"},{"taxonomy":"post_tag","embeddable":true,"href":"https:\/\/mediagroup.mx\/index.php\/wp-json\/wp\/v2\/tags?post=59672"}],"curies":[{"name":"wp","href":"https:\/\/api.w.org\/{rel}","templated":true}]}}