{"id":59677,"date":"2024-11-29T15:07:56","date_gmt":"2024-11-29T21:07:56","guid":{"rendered":"https:\/\/mediagroup.mx\/?p=59677"},"modified":"2024-11-29T15:07:56","modified_gmt":"2024-11-29T21:07:56","slug":"va-congreso-del-estado-por-campanas-de-concientizacion-sobre-la-prevencion-del-cancer-de-prostata","status":"publish","type":"post","link":"https:\/\/mediagroup.mx\/index.php\/2024\/11\/29\/va-congreso-del-estado-por-campanas-de-concientizacion-sobre-la-prevencion-del-cancer-de-prostata\/","title":{"rendered":"Va Congreso del Estado por campa\u00f1as de concientizaci\u00f3n sobre la prevenci\u00f3n del c\u00e1ncer de pr\u00f3stata."},"content":{"rendered":"<p>El Pleno del Congreso del Estado, exhort\u00f3 al Titular de la Secretaria de Salud, as\u00ed como a los 112 Ayuntamientos y al Consejo Mayor de Cher\u00e1n, para que en el marco de sus atribuciones y facultades fortalezcan una campa\u00f1a de concientizaci\u00f3n, prevenci\u00f3n y diagn\u00f3stico oportuno del c\u00e1ncer de pr\u00f3stata.<\/p>\n<p>De la misma forma, exhortaron al Poder Ejecutivo del Estado, a trav\u00e9s de la Secretar\u00eda de Salud Estatal, para que, en el \u00e1mbito de sus atribuciones, implemente y garantice campa\u00f1as permanentes de concientizaci\u00f3n y prevenci\u00f3n sobre enfermedades prioritarias para la poblaci\u00f3n, asegurando su difusi\u00f3n en medios accesibles, especialmente en comunidades rurales y de dif\u00edcil acceso. Estas campa\u00f1as deber\u00e1n estar respaldadas por estrategias pedag\u00f3gicas que aseguren la comprensi\u00f3n y el impacto positivo en diversos sectores de la poblaci\u00f3n.<\/p>\n<p>En ese mismo sentido, tambi\u00e9n se exhort\u00f3 al Poder Ejecutivo del Estado, a trav\u00e9s de la Secretar\u00eda de Salud Estatal, para que fortalezca la coordinaci\u00f3n interinstitucional con el Instituto Mexicano del Seguro Social (IMSS), el Instituto de Seguridad y Servicios Sociales de los Trabajadores del Estado (ISSSTE) y la Secretar\u00eda de Salud Federal. Esta colaboraci\u00f3n deber\u00e1 enfocarse en implementar programas y acciones conjuntas que mejoren los indicadores de salud en el estado, especialmente en \u00e1reas prioritarias como la atenci\u00f3n primaria, la prevenci\u00f3n de enfermedades cr\u00f3nicas y la reducci\u00f3n de las brechas de acceso a los servicios de salud.<\/p>\n<p>Al respecto, el diputado proponente, Abraham Espinoza Villa, manifest\u00f3 que esta propuesta es con la finalidad de reducir la mortalidad por c\u00e1ncer de pr\u00f3stata, sin embargo, dijo \u201clos estigmas culturales y la falta de informaci\u00f3n contin\u00faan siendo barreras significativas para que los hombres se realicen chequeos preventivos\u201d, finaliz\u00f3.<\/p>\n<p><img loading=\"lazy\" decoding=\"async\" class=\"alignnone size-medium wp-image-59678\" src=\"https:\/\/mediagroup.mx\/wp-content\/uploads\/2024\/11\/WhatsApp-Image-2024-11-28-at-16.51.21-2-300x200.jpeg\" alt=\"\" width=\"300\" height=\"200\" srcset=\"https:\/\/mediagroup.mx\/wp-content\/uploads\/2024\/11\/WhatsApp-Image-2024-11-28-at-16.51.21-2-300x200.jpeg 300w, https:\/\/mediagroup.mx\/wp-content\/uploads\/2024\/11\/WhatsApp-Image-2024-11-28-at-16.51.21-2-1024x682.jpeg 1024w, https:\/\/mediagroup.mx\/wp-content\/uploads\/2024\/11\/WhatsApp-Image-2024-11-28-at-16.51.21-2-768x512.jpeg 768w, https:\/\/mediagroup.mx\/wp-content\/uploads\/2024\/11\/WhatsApp-Image-2024-11-28-at-16.51.21-2-150x100.jpeg 150w, https:\/\/mediagroup.mx\/wp-content\/uploads\/2024\/11\/WhatsApp-Image-2024-11-28-at-16.51.21-2-696x464.jpeg 696w, https:\/\/mediagroup.mx\/wp-content\/uploads\/2024\/11\/WhatsApp-Image-2024-11-28-at-16.51.21-2-1068x712.jpeg 1068w, https:\/\/mediagroup.mx\/wp-content\/uploads\/2024\/11\/WhatsApp-Image-2024-11-28-at-16.51.21-2.jpeg 1280w\" sizes=\"auto, (max-width: 300px) 100vw, 300px\" \/><\/p>\n","protected":false},"excerpt":{"rendered":"<p>El Pleno del Congreso del Estado, exhort\u00f3 al Titular de la Secretaria de Salud, as\u00ed como a los 112 Ayuntamientos y al Consejo Mayor de Cher\u00e1n, para que en el marco de sus atribuciones y facultades fortalezcan una campa\u00f1a de concientizaci\u00f3n, prevenci\u00f3n y diagn\u00f3stico oportuno del c\u00e1ncer de pr\u00f3stata. De la misma forma, exhortaron al [&hellip;]<\/p>\n","protected":false},"author":2,"featured_media":59678,"comment_status":"closed","ping_status":"closed","sticky":false,"template":"","format":"standard","meta":{"om_disable_all_campaigns":false,"_monsterinsights_skip_tracking":false,"_monsterinsights_sitenote_active":false,"_monsterinsights_sitenote_note":"","_monsterinsights_sitenote_category":0,"_uf_show_specific_survey":0,"_uf_disable_surveys":false,"_jetpack_memberships_contains_paid_content":false,"footnotes":"","jetpack_publicize_message":"Va Congreso del Estado por campa\u00f1as de concientizaci\u00f3n sobre la prevenci\u00f3n del c\u00e1ncer de pr\u00f3stata.","jetpack_publicize_feature_enabled":true,"jetpack_social_post_already_shared":true,"jetpack_social_options":{"image_generator_settings":{"template":"highway","default_image_id":0,"enabled":false},"version":2}},"categories":[15,63],"tags":[],"class_list":{"0":"post-59677","1":"post","2":"type-post","3":"status-publish","4":"format-standard","5":"has-post-thumbnail","7":"category-michoacan","8":"category-politica"},"aioseo_notices":[],"jetpack_publicize_connections":[],"jetpack_featured_media_url":"https:\/\/mediagroup.mx\/wp-content\/uploads\/2024\/11\/WhatsApp-Image-2024-11-28-at-16.51.21-2.jpeg","jetpack_sharing_enabled":true,"_links":{"self":[{"href":"https:\/\/mediagroup.mx\/index.php\/wp-json\/wp\/v2\/posts\/59677","targetHints":{"allow":["GET"]}}],"collection":[{"href":"https:\/\/mediagroup.mx\/index.php\/wp-json\/wp\/v2\/posts"}],"about":[{"href":"https:\/\/mediagroup.mx\/index.php\/wp-json\/wp\/v2\/types\/post"}],"author":[{"embeddable":true,"href":"https:\/\/mediagroup.mx\/index.php\/wp-json\/wp\/v2\/users\/2"}],"replies":[{"embeddable":true,"href":"https:\/\/mediagroup.mx\/index.php\/wp-json\/wp\/v2\/comments?post=59677"}],"version-history":[{"count":1,"href":"https:\/\/mediagroup.mx\/index.php\/wp-json\/wp\/v2\/posts\/59677\/revisions"}],"predecessor-version":[{"id":59679,"href":"https:\/\/mediagroup.mx\/index.php\/wp-json\/wp\/v2\/posts\/59677\/revisions\/59679"}],"wp:featuredmedia":[{"embeddable":true,"href":"https:\/\/mediagroup.mx\/index.php\/wp-json\/wp\/v2\/media\/59678"}],"wp:attachment":[{"href":"https:\/\/mediagroup.mx\/index.php\/wp-json\/wp\/v2\/media?parent=59677"}],"wp:term":[{"taxonomy":"category","embeddable":true,"href":"https:\/\/mediagroup.mx\/index.php\/wp-json\/wp\/v2\/categories?post=59677"},{"taxonomy":"post_tag","embeddable":true,"href":"https:\/\/mediagroup.mx\/index.php\/wp-json\/wp\/v2\/tags?post=59677"}],"curies":[{"name":"wp","href":"https:\/\/api.w.org\/{rel}","templated":true}]}}