{"id":59727,"date":"2024-11-29T10:15:22","date_gmt":"2024-11-29T16:15:22","guid":{"rendered":"https:\/\/mediagroup.mx\/?p=59727"},"modified":"2024-12-01T10:20:21","modified_gmt":"2024-12-01T16:20:21","slug":"reestructuran-comision-de-asuntos-electorales-y-participacion-ciudadana-del-congreso-del-estado","status":"publish","type":"post","link":"https:\/\/mediagroup.mx\/index.php\/2024\/11\/29\/reestructuran-comision-de-asuntos-electorales-y-participacion-ciudadana-del-congreso-del-estado\/","title":{"rendered":"Reestructuran Comisi\u00f3n de Asuntos Electorales y Participaci\u00f3n Ciudadana del Congreso del Estado."},"content":{"rendered":"<p>En Sesi\u00f3n Extraordinaria celebrada la noche de este viernes, se aprob\u00f3 por unanimidad reestructurar la Comisi\u00f3n de Asuntos Electorales y Participaci\u00f3n Ciudadana de la 76 Legislatura del Congreso del Estado.<\/p>\n<p>&nbsp;<\/p>\n<p>De esta forma, las y los legisladores locales aprobaron el ingreso de la diputada de MORENA, Fabiola Alan\u00eds S\u00e1mano, como integrante de la Comisi\u00f3n de Asuntos Electorales y Participaci\u00f3n Ciudadana.<\/p>\n<p>&nbsp;<\/p>\n<p>Dicha Comisi\u00f3n estar\u00e1 conformada por la diputada Diana Mariel Espinoza Mercado, como presidenta; los diputados Juan Carlos Barrag\u00e1n V\u00e9lez, V\u00edctor Manuel Manr\u00edquez Gonz\u00e1lez y Octavio Ocampo C\u00f3rdova, as\u00ed como la legisladora Fabiola Alan\u00eds S\u00e1mano, estos \u00faltimos como integrantes.<\/p>\n<p>&nbsp;<\/p>\n<p>Dicha reestructura se realiz\u00f3 con la finalidad de darle una mayor pluralidad, adem\u00e1s para el buen desempe\u00f1o de sus atribuciones legislativas, administrativas, de fiscalizaci\u00f3n e investigaci\u00f3n del Congreso.<\/p>\n<p><img loading=\"lazy\" decoding=\"async\" class=\"alignnone size-medium wp-image-59728\" src=\"https:\/\/mediagroup.mx\/wp-content\/uploads\/2024\/12\/IMG-20241130-WA0066-300x200.jpg\" alt=\"\" width=\"300\" height=\"200\" srcset=\"https:\/\/mediagroup.mx\/wp-content\/uploads\/2024\/12\/IMG-20241130-WA0066-300x200.jpg 300w, https:\/\/mediagroup.mx\/wp-content\/uploads\/2024\/12\/IMG-20241130-WA0066-1024x683.jpg 1024w, https:\/\/mediagroup.mx\/wp-content\/uploads\/2024\/12\/IMG-20241130-WA0066-768x512.jpg 768w, https:\/\/mediagroup.mx\/wp-content\/uploads\/2024\/12\/IMG-20241130-WA0066-1536x1024.jpg 1536w, https:\/\/mediagroup.mx\/wp-content\/uploads\/2024\/12\/IMG-20241130-WA0066-2048x1365.jpg 2048w, https:\/\/mediagroup.mx\/wp-content\/uploads\/2024\/12\/IMG-20241130-WA0066-150x100.jpg 150w, https:\/\/mediagroup.mx\/wp-content\/uploads\/2024\/12\/IMG-20241130-WA0066-696x464.jpg 696w, https:\/\/mediagroup.mx\/wp-content\/uploads\/2024\/12\/IMG-20241130-WA0066-1068x712.jpg 1068w, https:\/\/mediagroup.mx\/wp-content\/uploads\/2024\/12\/IMG-20241130-WA0066-1920x1280.jpg 1920w\" sizes=\"auto, (max-width: 300px) 100vw, 300px\" \/><\/p>\n","protected":false},"excerpt":{"rendered":"<p>En Sesi\u00f3n Extraordinaria celebrada la noche de este viernes, se aprob\u00f3 por unanimidad reestructurar la Comisi\u00f3n de Asuntos Electorales y Participaci\u00f3n Ciudadana de la 76 Legislatura del Congreso del Estado. &nbsp; De esta forma, las y los legisladores locales aprobaron el ingreso de la diputada de MORENA, Fabiola Alan\u00eds S\u00e1mano, como integrante de la Comisi\u00f3n [&hellip;]<\/p>\n","protected":false},"author":2,"featured_media":59728,"comment_status":"closed","ping_status":"closed","sticky":false,"template":"","format":"standard","meta":{"om_disable_all_campaigns":false,"_monsterinsights_skip_tracking":false,"_monsterinsights_sitenote_active":false,"_monsterinsights_sitenote_note":"","_monsterinsights_sitenote_category":0,"_uf_show_specific_survey":0,"_uf_disable_surveys":false,"_jetpack_memberships_contains_paid_content":false,"footnotes":"","jetpack_publicize_message":"Reestructuran Comisi\u00f3n de Asuntos Electorales y Participaci\u00f3n Ciudadana del Congreso del Estado.\r\n\r\n* La diputada Fabiola Alan\u00eds S\u00e1mano, ser\u00e1 nueva integrante de esta Comisi\u00f3n.","jetpack_publicize_feature_enabled":true,"jetpack_social_post_already_shared":true,"jetpack_social_options":{"image_generator_settings":{"template":"highway","default_image_id":0,"enabled":false},"version":2}},"categories":[15,63],"tags":[],"class_list":{"0":"post-59727","1":"post","2":"type-post","3":"status-publish","4":"format-standard","5":"has-post-thumbnail","7":"category-michoacan","8":"category-politica"},"aioseo_notices":[],"jetpack_publicize_connections":[],"jetpack_featured_media_url":"https:\/\/mediagroup.mx\/wp-content\/uploads\/2024\/12\/IMG-20241130-WA0066-scaled.jpg","jetpack_sharing_enabled":true,"_links":{"self":[{"href":"https:\/\/mediagroup.mx\/index.php\/wp-json\/wp\/v2\/posts\/59727","targetHints":{"allow":["GET"]}}],"collection":[{"href":"https:\/\/mediagroup.mx\/index.php\/wp-json\/wp\/v2\/posts"}],"about":[{"href":"https:\/\/mediagroup.mx\/index.php\/wp-json\/wp\/v2\/types\/post"}],"author":[{"embeddable":true,"href":"https:\/\/mediagroup.mx\/index.php\/wp-json\/wp\/v2\/users\/2"}],"replies":[{"embeddable":true,"href":"https:\/\/mediagroup.mx\/index.php\/wp-json\/wp\/v2\/comments?post=59727"}],"version-history":[{"count":1,"href":"https:\/\/mediagroup.mx\/index.php\/wp-json\/wp\/v2\/posts\/59727\/revisions"}],"predecessor-version":[{"id":59729,"href":"https:\/\/mediagroup.mx\/index.php\/wp-json\/wp\/v2\/posts\/59727\/revisions\/59729"}],"wp:featuredmedia":[{"embeddable":true,"href":"https:\/\/mediagroup.mx\/index.php\/wp-json\/wp\/v2\/media\/59728"}],"wp:attachment":[{"href":"https:\/\/mediagroup.mx\/index.php\/wp-json\/wp\/v2\/media?parent=59727"}],"wp:term":[{"taxonomy":"category","embeddable":true,"href":"https:\/\/mediagroup.mx\/index.php\/wp-json\/wp\/v2\/categories?post=59727"},{"taxonomy":"post_tag","embeddable":true,"href":"https:\/\/mediagroup.mx\/index.php\/wp-json\/wp\/v2\/tags?post=59727"}],"curies":[{"name":"wp","href":"https:\/\/api.w.org\/{rel}","templated":true}]}}