{"id":59745,"date":"2024-11-29T12:40:34","date_gmt":"2024-11-29T18:40:34","guid":{"rendered":"https:\/\/mediagroup.mx\/?p=59745"},"modified":"2024-12-01T12:43:14","modified_gmt":"2024-12-01T18:43:14","slug":"se-amplia-plazo-para-condonar-100-de-multas-y-recargos-en-tramites-vehiculares-navarro-garcia","status":"publish","type":"post","link":"https:\/\/mediagroup.mx\/index.php\/2024\/11\/29\/se-amplia-plazo-para-condonar-100-de-multas-y-recargos-en-tramites-vehiculares-navarro-garcia\/","title":{"rendered":"Se ampl\u00eda plazo para condonar 100 % de multas y recargos en tr\u00e1mites vehiculares: Navarro Garc\u00eda"},"content":{"rendered":"<p>Ante la respuesta y el inter\u00e9s de la ciudadan\u00eda en regularizarse, el Gobierno de Michoac\u00e1n, a trav\u00e9s de la Secretar\u00eda de Finanzas y Administraci\u00f3n, ampliar\u00e1 hasta el viernes 13 de diciembre la condonaci\u00f3n del 100 por ciento en multas y recargos en tr\u00e1mites vehiculares, anunci\u00f3 el titular de la dependencia, Luis Navarro Garc\u00eda, quien dio a conocer que en el periodo del Buen Fin, comprendido del 15 al 29 de noviembre, se registraron alrededor de 100 mil operaciones por un monto superior a 200 millones de pesos.<\/p>\n<p>&nbsp;<\/p>\n<p>Explic\u00f3 que el gobernador Alfredo Ram\u00edrez Bedolla ha respaldado la decisi\u00f3n de extender el programa de condonaci\u00f3n de la totalidad de multas y recargos a quienes adeudan tr\u00e1mites vehiculares, derivado de la promoci\u00f3n oficial del Buen Fin.<\/p>\n<p>&nbsp;<\/p>\n<p>Navarro Garc\u00eda exhort\u00f3 a quienes adeudan refrendos y desean aprovechar la oportunidad de pagar, a hacerlo en l\u00ednea, con lo que ahorrar\u00e1n tiempo y evitar\u00e1n filas, ya que el acceso a la plataforma digital es \u00e1gil, confiable y transparente.<\/p>\n<p>&nbsp;<\/p>\n<p>Con lo anterior, dijo, la gente que debe acudir personalmente a las ventanillas por asuntos como licencias de conducir y otros rubros vehiculares, tendr\u00e1n mayor oportunidad de realizar sus tr\u00e1mites sin exceso de filas.<\/p>\n<p>&nbsp;<\/p>\n<p>Finalmente, Navarro Garc\u00eda invit\u00f3 a la ciudadan\u00eda a regularizar su situaci\u00f3n vehicular, ya sea a trav\u00e9s del medio digital o de forma presencial en las ventanillas establecidas en toda la geograf\u00eda michoacana, lo que repercutir\u00e1 en su tranquilidad y generar\u00e1 recursos p\u00fablicos que se orientar\u00e1n a acciones de impacto social.<\/p>\n<p><img loading=\"lazy\" decoding=\"async\" class=\"alignnone size-medium wp-image-59746\" src=\"https:\/\/mediagroup.mx\/wp-content\/uploads\/2024\/12\/IMG-20241129-WA0064-300x200.jpg\" alt=\"\" width=\"300\" height=\"200\" srcset=\"https:\/\/mediagroup.mx\/wp-content\/uploads\/2024\/12\/IMG-20241129-WA0064-300x200.jpg 300w, https:\/\/mediagroup.mx\/wp-content\/uploads\/2024\/12\/IMG-20241129-WA0064-1024x682.jpg 1024w, https:\/\/mediagroup.mx\/wp-content\/uploads\/2024\/12\/IMG-20241129-WA0064-768x512.jpg 768w, https:\/\/mediagroup.mx\/wp-content\/uploads\/2024\/12\/IMG-20241129-WA0064-1536x1023.jpg 1536w, https:\/\/mediagroup.mx\/wp-content\/uploads\/2024\/12\/IMG-20241129-WA0064-150x100.jpg 150w, https:\/\/mediagroup.mx\/wp-content\/uploads\/2024\/12\/IMG-20241129-WA0064-696x464.jpg 696w, https:\/\/mediagroup.mx\/wp-content\/uploads\/2024\/12\/IMG-20241129-WA0064-1068x712.jpg 1068w, https:\/\/mediagroup.mx\/wp-content\/uploads\/2024\/12\/IMG-20241129-WA0064.jpg 1600w\" sizes=\"auto, (max-width: 300px) 100vw, 300px\" \/><\/p>\n","protected":false},"excerpt":{"rendered":"<p>Ante la respuesta y el inter\u00e9s de la ciudadan\u00eda en regularizarse, el Gobierno de Michoac\u00e1n, a trav\u00e9s de la Secretar\u00eda de Finanzas y Administraci\u00f3n, ampliar\u00e1 hasta el viernes 13 de diciembre la condonaci\u00f3n del 100 por ciento en multas y recargos en tr\u00e1mites vehiculares, anunci\u00f3 el titular de la dependencia, Luis Navarro Garc\u00eda, quien dio [&hellip;]<\/p>\n","protected":false},"author":2,"featured_media":59746,"comment_status":"closed","ping_status":"closed","sticky":false,"template":"","format":"standard","meta":{"om_disable_all_campaigns":false,"_monsterinsights_skip_tracking":false,"_monsterinsights_sitenote_active":false,"_monsterinsights_sitenote_note":"","_monsterinsights_sitenote_category":0,"_uf_show_specific_survey":0,"_uf_disable_surveys":false,"_jetpack_memberships_contains_paid_content":false,"footnotes":"","jetpack_publicize_message":"Se ampl\u00eda plazo para condonar 100 % de multas y recargos en tr\u00e1mites vehiculares: Navarro Garc\u00eda\r\n\r\n\r\n\u2022 Hasta el viernes 13 de diciembre.","jetpack_publicize_feature_enabled":true,"jetpack_social_post_already_shared":true,"jetpack_social_options":{"image_generator_settings":{"template":"highway","default_image_id":0,"enabled":false},"version":2}},"categories":[15,63],"tags":[],"class_list":{"0":"post-59745","1":"post","2":"type-post","3":"status-publish","4":"format-standard","5":"has-post-thumbnail","7":"category-michoacan","8":"category-politica"},"aioseo_notices":[],"jetpack_publicize_connections":[],"jetpack_featured_media_url":"https:\/\/mediagroup.mx\/wp-content\/uploads\/2024\/12\/IMG-20241129-WA0064.jpg","jetpack_sharing_enabled":true,"_links":{"self":[{"href":"https:\/\/mediagroup.mx\/index.php\/wp-json\/wp\/v2\/posts\/59745","targetHints":{"allow":["GET"]}}],"collection":[{"href":"https:\/\/mediagroup.mx\/index.php\/wp-json\/wp\/v2\/posts"}],"about":[{"href":"https:\/\/mediagroup.mx\/index.php\/wp-json\/wp\/v2\/types\/post"}],"author":[{"embeddable":true,"href":"https:\/\/mediagroup.mx\/index.php\/wp-json\/wp\/v2\/users\/2"}],"replies":[{"embeddable":true,"href":"https:\/\/mediagroup.mx\/index.php\/wp-json\/wp\/v2\/comments?post=59745"}],"version-history":[{"count":1,"href":"https:\/\/mediagroup.mx\/index.php\/wp-json\/wp\/v2\/posts\/59745\/revisions"}],"predecessor-version":[{"id":59747,"href":"https:\/\/mediagroup.mx\/index.php\/wp-json\/wp\/v2\/posts\/59745\/revisions\/59747"}],"wp:featuredmedia":[{"embeddable":true,"href":"https:\/\/mediagroup.mx\/index.php\/wp-json\/wp\/v2\/media\/59746"}],"wp:attachment":[{"href":"https:\/\/mediagroup.mx\/index.php\/wp-json\/wp\/v2\/media?parent=59745"}],"wp:term":[{"taxonomy":"category","embeddable":true,"href":"https:\/\/mediagroup.mx\/index.php\/wp-json\/wp\/v2\/categories?post=59745"},{"taxonomy":"post_tag","embeddable":true,"href":"https:\/\/mediagroup.mx\/index.php\/wp-json\/wp\/v2\/tags?post=59745"}],"curies":[{"name":"wp","href":"https:\/\/api.w.org\/{rel}","templated":true}]}}