{"id":59748,"date":"2024-12-01T12:45:44","date_gmt":"2024-12-01T18:45:44","guid":{"rendered":"https:\/\/mediagroup.mx\/?p=59748"},"modified":"2024-12-01T12:45:44","modified_gmt":"2024-12-01T18:45:44","slug":"formara-morena-comites-municipales-que-fortalezcan-el-movimiento-de-transformacion-alexis-velazquez","status":"publish","type":"post","link":"https:\/\/mediagroup.mx\/index.php\/2024\/12\/01\/formara-morena-comites-municipales-que-fortalezcan-el-movimiento-de-transformacion-alexis-velazquez\/","title":{"rendered":"Formar\u00e1 Morena comit\u00e9s municipales que fortalezcan el movimiento de transformaci\u00f3n: Alexis Vel\u00e1zquez"},"content":{"rendered":"<p>El coordinador de alcaldes de Morena en Michoac\u00e1n, Pedro Alexis Vel\u00e1zquez Guzm\u00e1n sostuvo una reuni\u00f3n de trabajo con el reci\u00e9n nombrado dirigente estatal de este partido, Jes\u00fas Mora.<\/p>\n<p>&nbsp;<\/p>\n<p>En el encuentro establecieron la ruta para la conformaci\u00f3n de comit\u00e9s municipales en todo el estado, a fin de fortalecer la afiliaci\u00f3n del partido, como lo establecieron recientemente la presidenta nacional de Morena, Luisa Mar\u00eda Alcalde y la secretaria general, Carolina Rangel.<\/p>\n<p>&nbsp;<\/p>\n<p>\u201cVamos por el segundo piso de la transformaci\u00f3n en Michoac\u00e1n, las puertas de nuestro partido est\u00e1n abiertas para todos y todas que quieran sumar a este movimiento que ha dado tanto para mejorar nuestra naci\u00f3n y nuestro estado\u201d, se\u00f1al\u00f3.<\/p>\n<p>&nbsp;<\/p>\n<p>Como parte de esta labor, explic\u00f3, es necesario regresar a las calles a tocar puerta por puerta y abrir Morena para todo aquel que quiera sumarse, adem\u00e1s indic\u00f3 que esta campa\u00f1a masiva de afiliaci\u00f3n busca sumar a 10 millones de personas en todo el pa\u00eds.<\/p>\n<p>&nbsp;<\/p>\n<p>\u201cRecordemos que el expresidente Andr\u00e9s Manuel L\u00f3pez Obrador demostr\u00f3 que erradicando la corrupci\u00f3n y los privilegios de los gobernantes se puede invertir en el bienestar de la gente y esta ideolog\u00eda seguir\u00e1 viva en nuestro estado, desde los alcaldes de Morena, no solo gobernando bien, sino tambi\u00e9n sumando al crecimiento de nuestro movimiento\u201d, finaliz\u00f3.<\/p>\n<p><img loading=\"lazy\" decoding=\"async\" class=\"alignnone size-medium wp-image-59749\" src=\"https:\/\/mediagroup.mx\/wp-content\/uploads\/2024\/12\/IMG-20241201-WA0020-300x200.jpg\" alt=\"\" width=\"300\" height=\"200\" srcset=\"https:\/\/mediagroup.mx\/wp-content\/uploads\/2024\/12\/IMG-20241201-WA0020-300x200.jpg 300w, https:\/\/mediagroup.mx\/wp-content\/uploads\/2024\/12\/IMG-20241201-WA0020-1024x683.jpg 1024w, https:\/\/mediagroup.mx\/wp-content\/uploads\/2024\/12\/IMG-20241201-WA0020-768x512.jpg 768w, https:\/\/mediagroup.mx\/wp-content\/uploads\/2024\/12\/IMG-20241201-WA0020-1536x1024.jpg 1536w, https:\/\/mediagroup.mx\/wp-content\/uploads\/2024\/12\/IMG-20241201-WA0020-2048x1366.jpg 2048w, https:\/\/mediagroup.mx\/wp-content\/uploads\/2024\/12\/IMG-20241201-WA0020-150x100.jpg 150w, https:\/\/mediagroup.mx\/wp-content\/uploads\/2024\/12\/IMG-20241201-WA0020-696x464.jpg 696w, https:\/\/mediagroup.mx\/wp-content\/uploads\/2024\/12\/IMG-20241201-WA0020-1068x712.jpg 1068w, https:\/\/mediagroup.mx\/wp-content\/uploads\/2024\/12\/IMG-20241201-WA0020-1920x1280.jpg 1920w\" sizes=\"auto, (max-width: 300px) 100vw, 300px\" \/><\/p>\n","protected":false},"excerpt":{"rendered":"<p>El coordinador de alcaldes de Morena en Michoac\u00e1n, Pedro Alexis Vel\u00e1zquez Guzm\u00e1n sostuvo una reuni\u00f3n de trabajo con el reci\u00e9n nombrado dirigente estatal de este partido, Jes\u00fas Mora. &nbsp; En el encuentro establecieron la ruta para la conformaci\u00f3n de comit\u00e9s municipales en todo el estado, a fin de fortalecer la afiliaci\u00f3n del partido, como lo [&hellip;]<\/p>\n","protected":false},"author":2,"featured_media":59749,"comment_status":"closed","ping_status":"closed","sticky":false,"template":"","format":"standard","meta":{"om_disable_all_campaigns":false,"_monsterinsights_skip_tracking":false,"_monsterinsights_sitenote_active":false,"_monsterinsights_sitenote_note":"","_monsterinsights_sitenote_category":0,"_uf_show_specific_survey":0,"_uf_disable_surveys":false,"_jetpack_memberships_contains_paid_content":false,"footnotes":"","jetpack_publicize_message":"Formar\u00e1 Morena comit\u00e9s municipales que fortalezcan el movimiento de transformaci\u00f3n: Alexis Vel\u00e1zquez\r\n\r\n\u2022Vamos por el segundo piso de la transformaci\u00f3n en Michoac\u00e1n, asegura el coordinador de alcaldes de Morena en la entidad","jetpack_publicize_feature_enabled":true,"jetpack_social_post_already_shared":true,"jetpack_social_options":{"image_generator_settings":{"template":"highway","default_image_id":0,"enabled":false},"version":2}},"categories":[15,63],"tags":[],"class_list":{"0":"post-59748","1":"post","2":"type-post","3":"status-publish","4":"format-standard","5":"has-post-thumbnail","7":"category-michoacan","8":"category-politica"},"aioseo_notices":[],"jetpack_publicize_connections":[],"jetpack_featured_media_url":"https:\/\/mediagroup.mx\/wp-content\/uploads\/2024\/12\/IMG-20241201-WA0020-scaled.jpg","jetpack_sharing_enabled":true,"_links":{"self":[{"href":"https:\/\/mediagroup.mx\/index.php\/wp-json\/wp\/v2\/posts\/59748","targetHints":{"allow":["GET"]}}],"collection":[{"href":"https:\/\/mediagroup.mx\/index.php\/wp-json\/wp\/v2\/posts"}],"about":[{"href":"https:\/\/mediagroup.mx\/index.php\/wp-json\/wp\/v2\/types\/post"}],"author":[{"embeddable":true,"href":"https:\/\/mediagroup.mx\/index.php\/wp-json\/wp\/v2\/users\/2"}],"replies":[{"embeddable":true,"href":"https:\/\/mediagroup.mx\/index.php\/wp-json\/wp\/v2\/comments?post=59748"}],"version-history":[{"count":1,"href":"https:\/\/mediagroup.mx\/index.php\/wp-json\/wp\/v2\/posts\/59748\/revisions"}],"predecessor-version":[{"id":59750,"href":"https:\/\/mediagroup.mx\/index.php\/wp-json\/wp\/v2\/posts\/59748\/revisions\/59750"}],"wp:featuredmedia":[{"embeddable":true,"href":"https:\/\/mediagroup.mx\/index.php\/wp-json\/wp\/v2\/media\/59749"}],"wp:attachment":[{"href":"https:\/\/mediagroup.mx\/index.php\/wp-json\/wp\/v2\/media?parent=59748"}],"wp:term":[{"taxonomy":"category","embeddable":true,"href":"https:\/\/mediagroup.mx\/index.php\/wp-json\/wp\/v2\/categories?post=59748"},{"taxonomy":"post_tag","embeddable":true,"href":"https:\/\/mediagroup.mx\/index.php\/wp-json\/wp\/v2\/tags?post=59748"}],"curies":[{"name":"wp","href":"https:\/\/api.w.org\/{rel}","templated":true}]}}