{"id":61778,"date":"2025-01-21T15:18:22","date_gmt":"2025-01-21T21:18:22","guid":{"rendered":"https:\/\/mediagroup.mx\/?p=61778"},"modified":"2025-01-21T15:18:22","modified_gmt":"2025-01-21T21:18:22","slug":"la-polemica-por-un-gesto-de-elon-musk-durante-su-discurso-para-celebrar-la-toma-de-posesion-de-trump","status":"publish","type":"post","link":"https:\/\/mediagroup.mx\/index.php\/2025\/01\/21\/la-polemica-por-un-gesto-de-elon-musk-durante-su-discurso-para-celebrar-la-toma-de-posesion-de-trump\/","title":{"rendered":"La pol\u00e9mica por un gesto de Elon Musk durante su discurso para celebrar la toma de posesi\u00f3n de Trump"},"content":{"rendered":"<div class=\"bbc-19j92fr ebmt73l0\" dir=\"ltr\">\n<p class=\"bbc-hhl7in e17g058b0\" dir=\"ltr\" style=\"text-align: justify;\"><b>Elon Musk ha causado indignaci\u00f3n por un gesto alzando su brazo que hizo durante un discurso celebrando la investidura de Donald Trump.<\/b><\/p>\n<\/div>\n<div class=\"bbc-19j92fr ebmt73l0\" dir=\"ltr\" style=\"text-align: justify;\">\n<p class=\"bbc-hhl7in e17g058b0\" dir=\"ltr\">Musk agradeci\u00f3 a la multitud por \u00abhacerlo posible\u00bb, antes de colocar su mano derecha sobre su coraz\u00f3n y luego extender el mismo brazo hacia el aire justo frente a \u00e9l. Luego se dio la vuelta y repiti\u00f3 la acci\u00f3n para los que estaban sentados detr\u00e1s de \u00e9l.<\/p>\n<\/div>\n<div class=\"bbc-19j92fr ebmt73l0\" dir=\"ltr\" style=\"text-align: justify;\">\n<p class=\"bbc-hhl7in e17g058b0\" dir=\"ltr\">Muchos en X, la plataforma de redes sociales de la que es due\u00f1o, han comparado el gesto con un saludo nazi.<\/p>\n<\/div>\n<div class=\"bbc-19j92fr ebmt73l0\" dir=\"ltr\">\n<p class=\"bbc-hhl7in e17g058b0\" dir=\"ltr\" style=\"text-align: justify;\">En respuesta, Musk public\u00f3 en X: \u00abFrancamente, necesitan mejores trucos sucios. El ataque de &#8216;todos son Hitler&#8217; ya cansa\u00bb.<\/p>\n<div class=\"bbc-19j92fr ebmt73l0\" dir=\"ltr\" style=\"text-align: justify;\">\n<p class=\"bbc-hhl7in e17g058b0\" dir=\"ltr\">Musk, el hombre m\u00e1s rico del mundo y un aliado cercano del presidente Trump, estaba hablando en el Capital One Arena en Washington DC cuando hizo el gesto.<\/p>\n<\/div>\n<div class=\"bbc-19j92fr ebmt73l0\" dir=\"ltr\" style=\"text-align: justify;\">\n<p class=\"bbc-hhl7in e17g058b0\" dir=\"ltr\">\u00abMi coraz\u00f3n est\u00e1 con ustedes. Gracias a ustedes el futuro de la civilizaci\u00f3n est\u00e1 asegurado\u00bb, dijo el empresario de 53 a\u00f1os, despu\u00e9s de realizar el segundo saludo con su brazo.<\/p>\n<\/div>\n<div class=\"bbc-19j92fr ebmt73l0\" dir=\"ltr\" style=\"text-align: justify;\">\n<p class=\"bbc-hhl7in e17g058b0\" dir=\"ltr\">La reacci\u00f3n negativa en las redes fue inmediata.<\/p>\n<\/div>\n<div class=\"bbc-19j92fr ebmt73l0\" dir=\"ltr\" style=\"text-align: justify;\">\n<p class=\"bbc-hhl7in e17g058b0\" dir=\"ltr\">Claire Aubin, historiadora especializada en el nazismo en Estados Unidos, dijo que el gesto de Musk fue un \u00abSieg heil\u00bb o saludo nazi.<\/p>\n<\/div>\n<div class=\"bbc-19j92fr ebmt73l0\" dir=\"ltr\" style=\"text-align: justify;\">\n<p class=\"bbc-hhl7in e17g058b0\" dir=\"ltr\">\u00abMi opini\u00f3n profesional es que todos ustedes tienen raz\u00f3n, deben creer lo que vieron sus ojos\u00bb, public\u00f3 en X, en referencia a aquellos que dec\u00edan no poder creer que aquello que hab\u00edan visto era una referencia abierta a los nazis.<\/p>\n<\/div>\n<div class=\"bbc-19j92fr ebmt73l0\" dir=\"ltr\" style=\"text-align: justify;\">\n<p class=\"bbc-hhl7in e17g058b0\" dir=\"ltr\">Ruth Ben-Ghiat, profesora de historia de la Universidad de Nueva York, afirm\u00f3: \u00abSoy una historiadora del fascismo. Fue un saludo nazi y muy beligerante\u00bb.<\/p>\n<\/div>\n<div class=\"bbc-19j92fr ebmt73l0\" dir=\"ltr\" style=\"text-align: justify;\">\n<h2 id=\"Saludo-romano\" class=\"bbc-1lgzob2 eglt09e0\" tabindex=\"-1\">\u00abSaludo romano\u00bb<\/h2>\n<\/div>\n<div class=\"bbc-19j92fr ebmt73l0\" dir=\"ltr\" style=\"text-align: justify;\">\n<p class=\"bbc-hhl7in e17g058b0\" dir=\"ltr\">Los medios italianos informaron que Andrea Stroppa, un confidente cercano de Musk que lo ha conectado con la primera ministra italiana de extrema derecha Giorgia Meloni, public\u00f3 el clip de Musk con la leyenda: \u00abEl Imperio Romano ha vuelto, comenzando con el saludo romano\u00bb.<\/p>\n<\/div>\n<div class=\"bbc-19j92fr ebmt73l0\" dir=\"ltr\" style=\"text-align: justify;\">\n<p class=\"bbc-hhl7in e17g058b0\" dir=\"ltr\">El saludo romano fue ampliamente utilizado en Italia por el partido fascista de Benito Mussolini, antes de ser adoptado m\u00e1s tarde por Adolf Hitler en Alemania.<\/p>\n<\/div>\n<div class=\"bbc-19j92fr ebmt73l0\" dir=\"ltr\" style=\"text-align: justify;\">\n<p class=\"bbc-hhl7in e17g058b0\" dir=\"ltr\">Stroppa borr\u00f3 posteriormente su publicaci\u00f3n, seg\u00fan informaron los medios italianos. M\u00e1s tarde public\u00f3 que \u00abese gesto, que algunos confundieron con un saludo nazi, es simplemente Elon, que tiene autismo, expresando sus sentimientos diciendo: &#8216;Quiero darte mi coraz\u00f3n'\u00bb, afirm\u00f3.<\/p>\n<\/div>\n<div class=\"bbc-19j92fr ebmt73l0\" dir=\"ltr\" style=\"text-align: justify;\">\n<p class=\"bbc-hhl7in e17g058b0\" dir=\"ltr\">\u00abEso es exactamente lo que comunic\u00f3 a trav\u00e9s del micr\u00f3fono. \u00a1A ELON NO LE GUSTAN LOS EXTREMISTAS!\u00bb.<\/p>\n<\/div>\n<div class=\"bbc-19j92fr ebmt73l0\" dir=\"ltr\" style=\"text-align: justify;\">\n<p class=\"bbc-hhl7in e17g058b0\" dir=\"ltr\">El gesto se produce en un momento en que la pol\u00edtica de Musk se ha ido orientando cada vez m\u00e1s hacia la derecha. Recientemente, ha hecho declaraciones en apoyo del partido ultraderechista AfD de Alemania y del partido brit\u00e1nico antiinmigraci\u00f3n Reform UK.<\/p>\n<\/div>\n<div class=\"bbc-19j92fr ebmt73l0\" dir=\"ltr\" style=\"text-align: justify;\">\n<p class=\"bbc-hhl7in e17g058b0\" dir=\"ltr\">Pero algunos lo han defendido, incluida la Liga Antidifamaci\u00f3n, una organizaci\u00f3n fundada para combatir el antisemitismo.<\/p>\n<\/div>\n<div class=\"bbc-19j92fr ebmt73l0\" dir=\"ltr\" style=\"text-align: justify;\">\n<p class=\"bbc-hhl7in e17g058b0\" dir=\"ltr\">\u00abParece que Elon Musk hizo un gesto inc\u00f3modo en un momento de entusiasmo, no un saludo nazi\u00bb, public\u00f3 el grupo en X.<\/p>\n<\/div>\n<div class=\"bbc-19j92fr ebmt73l0\" dir=\"ltr\">\n<p class=\"bbc-hhl7in e17g058b0\" dir=\"ltr\" style=\"text-align: justify;\">Musk se ha convertido en uno de los aliados m\u00e1s cercanos de Trump y ha sido elegido para codirigir lo que el presidente ha denominado el Departamento de Eficiencia Gubernamental (DOGE, por sus siglas en ingl\u00e9s).<\/p>\n<p dir=\"ltr\"><img loading=\"lazy\" decoding=\"async\" class=\"alignnone size-medium wp-image-61779\" src=\"https:\/\/mediagroup.mx\/wp-content\/uploads\/2025\/01\/Captura-de-pantalla-2025-01-21-a-las-15.16.52-300x169.png\" alt=\"\" width=\"300\" height=\"169\" srcset=\"https:\/\/mediagroup.mx\/wp-content\/uploads\/2025\/01\/Captura-de-pantalla-2025-01-21-a-las-15.16.52-300x169.png 300w, https:\/\/mediagroup.mx\/wp-content\/uploads\/2025\/01\/Captura-de-pantalla-2025-01-21-a-las-15.16.52-150x85.png 150w, https:\/\/mediagroup.mx\/wp-content\/uploads\/2025\/01\/Captura-de-pantalla-2025-01-21-a-las-15.16.52.png 636w\" sizes=\"auto, (max-width: 300px) 100vw, 300px\" \/><\/p>\n<p dir=\"ltr\">V\u00eda: BBC<\/p>\n<\/div>\n<\/div>\n","protected":false},"excerpt":{"rendered":"<p>Elon Musk ha causado indignaci\u00f3n por un gesto alzando su brazo que hizo durante un discurso celebrando la investidura de Donald Trump. Musk agradeci\u00f3 a la multitud por \u00abhacerlo posible\u00bb, antes de colocar su mano derecha sobre su coraz\u00f3n y luego extender el mismo brazo hacia el aire justo frente a \u00e9l. Luego se dio [&hellip;]<\/p>\n","protected":false},"author":2,"featured_media":61779,"comment_status":"closed","ping_status":"closed","sticky":false,"template":"","format":"standard","meta":{"om_disable_all_campaigns":false,"_monsterinsights_skip_tracking":false,"_monsterinsights_sitenote_active":false,"_monsterinsights_sitenote_note":"","_monsterinsights_sitenote_category":0,"_uf_show_specific_survey":0,"_uf_disable_surveys":false,"_jetpack_memberships_contains_paid_content":false,"footnotes":"","jetpack_publicize_message":"#Viral La pol\u00e9mica por un gesto de Elon Musk durante su discurso para celebrar la toma de posesi\u00f3n de Trump","jetpack_publicize_feature_enabled":true,"jetpack_social_post_already_shared":true,"jetpack_social_options":{"image_generator_settings":{"template":"highway","default_image_id":0,"enabled":false},"version":2}},"categories":[16],"tags":[],"class_list":{"0":"post-61778","1":"post","2":"type-post","3":"status-publish","4":"format-standard","5":"has-post-thumbnail","7":"category-viral"},"aioseo_notices":[],"jetpack_publicize_connections":[],"jetpack_featured_media_url":"https:\/\/mediagroup.mx\/wp-content\/uploads\/2025\/01\/Captura-de-pantalla-2025-01-21-a-las-15.16.52.png","jetpack_sharing_enabled":true,"_links":{"self":[{"href":"https:\/\/mediagroup.mx\/index.php\/wp-json\/wp\/v2\/posts\/61778","targetHints":{"allow":["GET"]}}],"collection":[{"href":"https:\/\/mediagroup.mx\/index.php\/wp-json\/wp\/v2\/posts"}],"about":[{"href":"https:\/\/mediagroup.mx\/index.php\/wp-json\/wp\/v2\/types\/post"}],"author":[{"embeddable":true,"href":"https:\/\/mediagroup.mx\/index.php\/wp-json\/wp\/v2\/users\/2"}],"replies":[{"embeddable":true,"href":"https:\/\/mediagroup.mx\/index.php\/wp-json\/wp\/v2\/comments?post=61778"}],"version-history":[{"count":1,"href":"https:\/\/mediagroup.mx\/index.php\/wp-json\/wp\/v2\/posts\/61778\/revisions"}],"predecessor-version":[{"id":61780,"href":"https:\/\/mediagroup.mx\/index.php\/wp-json\/wp\/v2\/posts\/61778\/revisions\/61780"}],"wp:featuredmedia":[{"embeddable":true,"href":"https:\/\/mediagroup.mx\/index.php\/wp-json\/wp\/v2\/media\/61779"}],"wp:attachment":[{"href":"https:\/\/mediagroup.mx\/index.php\/wp-json\/wp\/v2\/media?parent=61778"}],"wp:term":[{"taxonomy":"category","embeddable":true,"href":"https:\/\/mediagroup.mx\/index.php\/wp-json\/wp\/v2\/categories?post=61778"},{"taxonomy":"post_tag","embeddable":true,"href":"https:\/\/mediagroup.mx\/index.php\/wp-json\/wp\/v2\/tags?post=61778"}],"curies":[{"name":"wp","href":"https:\/\/api.w.org\/{rel}","templated":true}]}}