{"id":61787,"date":"2025-01-21T16:27:25","date_gmt":"2025-01-21T22:27:25","guid":{"rendered":"https:\/\/mediagroup.mx\/?p=61787"},"modified":"2025-01-21T16:27:25","modified_gmt":"2025-01-21T22:27:25","slug":"fuerte-impulso-a-la-difusion-de-la-cultura-en-administracion-de-yarabi-avila-cerca-de-370-mil-asistentes","status":"publish","type":"post","link":"https:\/\/mediagroup.mx\/index.php\/2025\/01\/21\/fuerte-impulso-a-la-difusion-de-la-cultura-en-administracion-de-yarabi-avila-cerca-de-370-mil-asistentes\/","title":{"rendered":"Fuerte impulso a la difusi\u00f3n de la cultura en administraci\u00f3n de Yarab\u00ed \u00c1vila; cerca de 370 mil asistentes"},"content":{"rendered":"<p>Morelia, Michoac\u00e1n, a 21 de enero de 2025.- Un alcance de cerca de 370 mil asistentes a m\u00e1s de cinco mil actividades culturales, art\u00edsticas y deportivas, se ha registrado durante el segundo a\u00f1o de actividades de la administraci\u00f3n de la rectora de la Universidad Michoacana de San Nicol\u00e1s de Hidalgo (UMSNH), Yarab\u00ed \u00c1vila Gonz\u00e1lez.<\/p>\n<p>Lo anterior, fue dado a conocer por el secretario de Difusi\u00f3n Cultural y Extensi\u00f3n Universitaria, Miguel \u00c1ngel Villa \u00c1lvarez, quien se\u00f1al\u00f3 que con relaci\u00f3n al a\u00f1o pasado se ha tenido un crecimiento cuantitativo, pero sobre todo cualitativo, \u201cporque nos ha permitido trabajar en campos que fortalecen el sentido de identidad, de permanencia, de arraigo y para ello vemos justamente como los eventos han permitido tener un mayor acercamiento entre toda la comunidad\u201d.<\/p>\n<p>Apunt\u00f3 que se destacan acciones como la emisi\u00f3n de nueve convocatorias con distintos enfoques, as\u00ed como conciertos, representaciones esc\u00e9nicas, exposiciones en espacios fijos y exposiciones itinerantes, transmisiones en vivo a trav\u00e9s de radio y televisi\u00f3n nicolaita, adem\u00e1s de la labor que se realiza desde la Librer\u00eda y la Editorial univesitaria.<\/p>\n<p>El funcionario enfatiz\u00f3 que en esta administraci\u00f3n el imperativo categ\u00f3rico ha sido el trabajo, \u00abpero no el trabajo de una persona, el trabajo de todas y de todos, gracias a la disposici\u00f3n y a la voluntad de cada uno desde el espacio que nos corresponde hemos contribuido desde la Secretar\u00eda de Difusi\u00f3n Cultural a la generaci\u00f3n y el acceso a los derechos culturales y la formaci\u00f3n integral a trav\u00e9s del arte, la cultura y por supuesto del deporte\u201d.<\/p>\n<p>Este a\u00f1o, dijo, nos hemos propuesto salir a la calle, queremos estar en las calles de la ciudad, pero tambi\u00e9n queremos estar en las comunidades y en los municipios del estado, \u201cpara que todo lo que se genere en la Universidad Michoacana en t\u00e9rminos intelectuales, art\u00edsticos y culturales est\u00e9n compartidos con la sociedad michoacana\u201d.<\/p>\n<p><img loading=\"lazy\" decoding=\"async\" class=\"alignnone size-medium wp-image-61788\" src=\"https:\/\/mediagroup.mx\/wp-content\/uploads\/2025\/01\/WhatsApp-Image-2025-01-21-at-3.10.46-PM-1-300x203.jpeg\" alt=\"\" width=\"300\" height=\"203\" srcset=\"https:\/\/mediagroup.mx\/wp-content\/uploads\/2025\/01\/WhatsApp-Image-2025-01-21-at-3.10.46-PM-1-300x203.jpeg 300w, https:\/\/mediagroup.mx\/wp-content\/uploads\/2025\/01\/WhatsApp-Image-2025-01-21-at-3.10.46-PM-1-1024x693.jpeg 1024w, https:\/\/mediagroup.mx\/wp-content\/uploads\/2025\/01\/WhatsApp-Image-2025-01-21-at-3.10.46-PM-1-768x520.jpeg 768w, https:\/\/mediagroup.mx\/wp-content\/uploads\/2025\/01\/WhatsApp-Image-2025-01-21-at-3.10.46-PM-1-150x101.jpeg 150w, https:\/\/mediagroup.mx\/wp-content\/uploads\/2025\/01\/WhatsApp-Image-2025-01-21-at-3.10.46-PM-1-696x471.jpeg 696w, https:\/\/mediagroup.mx\/wp-content\/uploads\/2025\/01\/WhatsApp-Image-2025-01-21-at-3.10.46-PM-1-1068x723.jpeg 1068w, https:\/\/mediagroup.mx\/wp-content\/uploads\/2025\/01\/WhatsApp-Image-2025-01-21-at-3.10.46-PM-1.jpeg 1280w\" sizes=\"auto, (max-width: 300px) 100vw, 300px\" \/> <img loading=\"lazy\" decoding=\"async\" class=\"alignnone size-medium wp-image-61789\" src=\"https:\/\/mediagroup.mx\/wp-content\/uploads\/2025\/01\/WhatsApp-Image-2025-01-21-at-3.10.46-PM-300x206.jpeg\" alt=\"\" width=\"300\" height=\"206\" srcset=\"https:\/\/mediagroup.mx\/wp-content\/uploads\/2025\/01\/WhatsApp-Image-2025-01-21-at-3.10.46-PM-300x206.jpeg 300w, https:\/\/mediagroup.mx\/wp-content\/uploads\/2025\/01\/WhatsApp-Image-2025-01-21-at-3.10.46-PM-1024x704.jpeg 1024w, https:\/\/mediagroup.mx\/wp-content\/uploads\/2025\/01\/WhatsApp-Image-2025-01-21-at-3.10.46-PM-768x528.jpeg 768w, https:\/\/mediagroup.mx\/wp-content\/uploads\/2025\/01\/WhatsApp-Image-2025-01-21-at-3.10.46-PM-1536x1056.jpeg 1536w, https:\/\/mediagroup.mx\/wp-content\/uploads\/2025\/01\/WhatsApp-Image-2025-01-21-at-3.10.46-PM-150x103.jpeg 150w, https:\/\/mediagroup.mx\/wp-content\/uploads\/2025\/01\/WhatsApp-Image-2025-01-21-at-3.10.46-PM-218x150.jpeg 218w, https:\/\/mediagroup.mx\/wp-content\/uploads\/2025\/01\/WhatsApp-Image-2025-01-21-at-3.10.46-PM-696x479.jpeg 696w, https:\/\/mediagroup.mx\/wp-content\/uploads\/2025\/01\/WhatsApp-Image-2025-01-21-at-3.10.46-PM-1068x734.jpeg 1068w, https:\/\/mediagroup.mx\/wp-content\/uploads\/2025\/01\/WhatsApp-Image-2025-01-21-at-3.10.46-PM.jpeg 1600w\" sizes=\"auto, (max-width: 300px) 100vw, 300px\" \/><\/p>\n","protected":false},"excerpt":{"rendered":"<p>Morelia, Michoac\u00e1n, a 21 de enero de 2025.- Un alcance de cerca de 370 mil asistentes a m\u00e1s de cinco mil actividades culturales, art\u00edsticas y deportivas, se ha registrado durante el segundo a\u00f1o de actividades de la administraci\u00f3n de la rectora de la Universidad Michoacana de San Nicol\u00e1s de Hidalgo (UMSNH), Yarab\u00ed \u00c1vila Gonz\u00e1lez. Lo [&hellip;]<\/p>\n","protected":false},"author":2,"featured_media":61789,"comment_status":"closed","ping_status":"closed","sticky":false,"template":"","format":"standard","meta":{"om_disable_all_campaigns":false,"_monsterinsights_skip_tracking":false,"_monsterinsights_sitenote_active":false,"_monsterinsights_sitenote_note":"","_monsterinsights_sitenote_category":0,"_uf_show_specific_survey":0,"_uf_disable_surveys":false,"_jetpack_memberships_contains_paid_content":false,"footnotes":"","jetpack_publicize_message":"Fuerte impulso a la difusi\u00f3n de la cultura en administraci\u00f3n de Yarab\u00ed \u00c1vila; cerca de 370 mil asistentes\r\n\r\n\u00b7 Durante el segundo a\u00f1o del actual Rectorado, se han realizado m\u00e1s de cinco mil actividades en este rubro.","jetpack_publicize_feature_enabled":true,"jetpack_social_post_already_shared":true,"jetpack_social_options":{"image_generator_settings":{"template":"highway","default_image_id":0,"enabled":false},"version":2}},"categories":[25,22],"tags":[],"class_list":{"0":"post-61787","1":"post","2":"type-post","3":"status-publish","4":"format-standard","5":"has-post-thumbnail","7":"category-cultura","8":"category-educacion"},"aioseo_notices":[],"jetpack_publicize_connections":[],"jetpack_featured_media_url":"https:\/\/mediagroup.mx\/wp-content\/uploads\/2025\/01\/WhatsApp-Image-2025-01-21-at-3.10.46-PM.jpeg","jetpack_sharing_enabled":true,"_links":{"self":[{"href":"https:\/\/mediagroup.mx\/index.php\/wp-json\/wp\/v2\/posts\/61787","targetHints":{"allow":["GET"]}}],"collection":[{"href":"https:\/\/mediagroup.mx\/index.php\/wp-json\/wp\/v2\/posts"}],"about":[{"href":"https:\/\/mediagroup.mx\/index.php\/wp-json\/wp\/v2\/types\/post"}],"author":[{"embeddable":true,"href":"https:\/\/mediagroup.mx\/index.php\/wp-json\/wp\/v2\/users\/2"}],"replies":[{"embeddable":true,"href":"https:\/\/mediagroup.mx\/index.php\/wp-json\/wp\/v2\/comments?post=61787"}],"version-history":[{"count":1,"href":"https:\/\/mediagroup.mx\/index.php\/wp-json\/wp\/v2\/posts\/61787\/revisions"}],"predecessor-version":[{"id":61790,"href":"https:\/\/mediagroup.mx\/index.php\/wp-json\/wp\/v2\/posts\/61787\/revisions\/61790"}],"wp:featuredmedia":[{"embeddable":true,"href":"https:\/\/mediagroup.mx\/index.php\/wp-json\/wp\/v2\/media\/61789"}],"wp:attachment":[{"href":"https:\/\/mediagroup.mx\/index.php\/wp-json\/wp\/v2\/media?parent=61787"}],"wp:term":[{"taxonomy":"category","embeddable":true,"href":"https:\/\/mediagroup.mx\/index.php\/wp-json\/wp\/v2\/categories?post=61787"},{"taxonomy":"post_tag","embeddable":true,"href":"https:\/\/mediagroup.mx\/index.php\/wp-json\/wp\/v2\/tags?post=61787"}],"curies":[{"name":"wp","href":"https:\/\/api.w.org\/{rel}","templated":true}]}}