{"id":61930,"date":"2025-01-24T22:14:23","date_gmt":"2025-01-25T04:14:23","guid":{"rendered":"https:\/\/mediagroup.mx\/?p=61930"},"modified":"2025-01-25T22:17:08","modified_gmt":"2025-01-26T04:17:08","slug":"yarabi-avila-se-reune-con-integrantes-de-concejo-mayor-de-gobierno-de-cheran-acuerdan-colaboracion","status":"publish","type":"post","link":"https:\/\/mediagroup.mx\/index.php\/2025\/01\/24\/yarabi-avila-se-reune-con-integrantes-de-concejo-mayor-de-gobierno-de-cheran-acuerdan-colaboracion\/","title":{"rendered":"Yarab\u00ed \u00c1vila se re\u00fane con integrantes de Concejo Mayor de Gobierno de Cher\u00e1n; acuerdan colaboraci\u00f3n"},"content":{"rendered":"<p>Morelia, Michoac\u00e1n, a 24 de enero de 2025.- La Universidad Michoacana de San Nicol\u00e1s de Hidalgo (UMSNH) y el Concejo Mayor de Gobierno Comunal de Cher\u00e1n acordaron fortalecer la vinculaci\u00f3n en el \u00e1mbito acad\u00e9mico, cultural y deportivo, tras la reuni\u00f3n sostenida entre la rectora Yarab\u00ed \u00c1vila Gonz\u00e1lez y autoridades de dicho municipio.<\/p>\n<p>\u201cTengan la libertad de tocar esta puerta y de que podamos trabajar con toda honestidad, creo que podemos hacer mucho\u201d, manifest\u00f3 la rectora ante la y los integrantes del Concejo.<\/p>\n<p>Durante el encuentro se abordaron diversos temas, entre ellos, la posibilidad de un convenio de colaboraci\u00f3n en materia de servicio social y pr\u00e1cticas profesionales, la difusi\u00f3n de la oferta educativa que ofrece la UMSNH en las comunidades, as\u00ed como el intercambio cultural, por mencionar algunos.<\/p>\n<p>En este marco, acompa\u00f1ada de funcionarios nicolaitas, la rectora Yarab\u00ed \u00c1vila comparti\u00f3 la disposici\u00f3n de sumar con el Concejo Mayor, tras se\u00f1alar que es necesario buscar todas las alternativas para que las y los j\u00f3venes del municipio sigan estudiando.<\/p>\n<p>De igual forma, se pronunci\u00f3 porque el convenio que se pueda suscribir no solamente considere el servicio social, sino que se ampl\u00ede en favor de las comunidades. \u201cIncluso un intercambio cultural, la parte que ustedes son expertos, generar el respeto que se merecen los pueblos originarios a trav\u00e9s de la Universidad Michoacana\u201d.<\/p>\n<p>\u00c1vila Gonz\u00e1lez coment\u00f3 que incluso se podr\u00edan realizar jornadas de atenci\u00f3n odontol\u00f3gica, acciones de difusi\u00f3n de los programas educativos de la UMSNH dirigidas a los estudiantes del municipio, pl\u00e1ticas en temas relacionados con temas de salud, inclusi\u00f3n, Derechos Humanos, entre otros, as\u00ed como colaboraciones a trav\u00e9s de Radio Nicolaita, por mencionar algunos puntos.<\/p>\n<p>Ante la propuesta de pintar un mural en Ciudad Universitaria por parte de j\u00f3venes originarios de Cher\u00e1n, la rectora mostr\u00f3 toda la disposici\u00f3n para que se lleve a cabo esta obra.<\/p>\n<p>Por su parte, Francisco Rosas Tomas, integrante del Concejo Mayor de Gobierno Comunal de Cher\u00e1n, reconoci\u00f3 la apertura de la autoridad nicolaita en esta reuni\u00f3n, al referir que fue un encuentro muy productivo en el que se abordaron diversos planteamientos.<\/p>\n<p>\u201cUna de las mayores satisfacciones de esta pl\u00e1tica que hemos tenido es que se abri\u00f3 esta la posibilidad de hacer trabajo en muchos aspectos, pero particularmente en el acad\u00e9mico, cultural, e incluso hasta ofrecernos las instalaciones para traer a los muchachos de la comunidad\u201d.<\/p>\n<p>Consider\u00f3 que la colaboraci\u00f3n entre la UMSNH y el Concejo es importante, al referir que en la \u00faltima d\u00e9cada se ha detectado que los j\u00f3venes de Cher\u00e1n lejos de pensar en migrar a los Estados Unidos le han apostado m\u00e1s bien a la profesionalizaci\u00f3n, \u201cy en ese sentido la Universidad siempre ha sido una luz que ilumina el camino de estos estudiantes que desean hacer escuela\u201d.<\/p>\n<p>Rosas Tomas indic\u00f3 que la rectora Yarab\u00ed \u00c1vila ha mostrado apertura y sensibilidad con las necesidades de las comunidades y en este caso espec\u00edficamente con el pueblo de Cher\u00e1n.<br \/>\n<img loading=\"lazy\" decoding=\"async\" class=\"alignnone size-medium wp-image-61931\" src=\"https:\/\/mediagroup.mx\/wp-content\/uploads\/2025\/01\/417e6cd7-7fd8-41dd-b829-4ff65c23c1fd-300x200.jpeg\" alt=\"\" width=\"300\" height=\"200\" srcset=\"https:\/\/mediagroup.mx\/wp-content\/uploads\/2025\/01\/417e6cd7-7fd8-41dd-b829-4ff65c23c1fd-300x200.jpeg 300w, https:\/\/mediagroup.mx\/wp-content\/uploads\/2025\/01\/417e6cd7-7fd8-41dd-b829-4ff65c23c1fd-1024x682.jpeg 1024w, https:\/\/mediagroup.mx\/wp-content\/uploads\/2025\/01\/417e6cd7-7fd8-41dd-b829-4ff65c23c1fd-768x512.jpeg 768w, https:\/\/mediagroup.mx\/wp-content\/uploads\/2025\/01\/417e6cd7-7fd8-41dd-b829-4ff65c23c1fd-1536x1024.jpeg 1536w, https:\/\/mediagroup.mx\/wp-content\/uploads\/2025\/01\/417e6cd7-7fd8-41dd-b829-4ff65c23c1fd-2048x1365.jpeg 2048w, https:\/\/mediagroup.mx\/wp-content\/uploads\/2025\/01\/417e6cd7-7fd8-41dd-b829-4ff65c23c1fd-150x100.jpeg 150w, https:\/\/mediagroup.mx\/wp-content\/uploads\/2025\/01\/417e6cd7-7fd8-41dd-b829-4ff65c23c1fd-696x464.jpeg 696w, https:\/\/mediagroup.mx\/wp-content\/uploads\/2025\/01\/417e6cd7-7fd8-41dd-b829-4ff65c23c1fd-1068x712.jpeg 1068w, https:\/\/mediagroup.mx\/wp-content\/uploads\/2025\/01\/417e6cd7-7fd8-41dd-b829-4ff65c23c1fd-1920x1280.jpeg 1920w\" sizes=\"auto, (max-width: 300px) 100vw, 300px\" \/><\/p>\n","protected":false},"excerpt":{"rendered":"<p>Morelia, Michoac\u00e1n, a 24 de enero de 2025.- La Universidad Michoacana de San Nicol\u00e1s de Hidalgo (UMSNH) y el Concejo Mayor de Gobierno Comunal de Cher\u00e1n acordaron fortalecer la vinculaci\u00f3n en el \u00e1mbito acad\u00e9mico, cultural y deportivo, tras la reuni\u00f3n sostenida entre la rectora Yarab\u00ed \u00c1vila Gonz\u00e1lez y autoridades de dicho municipio. \u201cTengan la libertad [&hellip;]<\/p>\n","protected":false},"author":2,"featured_media":61931,"comment_status":"closed","ping_status":"closed","sticky":false,"template":"","format":"standard","meta":{"om_disable_all_campaigns":false,"_monsterinsights_skip_tracking":false,"_monsterinsights_sitenote_active":false,"_monsterinsights_sitenote_note":"","_monsterinsights_sitenote_category":0,"_uf_show_specific_survey":0,"_uf_disable_surveys":false,"_jetpack_memberships_contains_paid_content":false,"footnotes":"","jetpack_publicize_message":"Yarab\u00ed \u00c1vila se re\u00fane con integrantes de Concejo Mayor de Gobierno de Cher\u00e1n; acuerdan colaboraci\u00f3n\r\n\r\n\u00b7 Se propuso trabajar de manera conjunta en acciones acad\u00e9micas, culturales y deportivas.","jetpack_publicize_feature_enabled":true,"jetpack_social_post_already_shared":true,"jetpack_social_options":{"image_generator_settings":{"template":"highway","default_image_id":0,"enabled":false},"version":2}},"categories":[22],"tags":[],"class_list":{"0":"post-61930","1":"post","2":"type-post","3":"status-publish","4":"format-standard","5":"has-post-thumbnail","7":"category-educacion"},"aioseo_notices":[],"jetpack_publicize_connections":[],"jetpack_featured_media_url":"https:\/\/mediagroup.mx\/wp-content\/uploads\/2025\/01\/417e6cd7-7fd8-41dd-b829-4ff65c23c1fd.jpeg","jetpack_sharing_enabled":true,"_links":{"self":[{"href":"https:\/\/mediagroup.mx\/index.php\/wp-json\/wp\/v2\/posts\/61930","targetHints":{"allow":["GET"]}}],"collection":[{"href":"https:\/\/mediagroup.mx\/index.php\/wp-json\/wp\/v2\/posts"}],"about":[{"href":"https:\/\/mediagroup.mx\/index.php\/wp-json\/wp\/v2\/types\/post"}],"author":[{"embeddable":true,"href":"https:\/\/mediagroup.mx\/index.php\/wp-json\/wp\/v2\/users\/2"}],"replies":[{"embeddable":true,"href":"https:\/\/mediagroup.mx\/index.php\/wp-json\/wp\/v2\/comments?post=61930"}],"version-history":[{"count":1,"href":"https:\/\/mediagroup.mx\/index.php\/wp-json\/wp\/v2\/posts\/61930\/revisions"}],"predecessor-version":[{"id":61932,"href":"https:\/\/mediagroup.mx\/index.php\/wp-json\/wp\/v2\/posts\/61930\/revisions\/61932"}],"wp:featuredmedia":[{"embeddable":true,"href":"https:\/\/mediagroup.mx\/index.php\/wp-json\/wp\/v2\/media\/61931"}],"wp:attachment":[{"href":"https:\/\/mediagroup.mx\/index.php\/wp-json\/wp\/v2\/media?parent=61930"}],"wp:term":[{"taxonomy":"category","embeddable":true,"href":"https:\/\/mediagroup.mx\/index.php\/wp-json\/wp\/v2\/categories?post=61930"},{"taxonomy":"post_tag","embeddable":true,"href":"https:\/\/mediagroup.mx\/index.php\/wp-json\/wp\/v2\/tags?post=61930"}],"curies":[{"name":"wp","href":"https:\/\/api.w.org\/{rel}","templated":true}]}}