{"id":61940,"date":"2025-01-24T22:28:56","date_gmt":"2025-01-25T04:28:56","guid":{"rendered":"https:\/\/mediagroup.mx\/?p=61940"},"modified":"2025-01-25T22:31:27","modified_gmt":"2025-01-26T04:31:27","slug":"comparte-comision-de-la-proteccion-a-la-ninez-y-adolescencia-trabajos-legislativos-en-la-piedad","status":"publish","type":"post","link":"https:\/\/mediagroup.mx\/index.php\/2025\/01\/24\/comparte-comision-de-la-proteccion-a-la-ninez-y-adolescencia-trabajos-legislativos-en-la-piedad\/","title":{"rendered":"Comparte Comisi\u00f3n de la Protecci\u00f3n a la Ni\u00f1ez y Adolescencia trabajos legislativos en La Piedad"},"content":{"rendered":"<p>Como parte de su compromiso con el desarrollo integral de las ni\u00f1as y los ni\u00f1os y el inter\u00e9s superior de la ni\u00f1ez, la diputada local Vanhe Caratachea visit\u00f3 dos instituciones de nivel preescolar en el municipio de La Piedad: el Kinder \u00abRosaura Zapata\u00bb y el Jard\u00edn de Ni\u00f1os \u00abMar\u00eda Elena Chanes\u00bb.<\/p>\n<p>Durante su visita al Kinder \u00abRosaura Zapata\u00bb, la legisladora convivi\u00f3 con las y los peque\u00f1os, salud\u00e1ndolos y entreg\u00e1ndoles presentes con el objetivo de brindar momentos de alegr\u00eda y diversi\u00f3n. Asimismo, en el Jard\u00edn de Ni\u00f1os \u00abMar\u00eda Elena Chanes\u00bb, Vanhe Caratachea se reuni\u00f3 con las ni\u00f1as y ni\u00f1os para entregarles un obsequio especial, reforzando as\u00ed su cercan\u00eda con las infancias del Distrito 01 local de La Piedad.<\/p>\n<p>\u201cVamos a continuar impulsando el desarrollo integral de las ni\u00f1as, ni\u00f1os y adolescentes para que crezcan en un entorno sano y seguro. Estas visitas nos motivan a seguir trabajando desde el Congreso local en iniciativas que fortalezcan los derechos de la ni\u00f1ez\u201d, destac\u00f3 Vanhe Caratachea, al dirigirse a las ni\u00f1as y ni\u00f1os de los preescolares.<\/p>\n<p>Adem\u00e1s, la diputada aprovech\u00f3 la oportunidad para dialogar con las educadoras y los directivos de ambas instituciones, a quienes inform\u00f3 sobre los trabajos que encabeza desde la Comisi\u00f3n de la Protecci\u00f3n a la Ni\u00f1ez y la Adolescencia en el Congreso local. Dichas labores buscan generar pol\u00edticas p\u00fablicas que protejan y potencien los derechos de las infancias michoacanas, as\u00ed como de garantizar un entorno sano y seguro para su crecimiento.<\/p>\n<p>Adem\u00e1s, la legisladora del Partido Acci\u00f3n Nacional, mencion\u00f3 que desde la Comisi\u00f3n de Protecci\u00f3n a la Ni\u00f1ez y la Adolescencia, que preside en el Congreso, continuar\u00e1 trabajando por impulsar iniciativas en favor de las infancias, como la iniciativa de reforma presentada a la Ley de los Derechos de las Ni\u00f1as, Ni\u00f1os y Adolescentes de Michoac\u00e1n, misma que fue aprobada para que en los juicios donde se vean involucrados los derechos de los menores, los juzgadores adopten comunicaciones comprensibles y adecuadas a fin de que tengan entendimiento de los procesos jur\u00eddicos en los que se encuentran.<\/p>\n<p>Con estas acciones, la diputada local Vanhe Caratachea reafirma su compromiso con el desarrollo integral de los m\u00e1s peque\u00f1os, consolidando una agenda que prioriza el inter\u00e9s superior de las ni\u00f1as, ni\u00f1os y adolescentes en el estado.<br \/>\n<img loading=\"lazy\" decoding=\"async\" class=\"alignnone size-medium wp-image-61941\" src=\"https:\/\/mediagroup.mx\/wp-content\/uploads\/2025\/01\/720bd6de-5c65-48f6-88a0-feb48139a457-300x196.jpeg\" alt=\"\" width=\"300\" height=\"196\" srcset=\"https:\/\/mediagroup.mx\/wp-content\/uploads\/2025\/01\/720bd6de-5c65-48f6-88a0-feb48139a457-300x196.jpeg 300w, https:\/\/mediagroup.mx\/wp-content\/uploads\/2025\/01\/720bd6de-5c65-48f6-88a0-feb48139a457-1024x669.jpeg 1024w, https:\/\/mediagroup.mx\/wp-content\/uploads\/2025\/01\/720bd6de-5c65-48f6-88a0-feb48139a457-768x502.jpeg 768w, https:\/\/mediagroup.mx\/wp-content\/uploads\/2025\/01\/720bd6de-5c65-48f6-88a0-feb48139a457-1536x1004.jpeg 1536w, https:\/\/mediagroup.mx\/wp-content\/uploads\/2025\/01\/720bd6de-5c65-48f6-88a0-feb48139a457-2048x1338.jpeg 2048w, https:\/\/mediagroup.mx\/wp-content\/uploads\/2025\/01\/720bd6de-5c65-48f6-88a0-feb48139a457-150x98.jpeg 150w, https:\/\/mediagroup.mx\/wp-content\/uploads\/2025\/01\/720bd6de-5c65-48f6-88a0-feb48139a457-696x455.jpeg 696w, https:\/\/mediagroup.mx\/wp-content\/uploads\/2025\/01\/720bd6de-5c65-48f6-88a0-feb48139a457-1068x698.jpeg 1068w, https:\/\/mediagroup.mx\/wp-content\/uploads\/2025\/01\/720bd6de-5c65-48f6-88a0-feb48139a457-1920x1255.jpeg 1920w\" sizes=\"auto, (max-width: 300px) 100vw, 300px\" \/><\/p>\n","protected":false},"excerpt":{"rendered":"<p>Como parte de su compromiso con el desarrollo integral de las ni\u00f1as y los ni\u00f1os y el inter\u00e9s superior de la ni\u00f1ez, la diputada local Vanhe Caratachea visit\u00f3 dos instituciones de nivel preescolar en el municipio de La Piedad: el Kinder \u00abRosaura Zapata\u00bb y el Jard\u00edn de Ni\u00f1os \u00abMar\u00eda Elena Chanes\u00bb. Durante su visita al [&hellip;]<\/p>\n","protected":false},"author":2,"featured_media":61941,"comment_status":"closed","ping_status":"closed","sticky":false,"template":"","format":"standard","meta":{"om_disable_all_campaigns":false,"_monsterinsights_skip_tracking":false,"_monsterinsights_sitenote_active":false,"_monsterinsights_sitenote_note":"","_monsterinsights_sitenote_category":0,"_uf_show_specific_survey":0,"_uf_disable_surveys":false,"_jetpack_memberships_contains_paid_content":false,"footnotes":"","jetpack_publicize_message":"Comparte Comisi\u00f3n de la Protecci\u00f3n a la Ni\u00f1ez y Adolescencia trabajos legislativos en La Piedad\r\n\r\n*La diputada Vanhe Caratachea realiza acercamientos en instituciones educativas para compartir la agenda en favor de los derechos de las ni\u00f1as, ni\u00f1os y adolescentes en Michoac\u00e1n","jetpack_publicize_feature_enabled":true,"jetpack_social_post_already_shared":true,"jetpack_social_options":{"image_generator_settings":{"template":"highway","default_image_id":0,"enabled":false},"version":2}},"categories":[15,63],"tags":[],"class_list":{"0":"post-61940","1":"post","2":"type-post","3":"status-publish","4":"format-standard","5":"has-post-thumbnail","7":"category-michoacan","8":"category-politica"},"aioseo_notices":[],"jetpack_publicize_connections":[],"jetpack_featured_media_url":"https:\/\/mediagroup.mx\/wp-content\/uploads\/2025\/01\/720bd6de-5c65-48f6-88a0-feb48139a457-scaled.jpeg","jetpack_sharing_enabled":true,"_links":{"self":[{"href":"https:\/\/mediagroup.mx\/index.php\/wp-json\/wp\/v2\/posts\/61940","targetHints":{"allow":["GET"]}}],"collection":[{"href":"https:\/\/mediagroup.mx\/index.php\/wp-json\/wp\/v2\/posts"}],"about":[{"href":"https:\/\/mediagroup.mx\/index.php\/wp-json\/wp\/v2\/types\/post"}],"author":[{"embeddable":true,"href":"https:\/\/mediagroup.mx\/index.php\/wp-json\/wp\/v2\/users\/2"}],"replies":[{"embeddable":true,"href":"https:\/\/mediagroup.mx\/index.php\/wp-json\/wp\/v2\/comments?post=61940"}],"version-history":[{"count":1,"href":"https:\/\/mediagroup.mx\/index.php\/wp-json\/wp\/v2\/posts\/61940\/revisions"}],"predecessor-version":[{"id":61942,"href":"https:\/\/mediagroup.mx\/index.php\/wp-json\/wp\/v2\/posts\/61940\/revisions\/61942"}],"wp:featuredmedia":[{"embeddable":true,"href":"https:\/\/mediagroup.mx\/index.php\/wp-json\/wp\/v2\/media\/61941"}],"wp:attachment":[{"href":"https:\/\/mediagroup.mx\/index.php\/wp-json\/wp\/v2\/media?parent=61940"}],"wp:term":[{"taxonomy":"category","embeddable":true,"href":"https:\/\/mediagroup.mx\/index.php\/wp-json\/wp\/v2\/categories?post=61940"},{"taxonomy":"post_tag","embeddable":true,"href":"https:\/\/mediagroup.mx\/index.php\/wp-json\/wp\/v2\/tags?post=61940"}],"curies":[{"name":"wp","href":"https:\/\/api.w.org\/{rel}","templated":true}]}}