{"id":61943,"date":"2025-01-24T22:34:09","date_gmt":"2025-01-25T04:34:09","guid":{"rendered":"https:\/\/mediagroup.mx\/?p=61943"},"modified":"2025-01-25T22:37:00","modified_gmt":"2025-01-26T04:37:00","slug":"rumbo-al-parlamento-abierto-organiza-brissa-arroyo-el-taller-el-poder-de-tu-voz","status":"publish","type":"post","link":"https:\/\/mediagroup.mx\/index.php\/2025\/01\/24\/rumbo-al-parlamento-abierto-organiza-brissa-arroyo-el-taller-el-poder-de-tu-voz\/","title":{"rendered":"Rumbo al Parlamento Abierto, organiza Brissa Arroyo el taller El Poder de tu voz"},"content":{"rendered":"<p>Con el objetivo de avanzar hacia la consolidaci\u00f3n del Parlamento Abierto y escuchar a todos los sectores de la sociedad, la diputada local Brissa Arroyo Mart\u00ednez, realiz\u00f3 la Master Class El Poder de tu voz.<\/p>\n<p>En este marco, la comunic\u00f3loga, Amy Ther\u00e1n, quien obtuvo el Premio Nacional de Locuci\u00f3n en el 2018, imparti\u00f3 la conferencia \u201cEl poder de la voz femenina en la Revoluci\u00f3n de las ideas\u201d.<\/p>\n<p>Con la asistencia de la Senadora Araceli Saucedo Reyes, as\u00ed como la Presidenta municipal de Charapan Nancy Yuliana Torres Ger\u00f3nimo, regidoras y s\u00edndicas, se realiz\u00f3 este taller enfocado a proporcionar herramientas que permitan desempe\u00f1ar de mejor manera sus funciones p\u00fablicas.<\/p>\n<p>Esta actividad forma parte de los foros rumbo al Parlamento Abierto en donde se escucha a todas las voces de la sociedad, las propuestas de la ciudadan\u00eda.<\/p>\n<p>\u201cEs una charla entre amigas, entre iguales, entre compa\u00f1eras que tenemos la convicci\u00f3n de seguir en este proyecto pol\u00edtico y que tambi\u00e9n pueden ser la voz de otras mujeres para construir juntas, porque juntas podemos llegar m\u00e1s lejos y lograr los cambios que la sociedad requiere\u201d, enfatiz\u00f3 la Diputada local, integrante del Grupo Parlamentario del Partido de la Revoluci\u00f3n Democr\u00e1tica (GPPRD) en la 76 Legislatura.<\/p>\n<p>Arroyo Mart\u00ednez detall\u00f3 que desde el Congreso local est\u00e1 fomentando una nueva forma de hacer pol\u00edtica para que se normalice la participaci\u00f3n de las mujeres en los espacios de toma de decisiones, y que nunca m\u00e1s se vea a las mujeres en un papel secundario.<\/p>\n<p>La diputada local convoc\u00f3 a las mujeres asumirse como lideresas y que reconozcan su voz como un instrumento de cambio, al mismo tiempo que exhort\u00f3 a romper inercias y conductas arraigadas en la sociedad que limitan el desempe\u00f1o de ellas.<\/p>\n<p>De su parte, la Senadora Araceli Saucedo, dijo que en los diversos \u00e1mbitos es necesario capacitarse y profesionalizarse para poder entregar mejores resultados.<\/p>\n<p>La Senadora comparti\u00f3 algunas de las acciones que ha venido desempe\u00f1ando desde la C\u00e1mara del Senado como el apoyo a la comunidad migrante por lo que sugiri\u00f3 que el siguiente foro de parlamento abierto se enfoque a este sector que est\u00e1n viviendo momentos de incertidumbre.<\/p>\n<p>La comunic\u00f3loga, Amy Ther\u00e1n, profundiz\u00f3 respecto a la importancia del manejo correcto de la voz y reconocer las cualidades para persuadir, conectar y edificar; resalt\u00f3 que cuando las mujeres levantan la voz y se hacen escuchar se abona a la democracia.<\/p>\n<p>Cabe se\u00f1alar que en pr\u00f3ximas fechas se estar\u00e1n realizando los foros del parlamento abierto en diversos municipios y regiones del estado con la finalidad de seguir escuchando a todas las voces.<br \/>\n<img loading=\"lazy\" decoding=\"async\" class=\"alignnone size-medium wp-image-61944\" src=\"https:\/\/mediagroup.mx\/wp-content\/uploads\/2025\/01\/b710af80-1673-42bc-a0d0-9fe65df1546f-300x233.jpeg\" alt=\"\" width=\"300\" height=\"233\" srcset=\"https:\/\/mediagroup.mx\/wp-content\/uploads\/2025\/01\/b710af80-1673-42bc-a0d0-9fe65df1546f-300x233.jpeg 300w, https:\/\/mediagroup.mx\/wp-content\/uploads\/2025\/01\/b710af80-1673-42bc-a0d0-9fe65df1546f-1024x797.jpeg 1024w, https:\/\/mediagroup.mx\/wp-content\/uploads\/2025\/01\/b710af80-1673-42bc-a0d0-9fe65df1546f-768x598.jpeg 768w, https:\/\/mediagroup.mx\/wp-content\/uploads\/2025\/01\/b710af80-1673-42bc-a0d0-9fe65df1546f-150x117.jpeg 150w, https:\/\/mediagroup.mx\/wp-content\/uploads\/2025\/01\/b710af80-1673-42bc-a0d0-9fe65df1546f-696x542.jpeg 696w, https:\/\/mediagroup.mx\/wp-content\/uploads\/2025\/01\/b710af80-1673-42bc-a0d0-9fe65df1546f-1068x831.jpeg 1068w, https:\/\/mediagroup.mx\/wp-content\/uploads\/2025\/01\/b710af80-1673-42bc-a0d0-9fe65df1546f.jpeg 1280w\" sizes=\"auto, (max-width: 300px) 100vw, 300px\" \/><\/p>\n","protected":false},"excerpt":{"rendered":"<p>Con el objetivo de avanzar hacia la consolidaci\u00f3n del Parlamento Abierto y escuchar a todos los sectores de la sociedad, la diputada local Brissa Arroyo Mart\u00ednez, realiz\u00f3 la Master Class El Poder de tu voz. En este marco, la comunic\u00f3loga, Amy Ther\u00e1n, quien obtuvo el Premio Nacional de Locuci\u00f3n en el 2018, imparti\u00f3 la conferencia [&hellip;]<\/p>\n","protected":false},"author":2,"featured_media":61944,"comment_status":"closed","ping_status":"closed","sticky":false,"template":"","format":"standard","meta":{"om_disable_all_campaigns":false,"_monsterinsights_skip_tracking":false,"_monsterinsights_sitenote_active":false,"_monsterinsights_sitenote_note":"","_monsterinsights_sitenote_category":0,"_uf_show_specific_survey":0,"_uf_disable_surveys":false,"_jetpack_memberships_contains_paid_content":false,"footnotes":"","jetpack_publicize_message":"Rumbo al Parlamento Abierto, organiza Brissa Arroyo el taller El Poder de tu voz\r\n\r\n*\u201cSi las mujeres vamos juntas podemos llegar m\u00e1s lejos\u201d, destaca diputada \r\n*Exhorta a romper inercias que limitan el desempe\u00f1o de ellas","jetpack_publicize_feature_enabled":true,"jetpack_social_post_already_shared":true,"jetpack_social_options":{"image_generator_settings":{"template":"highway","default_image_id":0,"enabled":false},"version":2}},"categories":[15,63],"tags":[],"class_list":{"0":"post-61943","1":"post","2":"type-post","3":"status-publish","4":"format-standard","5":"has-post-thumbnail","7":"category-michoacan","8":"category-politica"},"aioseo_notices":[],"jetpack_publicize_connections":[],"jetpack_featured_media_url":"https:\/\/mediagroup.mx\/wp-content\/uploads\/2025\/01\/b710af80-1673-42bc-a0d0-9fe65df1546f.jpeg","jetpack_sharing_enabled":true,"_links":{"self":[{"href":"https:\/\/mediagroup.mx\/index.php\/wp-json\/wp\/v2\/posts\/61943","targetHints":{"allow":["GET"]}}],"collection":[{"href":"https:\/\/mediagroup.mx\/index.php\/wp-json\/wp\/v2\/posts"}],"about":[{"href":"https:\/\/mediagroup.mx\/index.php\/wp-json\/wp\/v2\/types\/post"}],"author":[{"embeddable":true,"href":"https:\/\/mediagroup.mx\/index.php\/wp-json\/wp\/v2\/users\/2"}],"replies":[{"embeddable":true,"href":"https:\/\/mediagroup.mx\/index.php\/wp-json\/wp\/v2\/comments?post=61943"}],"version-history":[{"count":1,"href":"https:\/\/mediagroup.mx\/index.php\/wp-json\/wp\/v2\/posts\/61943\/revisions"}],"predecessor-version":[{"id":61945,"href":"https:\/\/mediagroup.mx\/index.php\/wp-json\/wp\/v2\/posts\/61943\/revisions\/61945"}],"wp:featuredmedia":[{"embeddable":true,"href":"https:\/\/mediagroup.mx\/index.php\/wp-json\/wp\/v2\/media\/61944"}],"wp:attachment":[{"href":"https:\/\/mediagroup.mx\/index.php\/wp-json\/wp\/v2\/media?parent=61943"}],"wp:term":[{"taxonomy":"category","embeddable":true,"href":"https:\/\/mediagroup.mx\/index.php\/wp-json\/wp\/v2\/categories?post=61943"},{"taxonomy":"post_tag","embeddable":true,"href":"https:\/\/mediagroup.mx\/index.php\/wp-json\/wp\/v2\/tags?post=61943"}],"curies":[{"name":"wp","href":"https:\/\/api.w.org\/{rel}","templated":true}]}}