{"id":61946,"date":"2025-01-24T22:38:14","date_gmt":"2025-01-25T04:38:14","guid":{"rendered":"https:\/\/mediagroup.mx\/?p=61946"},"modified":"2025-01-25T22:44:25","modified_gmt":"2025-01-26T04:44:25","slug":"la-educacion-es-la-base-para-la-paz-la-innovacion-tecnologica-y-el-desarrollo-sostenible-en-michoacan","status":"publish","type":"post","link":"https:\/\/mediagroup.mx\/index.php\/2025\/01\/24\/la-educacion-es-la-base-para-la-paz-la-innovacion-tecnologica-y-el-desarrollo-sostenible-en-michoacan\/","title":{"rendered":"La educaci\u00f3n es la base para la paz, la innovaci\u00f3n tecnol\u00f3gica y el desarrollo sostenible en Michoac\u00e1n"},"content":{"rendered":"<p>En el marco del D\u00eda Internacional de la Educaci\u00f3n, el presidente de la Comisi\u00f3n de Desarrollo Social de la 76 Legislatura, Octavio Ocampo Cordova, hizo un llamado a reforzar la educaci\u00f3n como un pilar para el desarrollo social, la paz y la sostenibilidad de Michoac\u00e1n.<\/p>\n<p>\u201cLa educaci\u00f3n no es solo un derecho humano fundamental, es tambi\u00e9n el puente que conecta a las personas con oportunidades, innovaci\u00f3n tecnol\u00f3gica y paz. Garantizar el acceso a la educaci\u00f3n puede cambiar la vida de miles de personas porque contribuye a reconstruir el tejido social y contribuye en romper ciclos de pobreza al dotar de oportunidades para nuestra gente\u201d, expres\u00f3 el diputado Ocampo.<\/p>\n<p>De acuerdo con datos de la Secretar\u00eda de Educaci\u00f3n P\u00fablica (SEP, 2023), as\u00ed como del Instituto Nacional de Estad\u00edstica, Geograf\u00eda e Informaci\u00f3n (INEGI, 2022) en Michoac\u00e1n los retos en materia educativa a\u00fan son grandes, porque el rezago educativo de la poblaci\u00f3n mayor de 15 a\u00f1os de edad es de 21.5%; la cobertura educativa indica que solo 68.5% de los j\u00f3venes acceden a la educaci\u00f3n media superior y; el 27.5% llega a la educaci\u00f3n superior.<\/p>\n<p>Adem\u00e1s, el 65% de las escuelas carecen de conectividad, lo que limita la inclusi\u00f3n digital de las y los alumnos, condici\u00f3n que se debe atender a la brevedad, toda vez que la educaci\u00f3n digital est\u00e1 tomando mayor relevancia a\u00f1o con a\u00f1o. Y es que, record\u00f3 Octavio Ocampo, para este 2025, la UNESCO lo dedic\u00f3 a los desaf\u00edos que plantea la inteligencia artificial, por lo que llam\u00f3 a los Estados miembro a invertir en la formaci\u00f3n para hacer buen uso de esta tecnolog\u00eda que ya es una realidad al alcance de las personas.<\/p>\n<p>Al respecto, el tambi\u00e9n coordinador del Grupo Parlamentario del PRD, sostuvo que, \u201cLa tecnolog\u00eda y la educaci\u00f3n deben ser aliadas para cerrar brechas de desigualdad. En Michoac\u00e1n, donde las carencias en conectividad y equipamiento est\u00e1n presentes, debemos redoblar esfuerzos para garantizar que nuestras ni\u00f1as, ni\u00f1os y j\u00f3venes tengan las herramientas necesarias para competir y prosperar en un mundo digital.\u201d<\/p>\n<p>Aunque el gobierno de Michoac\u00e1n invierte en educaci\u00f3n cerca del 35%, es necesario atender problemas espec\u00edficos como la deserci\u00f3n escolar rural, el fortalecimiento de la infraestructura b\u00e1sica y la capacitaci\u00f3n docente en competencias tecnol\u00f3gicas de tal suerte que sea a trav\u00e9s de la educaci\u00f3n como se garantice el desarrollo sostenible, igualitario y en armon\u00eda con el progreso tecnol\u00f3gico, concluy\u00f3 Octavio Ocampo.<br \/>\n<img loading=\"lazy\" decoding=\"async\" class=\"alignnone size-medium wp-image-61947\" src=\"https:\/\/mediagroup.mx\/wp-content\/uploads\/2025\/01\/c67612e6-d1c7-41d0-84df-bd9cba5f1586-300x200.jpeg\" alt=\"\" width=\"300\" height=\"200\" srcset=\"https:\/\/mediagroup.mx\/wp-content\/uploads\/2025\/01\/c67612e6-d1c7-41d0-84df-bd9cba5f1586-300x200.jpeg 300w, https:\/\/mediagroup.mx\/wp-content\/uploads\/2025\/01\/c67612e6-d1c7-41d0-84df-bd9cba5f1586-1024x683.jpeg 1024w, https:\/\/mediagroup.mx\/wp-content\/uploads\/2025\/01\/c67612e6-d1c7-41d0-84df-bd9cba5f1586-768x512.jpeg 768w, https:\/\/mediagroup.mx\/wp-content\/uploads\/2025\/01\/c67612e6-d1c7-41d0-84df-bd9cba5f1586-150x100.jpeg 150w, https:\/\/mediagroup.mx\/wp-content\/uploads\/2025\/01\/c67612e6-d1c7-41d0-84df-bd9cba5f1586-696x464.jpeg 696w, https:\/\/mediagroup.mx\/wp-content\/uploads\/2025\/01\/c67612e6-d1c7-41d0-84df-bd9cba5f1586-1068x713.jpeg 1068w, https:\/\/mediagroup.mx\/wp-content\/uploads\/2025\/01\/c67612e6-d1c7-41d0-84df-bd9cba5f1586.jpeg 1280w\" sizes=\"auto, (max-width: 300px) 100vw, 300px\" \/><\/p>\n","protected":false},"excerpt":{"rendered":"<p>En el marco del D\u00eda Internacional de la Educaci\u00f3n, el presidente de la Comisi\u00f3n de Desarrollo Social de la 76 Legislatura, Octavio Ocampo Cordova, hizo un llamado a reforzar la educaci\u00f3n como un pilar para el desarrollo social, la paz y la sostenibilidad de Michoac\u00e1n. \u201cLa educaci\u00f3n no es solo un derecho humano fundamental, es [&hellip;]<\/p>\n","protected":false},"author":2,"featured_media":61947,"comment_status":"closed","ping_status":"closed","sticky":false,"template":"","format":"standard","meta":{"om_disable_all_campaigns":false,"_monsterinsights_skip_tracking":false,"_monsterinsights_sitenote_active":false,"_monsterinsights_sitenote_note":"","_monsterinsights_sitenote_category":0,"_uf_show_specific_survey":0,"_uf_disable_surveys":false,"_jetpack_memberships_contains_paid_content":false,"footnotes":"","jetpack_publicize_message":"La educaci\u00f3n es la base para la paz, la innovaci\u00f3n tecnol\u00f3gica y el desarrollo sostenible en Michoac\u00e1n","jetpack_publicize_feature_enabled":true,"jetpack_social_post_already_shared":true,"jetpack_social_options":{"image_generator_settings":{"template":"highway","default_image_id":0,"enabled":false},"version":2}},"categories":[15,63],"tags":[],"class_list":{"0":"post-61946","1":"post","2":"type-post","3":"status-publish","4":"format-standard","5":"has-post-thumbnail","7":"category-michoacan","8":"category-politica"},"aioseo_notices":[],"jetpack_publicize_connections":[],"jetpack_featured_media_url":"https:\/\/mediagroup.mx\/wp-content\/uploads\/2025\/01\/c67612e6-d1c7-41d0-84df-bd9cba5f1586.jpeg","jetpack_sharing_enabled":true,"_links":{"self":[{"href":"https:\/\/mediagroup.mx\/index.php\/wp-json\/wp\/v2\/posts\/61946","targetHints":{"allow":["GET"]}}],"collection":[{"href":"https:\/\/mediagroup.mx\/index.php\/wp-json\/wp\/v2\/posts"}],"about":[{"href":"https:\/\/mediagroup.mx\/index.php\/wp-json\/wp\/v2\/types\/post"}],"author":[{"embeddable":true,"href":"https:\/\/mediagroup.mx\/index.php\/wp-json\/wp\/v2\/users\/2"}],"replies":[{"embeddable":true,"href":"https:\/\/mediagroup.mx\/index.php\/wp-json\/wp\/v2\/comments?post=61946"}],"version-history":[{"count":1,"href":"https:\/\/mediagroup.mx\/index.php\/wp-json\/wp\/v2\/posts\/61946\/revisions"}],"predecessor-version":[{"id":61948,"href":"https:\/\/mediagroup.mx\/index.php\/wp-json\/wp\/v2\/posts\/61946\/revisions\/61948"}],"wp:featuredmedia":[{"embeddable":true,"href":"https:\/\/mediagroup.mx\/index.php\/wp-json\/wp\/v2\/media\/61947"}],"wp:attachment":[{"href":"https:\/\/mediagroup.mx\/index.php\/wp-json\/wp\/v2\/media?parent=61946"}],"wp:term":[{"taxonomy":"category","embeddable":true,"href":"https:\/\/mediagroup.mx\/index.php\/wp-json\/wp\/v2\/categories?post=61946"},{"taxonomy":"post_tag","embeddable":true,"href":"https:\/\/mediagroup.mx\/index.php\/wp-json\/wp\/v2\/tags?post=61946"}],"curies":[{"name":"wp","href":"https:\/\/api.w.org\/{rel}","templated":true}]}}