{"id":61949,"date":"2025-01-24T22:45:42","date_gmt":"2025-01-25T04:45:42","guid":{"rendered":"https:\/\/mediagroup.mx\/?p=61949"},"modified":"2025-01-25T22:51:40","modified_gmt":"2025-01-26T04:51:40","slug":"llama-fabiola-alanis-a-votar-en-la-eleccion-del-1o-de-junio-para-renovar-al-pj","status":"publish","type":"post","link":"https:\/\/mediagroup.mx\/index.php\/2025\/01\/24\/llama-fabiola-alanis-a-votar-en-la-eleccion-del-1o-de-junio-para-renovar-al-pj\/","title":{"rendered":"Llama Fabiola Alan\u00eds a votar en la elecci\u00f3n del 1\u00ba de junio para renovar al PJ"},"content":{"rendered":"<p>*Zamora, Mich., a 24 de enero del 2025.-* La presidenta de la Junta de Coordinaci\u00f3n Pol\u00edtica en el Congreso del Estado, Fabiola Alan\u00eds S\u00e1mano, llam\u00f3 a todas y todos los michoacanos a participar en la jornada comicial del 1\u00ba de junio pr\u00f3ximo, a fin de elegir a 75 juezas y jueces y a 37 magistradas y magistrados del Poder Judicial estatal.<\/p>\n<p>Durante la conferencia Elecci\u00f3n de Jueces y Magistrados, que tuvo lugar en el Centro Regional de las Artes de Zamora, la legisladora de Morena destac\u00f3 la inscripci\u00f3n de mil 583 abogadas y abogados en este proceso estatal, de entre quienes saldr\u00e1n los mejores perfiles.<\/p>\n<p>Puntualiz\u00f3 que la Reforma al Poder Judicial federal tiene un impacto directo en la vida de las mujeres, de sus hijas e hijos y de la sociedad en general, raz\u00f3n por la que Michoac\u00e1n fue la primera entidad que modific\u00f3 su Constituci\u00f3n para que aqu\u00ed tambi\u00e9n hubiera una elecci\u00f3n a trav\u00e9s del voto popular.<\/p>\n<p>Lo que se busca, continu\u00f3 la excomisionada nacional para Prevenir y Erradicar la Violencia contra las Mujeres, es que dichas modificaciones sean letra viva, a fin de que todas las mujeres, las j\u00f3venes y las personas de comunidades ind\u00edgenas tengan acceso efectivo a la justicia con perspectiva de g\u00e9nero, con perspectiva de derechos humanos y con perspectiva intercultural.<\/p>\n<p>Ante las diputadas Melba Albavera Padilla, Emma Rivera Camacho y Nalleli Pedraza Huerta, as\u00ed como de los legisladores David Mart\u00ednez Gowman, Antonio Mendoza Torres, Alejandro Ar\u00e9valo Vera y Abraham Espinoza Villa, resumi\u00f3 que este proceso, sobre todo, debe traducirse en cero impunidad en los delitos que afectan a las mujeres, ni\u00f1as, ni\u00f1os y adolescentes.<\/p>\n<p>M\u00e1s tarde, la coordinadora del Grupo Parlamentario de Morena se traslad\u00f3 a la comunidad de Chaparaco para visitar a las mujeres que trabajan en la costura para una f\u00e1brica de ese lugar.<br \/>\n<img loading=\"lazy\" decoding=\"async\" class=\"alignnone size-medium wp-image-61950\" src=\"https:\/\/mediagroup.mx\/wp-content\/uploads\/2025\/01\/5b71ec5e-52a2-4213-9a3a-bff93cb4a6e0-300x200.jpeg\" alt=\"\" width=\"300\" height=\"200\" srcset=\"https:\/\/mediagroup.mx\/wp-content\/uploads\/2025\/01\/5b71ec5e-52a2-4213-9a3a-bff93cb4a6e0-300x200.jpeg 300w, https:\/\/mediagroup.mx\/wp-content\/uploads\/2025\/01\/5b71ec5e-52a2-4213-9a3a-bff93cb4a6e0-1024x683.jpeg 1024w, https:\/\/mediagroup.mx\/wp-content\/uploads\/2025\/01\/5b71ec5e-52a2-4213-9a3a-bff93cb4a6e0-768x512.jpeg 768w, https:\/\/mediagroup.mx\/wp-content\/uploads\/2025\/01\/5b71ec5e-52a2-4213-9a3a-bff93cb4a6e0-1536x1024.jpeg 1536w, https:\/\/mediagroup.mx\/wp-content\/uploads\/2025\/01\/5b71ec5e-52a2-4213-9a3a-bff93cb4a6e0-2048x1365.jpeg 2048w, https:\/\/mediagroup.mx\/wp-content\/uploads\/2025\/01\/5b71ec5e-52a2-4213-9a3a-bff93cb4a6e0-150x100.jpeg 150w, https:\/\/mediagroup.mx\/wp-content\/uploads\/2025\/01\/5b71ec5e-52a2-4213-9a3a-bff93cb4a6e0-696x464.jpeg 696w, https:\/\/mediagroup.mx\/wp-content\/uploads\/2025\/01\/5b71ec5e-52a2-4213-9a3a-bff93cb4a6e0-1068x712.jpeg 1068w, https:\/\/mediagroup.mx\/wp-content\/uploads\/2025\/01\/5b71ec5e-52a2-4213-9a3a-bff93cb4a6e0-1920x1280.jpeg 1920w\" sizes=\"auto, (max-width: 300px) 100vw, 300px\" \/> <img loading=\"lazy\" decoding=\"async\" class=\"alignnone size-medium wp-image-61951\" src=\"https:\/\/mediagroup.mx\/wp-content\/uploads\/2025\/01\/fb1b38df-d0e0-42da-bbd0-7e63ff41f103-300x200.jpeg\" alt=\"\" width=\"300\" height=\"200\" srcset=\"https:\/\/mediagroup.mx\/wp-content\/uploads\/2025\/01\/fb1b38df-d0e0-42da-bbd0-7e63ff41f103-300x200.jpeg 300w, https:\/\/mediagroup.mx\/wp-content\/uploads\/2025\/01\/fb1b38df-d0e0-42da-bbd0-7e63ff41f103-1024x683.jpeg 1024w, https:\/\/mediagroup.mx\/wp-content\/uploads\/2025\/01\/fb1b38df-d0e0-42da-bbd0-7e63ff41f103-768x512.jpeg 768w, https:\/\/mediagroup.mx\/wp-content\/uploads\/2025\/01\/fb1b38df-d0e0-42da-bbd0-7e63ff41f103-1536x1024.jpeg 1536w, https:\/\/mediagroup.mx\/wp-content\/uploads\/2025\/01\/fb1b38df-d0e0-42da-bbd0-7e63ff41f103-2048x1365.jpeg 2048w, https:\/\/mediagroup.mx\/wp-content\/uploads\/2025\/01\/fb1b38df-d0e0-42da-bbd0-7e63ff41f103-150x100.jpeg 150w, https:\/\/mediagroup.mx\/wp-content\/uploads\/2025\/01\/fb1b38df-d0e0-42da-bbd0-7e63ff41f103-696x464.jpeg 696w, https:\/\/mediagroup.mx\/wp-content\/uploads\/2025\/01\/fb1b38df-d0e0-42da-bbd0-7e63ff41f103-1068x712.jpeg 1068w, https:\/\/mediagroup.mx\/wp-content\/uploads\/2025\/01\/fb1b38df-d0e0-42da-bbd0-7e63ff41f103-1920x1280.jpeg 1920w\" sizes=\"auto, (max-width: 300px) 100vw, 300px\" \/><\/p>\n","protected":false},"excerpt":{"rendered":"<p>*Zamora, Mich., a 24 de enero del 2025.-* La presidenta de la Junta de Coordinaci\u00f3n Pol\u00edtica en el Congreso del Estado, Fabiola Alan\u00eds S\u00e1mano, llam\u00f3 a todas y todos los michoacanos a participar en la jornada comicial del 1\u00ba de junio pr\u00f3ximo, a fin de elegir a 75 juezas y jueces y a 37 magistradas [&hellip;]<\/p>\n","protected":false},"author":2,"featured_media":61951,"comment_status":"closed","ping_status":"closed","sticky":false,"template":"","format":"standard","meta":{"om_disable_all_campaigns":false,"_monsterinsights_skip_tracking":false,"_monsterinsights_sitenote_active":false,"_monsterinsights_sitenote_note":"","_monsterinsights_sitenote_category":0,"_uf_show_specific_survey":0,"_uf_disable_surveys":false,"_jetpack_memberships_contains_paid_content":false,"footnotes":"","jetpack_publicize_message":"Llama Fabiola Alan\u00eds a votar en la elecci\u00f3n del 1\u00ba de junio para renovar al PJ\r\n\r\n*Celebra el registro de 1583 personas rumbo a la elecci\u00f3n de 75 juezas y jueces y 37 magistraturas.","jetpack_publicize_feature_enabled":true,"jetpack_social_post_already_shared":true,"jetpack_social_options":{"image_generator_settings":{"template":"highway","default_image_id":0,"enabled":false},"version":2}},"categories":[15,63],"tags":[],"class_list":{"0":"post-61949","1":"post","2":"type-post","3":"status-publish","4":"format-standard","5":"has-post-thumbnail","7":"category-michoacan","8":"category-politica"},"aioseo_notices":[],"jetpack_publicize_connections":[],"jetpack_featured_media_url":"https:\/\/mediagroup.mx\/wp-content\/uploads\/2025\/01\/fb1b38df-d0e0-42da-bbd0-7e63ff41f103-scaled.jpeg","jetpack_sharing_enabled":true,"_links":{"self":[{"href":"https:\/\/mediagroup.mx\/index.php\/wp-json\/wp\/v2\/posts\/61949","targetHints":{"allow":["GET"]}}],"collection":[{"href":"https:\/\/mediagroup.mx\/index.php\/wp-json\/wp\/v2\/posts"}],"about":[{"href":"https:\/\/mediagroup.mx\/index.php\/wp-json\/wp\/v2\/types\/post"}],"author":[{"embeddable":true,"href":"https:\/\/mediagroup.mx\/index.php\/wp-json\/wp\/v2\/users\/2"}],"replies":[{"embeddable":true,"href":"https:\/\/mediagroup.mx\/index.php\/wp-json\/wp\/v2\/comments?post=61949"}],"version-history":[{"count":1,"href":"https:\/\/mediagroup.mx\/index.php\/wp-json\/wp\/v2\/posts\/61949\/revisions"}],"predecessor-version":[{"id":61952,"href":"https:\/\/mediagroup.mx\/index.php\/wp-json\/wp\/v2\/posts\/61949\/revisions\/61952"}],"wp:featuredmedia":[{"embeddable":true,"href":"https:\/\/mediagroup.mx\/index.php\/wp-json\/wp\/v2\/media\/61951"}],"wp:attachment":[{"href":"https:\/\/mediagroup.mx\/index.php\/wp-json\/wp\/v2\/media?parent=61949"}],"wp:term":[{"taxonomy":"category","embeddable":true,"href":"https:\/\/mediagroup.mx\/index.php\/wp-json\/wp\/v2\/categories?post=61949"},{"taxonomy":"post_tag","embeddable":true,"href":"https:\/\/mediagroup.mx\/index.php\/wp-json\/wp\/v2\/tags?post=61949"}],"curies":[{"name":"wp","href":"https:\/\/api.w.org\/{rel}","templated":true}]}}