{"id":61970,"date":"2025-01-27T10:18:15","date_gmt":"2025-01-27T16:18:15","guid":{"rendered":"https:\/\/mediagroup.mx\/?p=61970"},"modified":"2025-01-27T10:18:15","modified_gmt":"2025-01-27T16:18:15","slug":"identificado-el-fallecido-en-choque-volcadura-sobre-el-blvd-garcia-de-leon","status":"publish","type":"post","link":"https:\/\/mediagroup.mx\/index.php\/2025\/01\/27\/identificado-el-fallecido-en-choque-volcadura-sobre-el-blvd-garcia-de-leon\/","title":{"rendered":"Identificado, el fallecido en choque volcadura sobre el Blvd. Garc\u00eda de Le\u00f3n"},"content":{"rendered":"<p>RED 113 MICHOAC\u00c1N\/Redacci\u00f3n<\/p>\n<p>Morelia, Mich.- Lunes 27 de enero de 2025.- La persona que muri\u00f3 tras el choque de un autom\u00f3vil contra la fachada de un inmueble ubicado en el Boulevard Garc\u00eda de Le\u00f3n, al sur de Morelia, ya est\u00e1 identificada, informaron fuentes allegadas al tema.<\/p>\n<p>El susodicho respond\u00eda al nombre de Salvador T., de entre 20 y 25 a\u00f1os de edad. El percance ocurri\u00f3 la madrugada de este lunes y el automotor en el que el mencionado joven falleci\u00f3 es un Ford Mustang, color azul, con matr\u00edcula PUN729P, el cual qued\u00f3 volcado y totalmente destrozado a la altura de la colonia Chapultepec Sur, cerca de la calle Sargento Manuel de la Rosa.<\/p>\n<p>De acuerdo con autoridades policiales, el ahora finado aparentemente viajaba en el asiento del copiloto, adem\u00e1s se supo extraoficialmente que otro masculino result\u00f3 herido, \u00e9l sali\u00f3 por su cuenta del auto siniestrado y se retir\u00f3 de la escena.<\/p>\n<p>Los especialistas de la Unidad de Atenci\u00f3n Inmediata, dependientes de la Fiscal\u00eda General del Estado (FGE), se encargaron de las investigaciones respectivas y trasladaron el cad\u00e1ver a la morgue para la pr\u00e1ctica de la necropsia de rigor. Se espera que en las pr\u00f3ximas horas el cuerpo sea reclamado por sus familiares, a efecto de otorgarle sepultura.<\/p>\n<p><img loading=\"lazy\" decoding=\"async\" class=\"alignnone size-medium wp-image-61965\" src=\"https:\/\/mediagroup.mx\/wp-content\/uploads\/2025\/01\/WhatsApp-Image-2025-01-27-at-8.40.35-AM-1-300x225.jpeg\" alt=\"\" width=\"300\" height=\"225\" srcset=\"https:\/\/mediagroup.mx\/wp-content\/uploads\/2025\/01\/WhatsApp-Image-2025-01-27-at-8.40.35-AM-1-300x225.jpeg 300w, https:\/\/mediagroup.mx\/wp-content\/uploads\/2025\/01\/WhatsApp-Image-2025-01-27-at-8.40.35-AM-1-1024x768.jpeg 1024w, https:\/\/mediagroup.mx\/wp-content\/uploads\/2025\/01\/WhatsApp-Image-2025-01-27-at-8.40.35-AM-1-768x576.jpeg 768w, https:\/\/mediagroup.mx\/wp-content\/uploads\/2025\/01\/WhatsApp-Image-2025-01-27-at-8.40.35-AM-1-150x113.jpeg 150w, https:\/\/mediagroup.mx\/wp-content\/uploads\/2025\/01\/WhatsApp-Image-2025-01-27-at-8.40.35-AM-1-696x522.jpeg 696w, https:\/\/mediagroup.mx\/wp-content\/uploads\/2025\/01\/WhatsApp-Image-2025-01-27-at-8.40.35-AM-1-1068x801.jpeg 1068w, https:\/\/mediagroup.mx\/wp-content\/uploads\/2025\/01\/WhatsApp-Image-2025-01-27-at-8.40.35-AM-1.jpeg 1280w\" sizes=\"auto, (max-width: 300px) 100vw, 300px\" \/><\/p>\n","protected":false},"excerpt":{"rendered":"<p>RED 113 MICHOAC\u00c1N\/Redacci\u00f3n Morelia, Mich.- Lunes 27 de enero de 2025.- La persona que muri\u00f3 tras el choque de un autom\u00f3vil contra la fachada de un inmueble ubicado en el Boulevard Garc\u00eda de Le\u00f3n, al sur de Morelia, ya est\u00e1 identificada, informaron fuentes allegadas al tema. El susodicho respond\u00eda al nombre de Salvador T., de [&hellip;]<\/p>\n","protected":false},"author":2,"featured_media":61965,"comment_status":"closed","ping_status":"closed","sticky":false,"template":"","format":"standard","meta":{"om_disable_all_campaigns":false,"_monsterinsights_skip_tracking":false,"_monsterinsights_sitenote_active":false,"_monsterinsights_sitenote_note":"","_monsterinsights_sitenote_category":0,"_uf_show_specific_survey":0,"_uf_disable_surveys":false,"_jetpack_memberships_contains_paid_content":false,"footnotes":"","jetpack_publicize_message":"Identificado, el fallecido en choque volcadura sobre el Blvd. Garc\u00eda de Le\u00f3n\r\n\r\n+ La tragedia tuvo lugar a la altura de la colonia Chapultepec Sur, en Morelia.","jetpack_publicize_feature_enabled":true,"jetpack_social_post_already_shared":true,"jetpack_social_options":{"image_generator_settings":{"template":"highway","default_image_id":0,"enabled":false},"version":2}},"categories":[28],"tags":[],"class_list":{"0":"post-61970","1":"post","2":"type-post","3":"status-publish","4":"format-standard","5":"has-post-thumbnail","7":"category-moreliaseguridad"},"aioseo_notices":[],"jetpack_publicize_connections":[],"jetpack_featured_media_url":"https:\/\/mediagroup.mx\/wp-content\/uploads\/2025\/01\/WhatsApp-Image-2025-01-27-at-8.40.35-AM-1.jpeg","jetpack_sharing_enabled":true,"_links":{"self":[{"href":"https:\/\/mediagroup.mx\/index.php\/wp-json\/wp\/v2\/posts\/61970","targetHints":{"allow":["GET"]}}],"collection":[{"href":"https:\/\/mediagroup.mx\/index.php\/wp-json\/wp\/v2\/posts"}],"about":[{"href":"https:\/\/mediagroup.mx\/index.php\/wp-json\/wp\/v2\/types\/post"}],"author":[{"embeddable":true,"href":"https:\/\/mediagroup.mx\/index.php\/wp-json\/wp\/v2\/users\/2"}],"replies":[{"embeddable":true,"href":"https:\/\/mediagroup.mx\/index.php\/wp-json\/wp\/v2\/comments?post=61970"}],"version-history":[{"count":1,"href":"https:\/\/mediagroup.mx\/index.php\/wp-json\/wp\/v2\/posts\/61970\/revisions"}],"predecessor-version":[{"id":61971,"href":"https:\/\/mediagroup.mx\/index.php\/wp-json\/wp\/v2\/posts\/61970\/revisions\/61971"}],"wp:featuredmedia":[{"embeddable":true,"href":"https:\/\/mediagroup.mx\/index.php\/wp-json\/wp\/v2\/media\/61965"}],"wp:attachment":[{"href":"https:\/\/mediagroup.mx\/index.php\/wp-json\/wp\/v2\/media?parent=61970"}],"wp:term":[{"taxonomy":"category","embeddable":true,"href":"https:\/\/mediagroup.mx\/index.php\/wp-json\/wp\/v2\/categories?post=61970"},{"taxonomy":"post_tag","embeddable":true,"href":"https:\/\/mediagroup.mx\/index.php\/wp-json\/wp\/v2\/tags?post=61970"}],"curies":[{"name":"wp","href":"https:\/\/api.w.org\/{rel}","templated":true}]}}