{"id":61973,"date":"2025-01-27T11:37:14","date_gmt":"2025-01-27T17:37:14","guid":{"rendered":"https:\/\/mediagroup.mx\/?p=61973"},"modified":"2025-01-27T11:37:14","modified_gmt":"2025-01-27T17:37:14","slug":"trump-suspende-aranceles-a-colombia-tras-acuerdo-migratorio-pais-acepta-terminos-de-eu-sobre-repatriaciones","status":"publish","type":"post","link":"https:\/\/mediagroup.mx\/index.php\/2025\/01\/27\/trump-suspende-aranceles-a-colombia-tras-acuerdo-migratorio-pais-acepta-terminos-de-eu-sobre-repatriaciones\/","title":{"rendered":"Trump suspende aranceles a Colombia tras acuerdo migratorio; pa\u00eds acepta t\u00e9rminos de EU sobre repatriaciones"},"content":{"rendered":"<p class=\"sc__font-paragraph\" style=\"text-align: justify;\">La<b>\u00a0Casa Blanca<\/b>\u00a0dijo el domingo que Colombia dio marcha atr\u00e1s y acord\u00f3 aceptar a sus ciudadanos deportados en vuelos militares, despu\u00e9s de que el presidente estadounidense<b>\u00a0<\/b><a href=\"https:\/\/www.eluniversal.com.mx\/mundo\/trump-no-descarta-regresar-a-la-oms-exige-cambios-en-la-distribucion-de-pagos\/\" target=\"_blank\" rel=\"noopener\" data-mrf-link=\"https:\/\/www.eluniversal.com.mx\/mundo\/trump-no-descarta-regresar-a-la-oms-exige-cambios-en-la-distribucion-de-pagos\/\"><b>Donald Trump<\/b><\/a>\u00a0amenazara con imponer sanciones.<\/p>\n<p class=\"sc__font-paragraph\" style=\"text-align: justify;\">La administraci\u00f3n Trump suspender\u00e1 los\u00a0<a href=\"https:\/\/www.eluniversal.com.mx\/mundo\/petro-ordena-imponer-aranceles-de-25-a-productos-de-eu-solicita-a-ministro-de-comercio-ampliar-exportaciones\/\" target=\"_blank\" rel=\"noopener\" data-mrf-link=\"https:\/\/www.eluniversal.com.mx\/mundo\/petro-ordena-imponer-aranceles-de-25-a-productos-de-eu-solicita-a-ministro-de-comercio-ampliar-exportaciones\/\"><b>aranceles<\/b><\/a><b>\u00a0<\/b>planificados y la mayor\u00eda de las sanciones, seg\u00fan un comunicado de la Casa Blanca. No hubo confirmaci\u00f3n inmediata de Colombia.<\/p>\n<p class=\"sc__font-paragraph\" style=\"text-align: justify;\">La secretaria de prensa Karoline Leavitt dijo en una declaraci\u00f3n el domingo por la noche que \u201cel gobierno de Colombia ha aceptado todos los t\u00e9rminos del presidente Trump, incluida la aceptaci\u00f3n irrestricta de todos los extranjeros ilegales de Colombia regresados \u200b\u200bde Estados Unidos, incluso en aviones\u00a0<b>militares estadounidenses<\/b>, sin limitaci\u00f3n ni demora\u201d.<\/p>\n<p style=\"text-align: justify;\">Leavitt indic\u00f3 que las \u00f3rdenes arancelarias \u2014que habr\u00edan impuesto aranceles del 25% sobre todos los productos colombianos entrantes y luego ser\u00edan aumentados al 50% en una semana\u2014 se \u201cmantendr\u00e1n en reserva y no se firmar\u00e1n\u201d. Pero Leavitt a\u00f1adi\u00f3 que Trump mantendr\u00e1 las\u00a0<b>restricciones de visa\u00a0<\/b>para los funcionarios colombianos y mayores inspecciones aduaneras de mercanc\u00edas procedentes del pa\u00eds, \u201chasta que el primer avi\u00f3n cargado de deportados colombianos sea devuelto con \u00e9xito\u201d.<\/p>\n<h2 class=\"sc__header\" style=\"text-align: justify;\">Colombia da por \u00absuperado el impasse\u00bb con EEUU y acepta deportaciones<\/h2>\n<p class=\"sc__font-paragraph\" style=\"text-align: justify;\">El canciller de Colombia,\u00a0<b>Luis Gilberto Murill<\/b>o, afirm\u00f3 este domingo que su pa\u00eds da por \u00absuperado el impasse\u00bb que vivi\u00f3 con Estados Unidos ante su negativa de recibir a\u00a0<b>migrantes deportados\u00a0<\/b>y acepta los t\u00e9rminos de esa pol\u00edtica del presidente Donald Trump.<\/p>\n<p style=\"text-align: justify;\">\u00abSeguiremos recibiendo a los colombianos y a las colombianas que retornen en condici\u00f3n de deportados\u00bb, asegur\u00f3 el diplom\u00e1tico en una rueda de prensa, instantes despu\u00e9s de que la<b>\u00a0<\/b>Casa Blanca informara que Trump dio marcha atr\u00e1s a las sanciones que hab\u00eda anunciado contra Colombia ante el bloqueo de Petro a la entrada de<b>\u00a0aviones militares\u00a0<\/b>estadounidenses con colombianos expulsados.<\/p>\n<p>V\u00eda: El Universal<\/p>\n","protected":false},"excerpt":{"rendered":"<p>La\u00a0Casa Blanca\u00a0dijo el domingo que Colombia dio marcha atr\u00e1s y acord\u00f3 aceptar a sus ciudadanos deportados en vuelos militares, despu\u00e9s de que el presidente estadounidense\u00a0Donald Trump\u00a0amenazara con imponer sanciones. La administraci\u00f3n Trump suspender\u00e1 los\u00a0aranceles\u00a0planificados y la mayor\u00eda de las sanciones, seg\u00fan un comunicado de la Casa Blanca. No hubo confirmaci\u00f3n inmediata de Colombia. La secretaria [&hellip;]<\/p>\n","protected":false},"author":2,"featured_media":61974,"comment_status":"closed","ping_status":"closed","sticky":false,"template":"","format":"standard","meta":{"om_disable_all_campaigns":false,"_monsterinsights_skip_tracking":false,"_monsterinsights_sitenote_active":false,"_monsterinsights_sitenote_note":"","_monsterinsights_sitenote_category":0,"_uf_show_specific_survey":0,"_uf_disable_surveys":false,"_jetpack_memberships_contains_paid_content":false,"footnotes":"","jetpack_publicize_message":"Trump suspende aranceles a Colombia tras acuerdo migratorio; pa\u00eds acepta t\u00e9rminos de EU sobre repatriaciones","jetpack_publicize_feature_enabled":true,"jetpack_social_post_already_shared":true,"jetpack_social_options":{"image_generator_settings":{"template":"highway","default_image_id":0,"enabled":false},"version":2}},"categories":[18,16],"tags":[],"class_list":{"0":"post-61973","1":"post","2":"type-post","3":"status-publish","4":"format-standard","5":"has-post-thumbnail","7":"category-internacional","8":"category-viral"},"aioseo_notices":[],"jetpack_publicize_connections":[],"jetpack_featured_media_url":"https:\/\/mediagroup.mx\/wp-content\/uploads\/2025\/01\/Captura-de-pantalla-2025-01-27-a-las-11.35.53.png","jetpack_sharing_enabled":true,"_links":{"self":[{"href":"https:\/\/mediagroup.mx\/index.php\/wp-json\/wp\/v2\/posts\/61973","targetHints":{"allow":["GET"]}}],"collection":[{"href":"https:\/\/mediagroup.mx\/index.php\/wp-json\/wp\/v2\/posts"}],"about":[{"href":"https:\/\/mediagroup.mx\/index.php\/wp-json\/wp\/v2\/types\/post"}],"author":[{"embeddable":true,"href":"https:\/\/mediagroup.mx\/index.php\/wp-json\/wp\/v2\/users\/2"}],"replies":[{"embeddable":true,"href":"https:\/\/mediagroup.mx\/index.php\/wp-json\/wp\/v2\/comments?post=61973"}],"version-history":[{"count":1,"href":"https:\/\/mediagroup.mx\/index.php\/wp-json\/wp\/v2\/posts\/61973\/revisions"}],"predecessor-version":[{"id":61975,"href":"https:\/\/mediagroup.mx\/index.php\/wp-json\/wp\/v2\/posts\/61973\/revisions\/61975"}],"wp:featuredmedia":[{"embeddable":true,"href":"https:\/\/mediagroup.mx\/index.php\/wp-json\/wp\/v2\/media\/61974"}],"wp:attachment":[{"href":"https:\/\/mediagroup.mx\/index.php\/wp-json\/wp\/v2\/media?parent=61973"}],"wp:term":[{"taxonomy":"category","embeddable":true,"href":"https:\/\/mediagroup.mx\/index.php\/wp-json\/wp\/v2\/categories?post=61973"},{"taxonomy":"post_tag","embeddable":true,"href":"https:\/\/mediagroup.mx\/index.php\/wp-json\/wp\/v2\/tags?post=61973"}],"curies":[{"name":"wp","href":"https:\/\/api.w.org\/{rel}","templated":true}]}}