{"id":61976,"date":"2025-01-27T11:38:55","date_gmt":"2025-01-27T17:38:55","guid":{"rendered":"https:\/\/mediagroup.mx\/?p=61976"},"modified":"2025-01-27T11:38:55","modified_gmt":"2025-01-27T17:38:55","slug":"mundo-conmemora-80-aniversario-de-la-liberacion-de-auschwitz","status":"publish","type":"post","link":"https:\/\/mediagroup.mx\/index.php\/2025\/01\/27\/mundo-conmemora-80-aniversario-de-la-liberacion-de-auschwitz\/","title":{"rendered":"Mundo conmemora 80 aniversario de la liberaci\u00f3n de Auschwitz"},"content":{"rendered":"<p style=\"text-align: justify;\">El mundo conmemora este lunes (27.01.2025) el\u00a0<a class=\"internal-link\" href=\"https:\/\/www.dw.com\/es\/estremecedora-memoria-80-a%C3%B1os-de-la-liberaci%C3%B3n-de-auschwitz\/a-71402286\">80 aniversario<\/a>\u00a0de la liberaci\u00f3n de\u00a0<a class=\"internal-link\" href=\"https:\/\/www.dw.com\/es\/auschwitz\/t-19437509\">Auschwitz<\/a>, con la asistencia de algunos de los pocos sobrevivientes que quedan a ceremonias en el lugar del tristemente c\u00e9lebre campo de concentraci\u00f3n\u00a0nazi.<\/p>\n<p style=\"text-align: justify;\">Auschwitz fue el mayor de los campos de exterminio y se ha convertido en un s\u00edmbolo del genocidio de la\u00a0<a class=\"internal-link\" href=\"https:\/\/www.dw.com\/es\/nazis\/t-17409549\">Alemania nazi<\/a>\u00a0contra seis millones de jud\u00edos europeos, un mill\u00f3n de los cuales murieron en el lugar entre 1940 y 1945, junto con m\u00e1s de 100.000 no jud\u00edos.<\/p>\n<figure class=\"placeholder-image master_landscape big\" style=\"text-align: justify;\">\n<div class=\"render-container\">\n<div class=\"srnoiv7 s1a75hd4 lazy-load-container\"><img decoding=\"async\" class=\"lq-img loaded\" src=\"https:\/\/static.dw.com\/image\/71420355_900.jpg\" alt=\"El presidente de Polonia, Andrzej Duda, rinde homenaje en el 80 aniversario de la liberaci\u00f3n del campo de concentraci\u00f3n y exterminio nazi de Auschwitz-Birkenau, en Oswiecim, Polonia (27.01.2025)\" aria-hidden=\"true\" \/><img decoding=\"async\" class=\"hq-img loaded\" title=\"El presidente de Polonia, Andrzej Duda, rinde homenaje en el 80 aniversario de la liberaci\u00f3n del campo de concentraci\u00f3n y exterminio nazi de Auschwitz-Birkenau, en Oswiecim, Polonia (27.01.2025)\" src=\"https:\/\/static.dw.com\/image\/71420355_906.jpg\" alt=\"El presidente de Polonia, Andrzej Duda, rinde homenaje en el 80 aniversario de la liberaci\u00f3n del campo de concentraci\u00f3n y exterminio nazi de Auschwitz-Birkenau, en Oswiecim, Polonia (27.01.2025)\" \/><\/div>\n<\/div><figcaption class=\"img-caption\">El presidente de Polonia, Andrzej Duda, rinde homenaje en el 80 aniversario de la liberaci\u00f3n del campo de concentraci\u00f3n y exterminio nazi de Auschwitz-Birkenau, en Oswiecim, Polonia (27.01.2025)<small class=\"copyright\">Imagen: Aleksandra Szmigiel\/REUTERS<\/small><\/figcaption><\/figure>\n<p style=\"text-align: justify;\">Este lunes, el presidente polaco Andrzej Duda deposit\u00f3 flores en el lugar junto a los sobrevivientes, algunos de ellos con pa\u00f1uelos con las rayas azules y blancas de sus uniformes del campo de exterminio.<\/p>\n<p style=\"text-align: justify;\">Se espera que unos 50 supervivientes acudan a la conmemoraci\u00f3n principal fuera de las puertas de Auschwitz II-Birkenau junto a docenas de l\u00edderes, entre ellos el rey Carlos III de Reino Unido y el presidente franc\u00e9s Emmanuel Macron.<\/p>\n<div class=\"render-container tweet embed\" style=\"text-align: justify;\">\n<div class=\"s1lxdrht ssamamu\">\n<blockquote class=\"x-tweet\" data-id=\"1883814192966414702\">\n<div class=\"twitter-tweet twitter-tweet-rendered\"><iframe id=\"twitter-widget-0\" class=\"\" title=\"X Post\" src=\"https:\/\/platform.twitter.com\/embed\/Tweet.html?dnt=false&amp;embedId=twitter-widget-0&amp;features=eyJ0ZndfdGltZWxpbmVfbGlzdCI6eyJidWNrZXQiOltdLCJ2ZXJzaW9uIjpudWxsfSwidGZ3X2ZvbGxvd2VyX2NvdW50X3N1bnNldCI6eyJidWNrZXQiOnRydWUsInZlcnNpb24iOm51bGx9LCJ0ZndfdHdlZXRfZWRpdF9iYWNrZW5kIjp7ImJ1Y2tldCI6Im9uIiwidmVyc2lvbiI6bnVsbH0sInRmd19yZWZzcmNfc2Vzc2lvbiI6eyJidWNrZXQiOiJvbiIsInZlcnNpb24iOm51bGx9LCJ0ZndfZm9zbnJfc29mdF9pbnRlcnZlbnRpb25zX2VuYWJsZWQiOnsiYnVja2V0Ijoib24iLCJ2ZXJzaW9uIjpudWxsfSwidGZ3X21peGVkX21lZGlhXzE1ODk3Ijp7ImJ1Y2tldCI6InRyZWF0bWVudCIsInZlcnNpb24iOm51bGx9LCJ0ZndfZXhwZXJpbWVudHNfY29va2llX2V4cGlyYXRpb24iOnsiYnVja2V0IjoxMjA5NjAwLCJ2ZXJzaW9uIjpudWxsfSwidGZ3X3Nob3dfYmlyZHdhdGNoX3Bpdm90c19lbmFibGVkIjp7ImJ1Y2tldCI6Im9uIiwidmVyc2lvbiI6bnVsbH0sInRmd19kdXBsaWNhdGVfc2NyaWJlc190b19zZXR0aW5ncyI6eyJidWNrZXQiOiJvbiIsInZlcnNpb24iOm51bGx9LCJ0ZndfdXNlX3Byb2ZpbGVfaW1hZ2Vfc2hhcGVfZW5hYmxlZCI6eyJidWNrZXQiOiJvbiIsInZlcnNpb24iOm51bGx9LCJ0ZndfdmlkZW9faGxzX2R5bmFtaWNfbWFuaWZlc3RzXzE1MDgyIjp7ImJ1Y2tldCI6InRydWVfYml0cmF0ZSIsInZlcnNpb24iOm51bGx9LCJ0ZndfbGVnYWN5X3RpbWVsaW5lX3N1bnNldCI6eyJidWNrZXQiOnRydWUsInZlcnNpb24iOm51bGx9LCJ0ZndfdHdlZXRfZWRpdF9mcm9udGVuZCI6eyJidWNrZXQiOiJvbiIsInZlcnNpb24iOm51bGx9fQ%3D%3D&amp;frame=false&amp;hideCard=false&amp;hideThread=false&amp;id=1883814192966414702&amp;lang=en&amp;origin=https%3A%2F%2Fwww.dw.com%2Fes%2Fel-mundo-conmemora-el-80-aniversario-de-la-liberaci%25C3%25B3n-de-auschwitz%2Fa-71421002&amp;sessionId=b1180de4f0d22727291fae2d6af186e3917603a9&amp;siteScreenName=dw_espanol&amp;theme=light&amp;widgetsVersion=2615f7e52b7e0%3A1702314776716&amp;width=550px\" frameborder=\"0\" scrolling=\"no\" allowfullscreen=\"allowfullscreen\" data-tweet-id=\"1883814192966414702\" data-mce-fragment=\"1\"><\/iframe><\/div>\n<\/blockquote>\n<\/div>\n<\/div>\n<p style=\"text-align: justify;\">El canciller alem\u00e1n\u00a0<a class=\"internal-link\" href=\"https:\/\/www.dw.com\/es\/scholz-olaf\/t-44513219\">Olaf Scholz<\/a>\u00a0expres\u00f3 este lunes su solidaridad con las v\u00edctimas. \u00abHijos, madres, padres, amigos, vecinos, abuelos: m\u00e1s de un mill\u00f3n de individuos con sue\u00f1os y esperanzas fueron asesinados en Auschwitz por alemanes\u00bb, escribi\u00f3 en la red social X.<\/p>\n<p style=\"text-align: justify;\">\u00abLamentamos sus muertes y expresamos nuestro m\u00e1s sentido p\u00e9same. Nunca los olvidaremos. Ni hoy ni ma\u00f1ana \u00ab, agreg\u00f3 el jefe del gobierno alem\u00e1n.<\/p>\n<p style=\"text-align: justify;\">Por su parte, Macron visit\u00f3 este lunes el Memorial del\u00a0<a class=\"internal-link\" href=\"https:\/\/www.dw.com\/es\/holocausto\/t-17412561\">Holocausto<\/a>\u00a0en Par\u00eds y pidi\u00f3 que no se olvide a las v\u00edctimas, \u00abNo olvidemos nunca a los millones de v\u00edctimas del Holocausto. Luchemos incansablemente contra el antisemitismo y el odio en nombre de todos los que murieron. Seamos la memoria de su memoria\u00bb, expres\u00f3 en X.<\/p>\n<div class=\"render-container tweet embed\" style=\"text-align: justify;\">\n<div class=\"s1lxdrht ssamamu\">\n<blockquote class=\"x-tweet\" data-id=\"1883793532353409485\">\n<div class=\"twitter-tweet twitter-tweet-rendered\"><iframe id=\"twitter-widget-1\" class=\"\" title=\"X Post\" src=\"https:\/\/platform.twitter.com\/embed\/Tweet.html?dnt=false&amp;embedId=twitter-widget-1&amp;features=eyJ0ZndfdGltZWxpbmVfbGlzdCI6eyJidWNrZXQiOltdLCJ2ZXJzaW9uIjpudWxsfSwidGZ3X2ZvbGxvd2VyX2NvdW50X3N1bnNldCI6eyJidWNrZXQiOnRydWUsInZlcnNpb24iOm51bGx9LCJ0ZndfdHdlZXRfZWRpdF9iYWNrZW5kIjp7ImJ1Y2tldCI6Im9uIiwidmVyc2lvbiI6bnVsbH0sInRmd19yZWZzcmNfc2Vzc2lvbiI6eyJidWNrZXQiOiJvbiIsInZlcnNpb24iOm51bGx9LCJ0ZndfZm9zbnJfc29mdF9pbnRlcnZlbnRpb25zX2VuYWJsZWQiOnsiYnVja2V0Ijoib24iLCJ2ZXJzaW9uIjpudWxsfSwidGZ3X21peGVkX21lZGlhXzE1ODk3Ijp7ImJ1Y2tldCI6InRyZWF0bWVudCIsInZlcnNpb24iOm51bGx9LCJ0ZndfZXhwZXJpbWVudHNfY29va2llX2V4cGlyYXRpb24iOnsiYnVja2V0IjoxMjA5NjAwLCJ2ZXJzaW9uIjpudWxsfSwidGZ3X3Nob3dfYmlyZHdhdGNoX3Bpdm90c19lbmFibGVkIjp7ImJ1Y2tldCI6Im9uIiwidmVyc2lvbiI6bnVsbH0sInRmd19kdXBsaWNhdGVfc2NyaWJlc190b19zZXR0aW5ncyI6eyJidWNrZXQiOiJvbiIsInZlcnNpb24iOm51bGx9LCJ0ZndfdXNlX3Byb2ZpbGVfaW1hZ2Vfc2hhcGVfZW5hYmxlZCI6eyJidWNrZXQiOiJvbiIsInZlcnNpb24iOm51bGx9LCJ0ZndfdmlkZW9faGxzX2R5bmFtaWNfbWFuaWZlc3RzXzE1MDgyIjp7ImJ1Y2tldCI6InRydWVfYml0cmF0ZSIsInZlcnNpb24iOm51bGx9LCJ0ZndfbGVnYWN5X3RpbWVsaW5lX3N1bnNldCI6eyJidWNrZXQiOnRydWUsInZlcnNpb24iOm51bGx9LCJ0ZndfdHdlZXRfZWRpdF9mcm9udGVuZCI6eyJidWNrZXQiOiJvbiIsInZlcnNpb24iOm51bGx9fQ%3D%3D&amp;frame=false&amp;hideCard=false&amp;hideThread=false&amp;id=1883793532353409485&amp;lang=en&amp;origin=https%3A%2F%2Fwww.dw.com%2Fes%2Fel-mundo-conmemora-el-80-aniversario-de-la-liberaci%25C3%25B3n-de-auschwitz%2Fa-71421002&amp;sessionId=b1180de4f0d22727291fae2d6af186e3917603a9&amp;siteScreenName=dw_espanol&amp;theme=light&amp;widgetsVersion=2615f7e52b7e0%3A1702314776716&amp;width=550px\" frameborder=\"0\" scrolling=\"no\" allowfullscreen=\"allowfullscreen\" data-tweet-id=\"1883793532353409485\" data-mce-fragment=\"1\"><\/iframe><\/div>\n<\/blockquote>\n<\/div>\n<\/div>\n","protected":false},"excerpt":{"rendered":"<p>El mundo conmemora este lunes (27.01.2025) el\u00a080 aniversario\u00a0de la liberaci\u00f3n de\u00a0Auschwitz, con la asistencia de algunos de los pocos sobrevivientes que quedan a ceremonias en el lugar del tristemente c\u00e9lebre campo de concentraci\u00f3n\u00a0nazi. Auschwitz fue el mayor de los campos de exterminio y se ha convertido en un s\u00edmbolo del genocidio de la\u00a0Alemania nazi\u00a0contra seis [&hellip;]<\/p>\n","protected":false},"author":2,"featured_media":61977,"comment_status":"closed","ping_status":"closed","sticky":false,"template":"","format":"standard","meta":{"om_disable_all_campaigns":false,"_monsterinsights_skip_tracking":false,"_monsterinsights_sitenote_active":false,"_monsterinsights_sitenote_note":"","_monsterinsights_sitenote_category":0,"_uf_show_specific_survey":0,"_uf_disable_surveys":false,"_jetpack_memberships_contains_paid_content":false,"footnotes":"","jetpack_publicize_message":"Mundo conmemora 80 aniversario de la liberaci\u00f3n de Auschwitz","jetpack_publicize_feature_enabled":true,"jetpack_social_post_already_shared":true,"jetpack_social_options":{"image_generator_settings":{"template":"highway","default_image_id":0,"enabled":false},"version":2}},"categories":[6,18],"tags":[],"class_list":{"0":"post-61976","1":"post","2":"type-post","3":"status-publish","4":"format-standard","5":"has-post-thumbnail","7":"category-global","8":"category-internacional"},"aioseo_notices":[],"jetpack_publicize_connections":[],"jetpack_featured_media_url":"https:\/\/mediagroup.mx\/wp-content\/uploads\/2025\/01\/Captura-de-pantalla-2025-01-27-a-las-11.38.05.png","jetpack_sharing_enabled":true,"_links":{"self":[{"href":"https:\/\/mediagroup.mx\/index.php\/wp-json\/wp\/v2\/posts\/61976","targetHints":{"allow":["GET"]}}],"collection":[{"href":"https:\/\/mediagroup.mx\/index.php\/wp-json\/wp\/v2\/posts"}],"about":[{"href":"https:\/\/mediagroup.mx\/index.php\/wp-json\/wp\/v2\/types\/post"}],"author":[{"embeddable":true,"href":"https:\/\/mediagroup.mx\/index.php\/wp-json\/wp\/v2\/users\/2"}],"replies":[{"embeddable":true,"href":"https:\/\/mediagroup.mx\/index.php\/wp-json\/wp\/v2\/comments?post=61976"}],"version-history":[{"count":1,"href":"https:\/\/mediagroup.mx\/index.php\/wp-json\/wp\/v2\/posts\/61976\/revisions"}],"predecessor-version":[{"id":61978,"href":"https:\/\/mediagroup.mx\/index.php\/wp-json\/wp\/v2\/posts\/61976\/revisions\/61978"}],"wp:featuredmedia":[{"embeddable":true,"href":"https:\/\/mediagroup.mx\/index.php\/wp-json\/wp\/v2\/media\/61977"}],"wp:attachment":[{"href":"https:\/\/mediagroup.mx\/index.php\/wp-json\/wp\/v2\/media?parent=61976"}],"wp:term":[{"taxonomy":"category","embeddable":true,"href":"https:\/\/mediagroup.mx\/index.php\/wp-json\/wp\/v2\/categories?post=61976"},{"taxonomy":"post_tag","embeddable":true,"href":"https:\/\/mediagroup.mx\/index.php\/wp-json\/wp\/v2\/tags?post=61976"}],"curies":[{"name":"wp","href":"https:\/\/api.w.org\/{rel}","templated":true}]}}