{"id":61979,"date":"2025-01-27T16:17:39","date_gmt":"2025-01-27T22:17:39","guid":{"rendered":"https:\/\/mediagroup.mx\/?p=61979"},"modified":"2025-01-27T16:17:39","modified_gmt":"2025-01-27T22:17:39","slug":"semmujeris-alista-su-primer-bazar-en-apoyo-a-mujeres-emprendedoras","status":"publish","type":"post","link":"https:\/\/mediagroup.mx\/index.php\/2025\/01\/27\/semmujeris-alista-su-primer-bazar-en-apoyo-a-mujeres-emprendedoras\/","title":{"rendered":"Semmujeris alista su primer bazar en apoyo a mujeres emprendedoras"},"content":{"rendered":"<p style=\"text-align: justify;\">En el marco de las acciones que encabeza el Presidente Municipal, Alfonso Mart\u00ednez Alc\u00e1zar, para fomentar el empoderamiento y la autonom\u00eda econ\u00f3mica de las mujeres morelianas, la Secretar\u00eda de la Mujer Moreliana para la Igualdad Sustantiva (Semmujeris) llevar\u00e1 a cabo este s\u00e1bado su primer bazar del a\u00f1o en el Andador Nigromante.<\/p>\n<p style=\"text-align: justify;\">El evento, dise\u00f1ado para impulsar los emprendimientos locales de las morelianas, se realizar\u00e1 de 10:00 a.m. a 5:00 p.m. y contar\u00e1 con una amplia variedad de productos, incluyendo bisuter\u00eda, plantas, art\u00edculos artesanales y de herbolaria, entre otros.<\/p>\n<p style=\"text-align: justify;\">Este bazar no solo busca promover el talento y la creatividad de las mujeres emprendedoras, sino tambi\u00e9n generar espacios de apoyo mutuo y crecimiento econ\u00f3mico para las familias morelianas, mencion\u00f3 Nuria Gabriela Hern\u00e1ndez Abarca, titular de la Semmujeris.<\/p>\n<p style=\"text-align: justify;\">Asimismo, en el mismo lugar en punto de las 11:00 am, se presentar\u00e1 el libro \u201cMujeres en la Polic\u00eda. Miradas feministas sobre su experiencia y entorno laboral\u201d, que presentar\u00e1 la Doctora Olivia Tena Guerrero.<\/p>\n<p style=\"text-align: justify;\">La invitaci\u00f3n est\u00e1 abierta a toda la ciudadan\u00eda para sumarse a esta iniciativa y consumir productos locales que reflejan la riqueza artesanal de nuestra comunidad.<\/p>\n","protected":false},"excerpt":{"rendered":"<p>En el marco de las acciones que encabeza el Presidente Municipal, Alfonso Mart\u00ednez Alc\u00e1zar, para fomentar el empoderamiento y la autonom\u00eda econ\u00f3mica de las mujeres morelianas, la Secretar\u00eda de la Mujer Moreliana para la Igualdad Sustantiva (Semmujeris) llevar\u00e1 a cabo este s\u00e1bado su primer bazar del a\u00f1o en el Andador Nigromante. El evento, dise\u00f1ado para [&hellip;]<\/p>\n","protected":false},"author":2,"featured_media":61980,"comment_status":"closed","ping_status":"closed","sticky":false,"template":"","format":"standard","meta":{"om_disable_all_campaigns":false,"_monsterinsights_skip_tracking":false,"_monsterinsights_sitenote_active":false,"_monsterinsights_sitenote_note":"","_monsterinsights_sitenote_category":0,"_uf_show_specific_survey":0,"_uf_disable_surveys":false,"_jetpack_memberships_contains_paid_content":false,"footnotes":"","jetpack_publicize_message":"Semmujeris alista su primer bazar en apoyo a mujeres emprendedoras","jetpack_publicize_feature_enabled":true,"jetpack_social_post_already_shared":true,"jetpack_social_options":{"image_generator_settings":{"template":"highway","default_image_id":0,"enabled":false},"version":2}},"categories":[15],"tags":[],"class_list":{"0":"post-61979","1":"post","2":"type-post","3":"status-publish","4":"format-standard","5":"has-post-thumbnail","7":"category-michoacan"},"aioseo_notices":[],"jetpack_publicize_connections":[],"jetpack_featured_media_url":"https:\/\/mediagroup.mx\/wp-content\/uploads\/2025\/01\/WhatsApp-Image-2025-01-27-at-11.45.21-AM.jpeg","jetpack_sharing_enabled":true,"_links":{"self":[{"href":"https:\/\/mediagroup.mx\/index.php\/wp-json\/wp\/v2\/posts\/61979","targetHints":{"allow":["GET"]}}],"collection":[{"href":"https:\/\/mediagroup.mx\/index.php\/wp-json\/wp\/v2\/posts"}],"about":[{"href":"https:\/\/mediagroup.mx\/index.php\/wp-json\/wp\/v2\/types\/post"}],"author":[{"embeddable":true,"href":"https:\/\/mediagroup.mx\/index.php\/wp-json\/wp\/v2\/users\/2"}],"replies":[{"embeddable":true,"href":"https:\/\/mediagroup.mx\/index.php\/wp-json\/wp\/v2\/comments?post=61979"}],"version-history":[{"count":1,"href":"https:\/\/mediagroup.mx\/index.php\/wp-json\/wp\/v2\/posts\/61979\/revisions"}],"predecessor-version":[{"id":61981,"href":"https:\/\/mediagroup.mx\/index.php\/wp-json\/wp\/v2\/posts\/61979\/revisions\/61981"}],"wp:featuredmedia":[{"embeddable":true,"href":"https:\/\/mediagroup.mx\/index.php\/wp-json\/wp\/v2\/media\/61980"}],"wp:attachment":[{"href":"https:\/\/mediagroup.mx\/index.php\/wp-json\/wp\/v2\/media?parent=61979"}],"wp:term":[{"taxonomy":"category","embeddable":true,"href":"https:\/\/mediagroup.mx\/index.php\/wp-json\/wp\/v2\/categories?post=61979"},{"taxonomy":"post_tag","embeddable":true,"href":"https:\/\/mediagroup.mx\/index.php\/wp-json\/wp\/v2\/tags?post=61979"}],"curies":[{"name":"wp","href":"https:\/\/api.w.org\/{rel}","templated":true}]}}