{"id":61983,"date":"2025-01-27T17:41:50","date_gmt":"2025-01-27T23:41:50","guid":{"rendered":"https:\/\/mediagroup.mx\/?p=61983"},"modified":"2025-01-27T17:41:50","modified_gmt":"2025-01-27T23:41:50","slug":"la-educacion-es-la-base-para-el-futuro-de-los-jovenes-huandacarenses-alexis-velazquez","status":"publish","type":"post","link":"https:\/\/mediagroup.mx\/index.php\/2025\/01\/27\/la-educacion-es-la-base-para-el-futuro-de-los-jovenes-huandacarenses-alexis-velazquez\/","title":{"rendered":"La educaci\u00f3n es la base para el futuro de los j\u00f3venes huandacarenses: Alexis Vel\u00e1zquez"},"content":{"rendered":"<p>En el marco del d\u00eda internacional de la educaci\u00f3n que se celebr\u00f3 este 24 de enero, el presidente municipal de Huandacareo, Pedro Alexis Vel\u00e1zquez Guzm\u00e1n, visit\u00f3 y supervis\u00f3 las instalaciones del Cecyte en el municipio.<\/p>\n<p>Acompa\u00f1ado por la directora general del Instituto de Educaci\u00f3n Media Superior y Superior del Estado, Mariana Sosa Olmeda, realizaron un recorrido por el plantel y acordaron trabajar de la mano para mejorar la educaci\u00f3n en Huandacareo.<\/p>\n<p>\u201cFue una experiencia muy enriquecedora conocer de cerca el esfuerzo que se est\u00e1 haciendo para brindar una educaci\u00f3n de calidad a nuestros j\u00f3venes\u201d, asegur\u00f3.<\/p>\n<p>Alexis Vel\u00e1zquez, indic\u00f3 que la calidad educativa es crucial para preparar a las y los j\u00f3venes hacia un futuro prometedor, con oportunidades y desarrollo, por ello, comprometi\u00f3 unir esfuerzos para tener mejor infraestructura y aulas dignas.<\/p>\n<p>\u201cEstaremos trabajando de la mano, en la mejora de sus instalaciones para que tengan un espacio m\u00e1s digno y funcional para todas y todos los estudiantes\u201c, detall\u00f3.<\/p>\n<p>Con estas acciones el ayuntamiento de Huandacareo avanza para garantizar m\u00e1s y mejores oportunidades a las y los estudiantes del municipio.<\/p>\n","protected":false},"excerpt":{"rendered":"<p>En el marco del d\u00eda internacional de la educaci\u00f3n que se celebr\u00f3 este 24 de enero, el presidente municipal de Huandacareo, Pedro Alexis Vel\u00e1zquez Guzm\u00e1n, visit\u00f3 y supervis\u00f3 las instalaciones del Cecyte en el municipio. Acompa\u00f1ado por la directora general del Instituto de Educaci\u00f3n Media Superior y Superior del Estado, Mariana Sosa Olmeda, realizaron un [&hellip;]<\/p>\n","protected":false},"author":2,"featured_media":0,"comment_status":"closed","ping_status":"closed","sticky":false,"template":"","format":"standard","meta":{"om_disable_all_campaigns":false,"_monsterinsights_skip_tracking":false,"_monsterinsights_sitenote_active":false,"_monsterinsights_sitenote_note":"","_monsterinsights_sitenote_category":0,"_uf_show_specific_survey":0,"_uf_disable_surveys":false,"_jetpack_memberships_contains_paid_content":false,"footnotes":"","jetpack_publicize_message":"La educaci\u00f3n es la base para el futuro de los j\u00f3venes huandacarenses: Alexis Vel\u00e1zquez","jetpack_publicize_feature_enabled":true,"jetpack_social_post_already_shared":true,"jetpack_social_options":{"image_generator_settings":{"template":"highway","default_image_id":0,"enabled":false},"version":2}},"categories":[22],"tags":[],"class_list":{"0":"post-61983","1":"post","2":"type-post","3":"status-publish","4":"format-standard","6":"category-educacion"},"aioseo_notices":[],"jetpack_publicize_connections":[],"jetpack_featured_media_url":"","jetpack_sharing_enabled":true,"_links":{"self":[{"href":"https:\/\/mediagroup.mx\/index.php\/wp-json\/wp\/v2\/posts\/61983","targetHints":{"allow":["GET"]}}],"collection":[{"href":"https:\/\/mediagroup.mx\/index.php\/wp-json\/wp\/v2\/posts"}],"about":[{"href":"https:\/\/mediagroup.mx\/index.php\/wp-json\/wp\/v2\/types\/post"}],"author":[{"embeddable":true,"href":"https:\/\/mediagroup.mx\/index.php\/wp-json\/wp\/v2\/users\/2"}],"replies":[{"embeddable":true,"href":"https:\/\/mediagroup.mx\/index.php\/wp-json\/wp\/v2\/comments?post=61983"}],"version-history":[{"count":1,"href":"https:\/\/mediagroup.mx\/index.php\/wp-json\/wp\/v2\/posts\/61983\/revisions"}],"predecessor-version":[{"id":61985,"href":"https:\/\/mediagroup.mx\/index.php\/wp-json\/wp\/v2\/posts\/61983\/revisions\/61985"}],"wp:attachment":[{"href":"https:\/\/mediagroup.mx\/index.php\/wp-json\/wp\/v2\/media?parent=61983"}],"wp:term":[{"taxonomy":"category","embeddable":true,"href":"https:\/\/mediagroup.mx\/index.php\/wp-json\/wp\/v2\/categories?post=61983"},{"taxonomy":"post_tag","embeddable":true,"href":"https:\/\/mediagroup.mx\/index.php\/wp-json\/wp\/v2\/tags?post=61983"}],"curies":[{"name":"wp","href":"https:\/\/api.w.org\/{rel}","templated":true}]}}