{"id":62005,"date":"2025-01-28T13:59:55","date_gmt":"2025-01-28T19:59:55","guid":{"rendered":"https:\/\/mediagroup.mx\/?p=62005"},"modified":"2025-01-28T13:59:55","modified_gmt":"2025-01-28T19:59:55","slug":"video-ardio-avion-con-170-pasajeros-en-aeropuerto-de-corea-del-sur","status":"publish","type":"post","link":"https:\/\/mediagroup.mx\/index.php\/2025\/01\/28\/video-ardio-avion-con-170-pasajeros-en-aeropuerto-de-corea-del-sur\/","title":{"rendered":"#Video Ardi\u00f3 avi\u00f3n con 170 pasajeros en aeropuerto de Corea del Sur"},"content":{"rendered":"<div class=\"complementos-container img-responsive complemento-img\">\n<div>\n<div>\n<p dir=\"ltr\" style=\"text-align: justify;\">A trav\u00e9s de las redes sociales, se dio a conocer que un avi\u00f3n de la aerol\u00ednea Air Busan, se incendi\u00f3 en el aeropuerto internacional de Gimhae en la ciudad de Busan en Corea del Sur.<\/p>\n<p dir=\"ltr\" style=\"text-align: justify;\">Se dice que el incendio comenz\u00f3 en la cola del avi\u00f3n, el cu\u00e1l se propag\u00f3 al fuselaje de la aeronave. Afortunadamente, tanto los 170 pasajeros como los siete miembros de la tripulaci\u00f3n fueron evacuados a tiempo.<\/p>\n<p dir=\"ltr\" style=\"text-align: justify;\">Si bien al principio se dijo que no hab\u00eda heridos, minutos despu\u00e9s se confirm\u00f3 que exist\u00edan tres personas heridas.<\/p>\n<div class=\"twitter-tweet twitter-tweet-rendered\" style=\"text-align: justify;\"><iframe id=\"twitter-widget-0\" class=\"\" title=\"X Post\" src=\"https:\/\/platform.twitter.com\/embed\/Tweet.html?dnt=false&amp;embedId=twitter-widget-0&amp;features=eyJ0ZndfdGltZWxpbmVfbGlzdCI6eyJidWNrZXQiOltdLCJ2ZXJzaW9uIjpudWxsfSwidGZ3X2ZvbGxvd2VyX2NvdW50X3N1bnNldCI6eyJidWNrZXQiOnRydWUsInZlcnNpb24iOm51bGx9LCJ0ZndfdHdlZXRfZWRpdF9iYWNrZW5kIjp7ImJ1Y2tldCI6Im9uIiwidmVyc2lvbiI6bnVsbH0sInRmd19yZWZzcmNfc2Vzc2lvbiI6eyJidWNrZXQiOiJvbiIsInZlcnNpb24iOm51bGx9LCJ0ZndfZm9zbnJfc29mdF9pbnRlcnZlbnRpb25zX2VuYWJsZWQiOnsiYnVja2V0Ijoib24iLCJ2ZXJzaW9uIjpudWxsfSwidGZ3X21peGVkX21lZGlhXzE1ODk3Ijp7ImJ1Y2tldCI6InRyZWF0bWVudCIsInZlcnNpb24iOm51bGx9LCJ0ZndfZXhwZXJpbWVudHNfY29va2llX2V4cGlyYXRpb24iOnsiYnVja2V0IjoxMjA5NjAwLCJ2ZXJzaW9uIjpudWxsfSwidGZ3X3Nob3dfYmlyZHdhdGNoX3Bpdm90c19lbmFibGVkIjp7ImJ1Y2tldCI6Im9uIiwidmVyc2lvbiI6bnVsbH0sInRmd19kdXBsaWNhdGVfc2NyaWJlc190b19zZXR0aW5ncyI6eyJidWNrZXQiOiJvbiIsInZlcnNpb24iOm51bGx9LCJ0ZndfdXNlX3Byb2ZpbGVfaW1hZ2Vfc2hhcGVfZW5hYmxlZCI6eyJidWNrZXQiOiJvbiIsInZlcnNpb24iOm51bGx9LCJ0ZndfdmlkZW9faGxzX2R5bmFtaWNfbWFuaWZlc3RzXzE1MDgyIjp7ImJ1Y2tldCI6InRydWVfYml0cmF0ZSIsInZlcnNpb24iOm51bGx9LCJ0ZndfbGVnYWN5X3RpbWVsaW5lX3N1bnNldCI6eyJidWNrZXQiOnRydWUsInZlcnNpb24iOm51bGx9LCJ0ZndfdHdlZXRfZWRpdF9mcm9udGVuZCI6eyJidWNrZXQiOiJvbiIsInZlcnNpb24iOm51bGx9fQ%3D%3D&amp;frame=false&amp;hideCard=false&amp;hideThread=false&amp;id=1884246435786547485&amp;lang=es&amp;maxWidth=560px&amp;origin=https%3A%2F%2Fwww.tiempo.com.mx%2Fnoticia%2Farder_video_avion_cientos_pasajeros_aeropuerto_busan_coreasur%2F&amp;sessionId=fa67b0b49fef1991153b9dfa20597156bc6ad57a&amp;siteScreenName=tiempo_mx&amp;theme=light&amp;widgetsVersion=2615f7e52b7e0%3A1702314776716&amp;width=550px\" frameborder=\"0\" scrolling=\"no\" allowfullscreen=\"allowfullscreen\" data-tweet-id=\"1884246435786547485\" data-mce-fragment=\"1\"><\/iframe><\/div>\n<p dir=\"ltr\" style=\"text-align: justify;\">El avi\u00f3n Airbius A321 pertenece a la aerol\u00ednea Air Busan y estaba a punto de despegar rumbo a Hong Kong.<\/p>\n<p dir=\"ltr\" style=\"text-align: justify;\">El incidente ocurre casi un mes despu\u00e9s de la cat\u00e1strofe a\u00e9rea m\u00e1s mort\u00edfera en suelo surcoreano, cuando un avi\u00f3n de Jeju Air procedente de Bangkok se estrell\u00f3 en la pista del aeropuerto de Muan al realizar un aterrizaje de emergencia, causando la muerte de 179 personas.<\/p>\n<p style=\"text-align: justify;\"><a href=\"https:\/\/www.tiempo.com.mx\/noticia\/arder_video_avion_cientos_pasajeros_aeropuerto_busan_coreasur\/%3Ciframe%20width=%22560%22%20height=%22315%22%20src=%22https:\/www.youtube.com\/embed\/EWnUJFJwfVw?si=XEiprSGt37ojeNhn%22%20title=%22YouTube%20video%20player%22%20frameborder=%220%22%20allow=%22accelerometer;%20autoplay;%20clipboard-write;%20encrypted-media;%20gyroscope;%20picture-in-picture;%20web-share%22%20referrerpolicy=%22strict-origin-when-cross-origin%22%20allowfullscreen%3E%3C\/iframe%3E\"><iframe loading=\"lazy\" title=\"YouTube video player\" src=\"https:\/\/www.youtube.com\/embed\/EWnUJFJwfVw?si=XEiprSGt37ojeNhn\" width=\"560\" height=\"315\" frameborder=\"0\" allowfullscreen=\"allowfullscreen\" data-mce-fragment=\"1\"><\/iframe><\/a><\/p>\n<p style=\"text-align: justify;\">\n<p style=\"text-align: justify;\">V\u00eda: Tiempo<\/p>\n<\/div>\n<\/div>\n<\/div>\n","protected":false},"excerpt":{"rendered":"<p>A trav\u00e9s de las redes sociales, se dio a conocer que un avi\u00f3n de la aerol\u00ednea Air Busan, se incendi\u00f3 en el aeropuerto internacional de Gimhae en la ciudad de Busan en Corea del Sur. Se dice que el incendio comenz\u00f3 en la cola del avi\u00f3n, el cu\u00e1l se propag\u00f3 al fuselaje de la aeronave. [&hellip;]<\/p>\n","protected":false},"author":2,"featured_media":62006,"comment_status":"closed","ping_status":"closed","sticky":false,"template":"","format":"standard","meta":{"om_disable_all_campaigns":false,"_monsterinsights_skip_tracking":false,"_monsterinsights_sitenote_active":false,"_monsterinsights_sitenote_note":"","_monsterinsights_sitenote_category":0,"_uf_show_specific_survey":0,"_uf_disable_surveys":false,"_jetpack_memberships_contains_paid_content":false,"footnotes":"","jetpack_publicize_message":"#Video Ardi\u00f3 avi\u00f3n con 170 pasajeros en aeropuerto de Corea del Sur","jetpack_publicize_feature_enabled":true,"jetpack_social_post_already_shared":true,"jetpack_social_options":{"image_generator_settings":{"template":"highway","default_image_id":0,"enabled":false},"version":2}},"categories":[18,16],"tags":[],"class_list":{"0":"post-62005","1":"post","2":"type-post","3":"status-publish","4":"format-standard","5":"has-post-thumbnail","7":"category-internacional","8":"category-viral"},"aioseo_notices":[],"jetpack_publicize_connections":[],"jetpack_featured_media_url":"https:\/\/mediagroup.mx\/wp-content\/uploads\/2025\/01\/Captura-de-pantalla-2025-01-28-a-las-13.59.30.png","jetpack_sharing_enabled":true,"_links":{"self":[{"href":"https:\/\/mediagroup.mx\/index.php\/wp-json\/wp\/v2\/posts\/62005","targetHints":{"allow":["GET"]}}],"collection":[{"href":"https:\/\/mediagroup.mx\/index.php\/wp-json\/wp\/v2\/posts"}],"about":[{"href":"https:\/\/mediagroup.mx\/index.php\/wp-json\/wp\/v2\/types\/post"}],"author":[{"embeddable":true,"href":"https:\/\/mediagroup.mx\/index.php\/wp-json\/wp\/v2\/users\/2"}],"replies":[{"embeddable":true,"href":"https:\/\/mediagroup.mx\/index.php\/wp-json\/wp\/v2\/comments?post=62005"}],"version-history":[{"count":1,"href":"https:\/\/mediagroup.mx\/index.php\/wp-json\/wp\/v2\/posts\/62005\/revisions"}],"predecessor-version":[{"id":62007,"href":"https:\/\/mediagroup.mx\/index.php\/wp-json\/wp\/v2\/posts\/62005\/revisions\/62007"}],"wp:featuredmedia":[{"embeddable":true,"href":"https:\/\/mediagroup.mx\/index.php\/wp-json\/wp\/v2\/media\/62006"}],"wp:attachment":[{"href":"https:\/\/mediagroup.mx\/index.php\/wp-json\/wp\/v2\/media?parent=62005"}],"wp:term":[{"taxonomy":"category","embeddable":true,"href":"https:\/\/mediagroup.mx\/index.php\/wp-json\/wp\/v2\/categories?post=62005"},{"taxonomy":"post_tag","embeddable":true,"href":"https:\/\/mediagroup.mx\/index.php\/wp-json\/wp\/v2\/tags?post=62005"}],"curies":[{"name":"wp","href":"https:\/\/api.w.org\/{rel}","templated":true}]}}