{"id":62028,"date":"2025-01-28T17:25:01","date_gmt":"2025-01-28T23:25:01","guid":{"rendered":"https:\/\/mediagroup.mx\/?p=62028"},"modified":"2025-01-28T17:25:01","modified_gmt":"2025-01-28T23:25:01","slug":"auto-choca-contra-contencion-metalica-en-la-morelia-patzcuaro-hay-1-muerto","status":"publish","type":"post","link":"https:\/\/mediagroup.mx\/index.php\/2025\/01\/28\/auto-choca-contra-contencion-metalica-en-la-morelia-patzcuaro-hay-1-muerto\/","title":{"rendered":"Auto choca contra contenci\u00f3n met\u00e1lica en la Morelia-P\u00e1tzcuaro; hay 1 muerto"},"content":{"rendered":"<p>RED 113 MICHOAC\u00c1N\/Redacci\u00f3n<\/p>\n<p>Morelia, Mich.- Martes 28 de enero de 2025.- Un autom\u00f3vil se estrell\u00f3 contra una contenci\u00f3n met\u00e1lica ubicada en la carretera Morelia-P\u00e1tzcuaro, veh\u00edculo que qued\u00f3 incrustado en la mencionada barrera de hierro y uno de sus ocupantes muri\u00f3, otros cuatro resultaron lesionados, uno de ellos de gravedad, indicaron fuentes allegadas al tema.<\/p>\n<p>El percance sucedi\u00f3 durante la tarde de este martes a la altura de la Tenencia de Tiripet\u00edo y fue reportado al n\u00famero de emergencias 911. Unos automovilistas se aproximaron al referido carro y ayudaron a los tripulantes.<\/p>\n<p>Posteriormente arribaron unos param\u00e9dicos, mismos que confirmaron el deceso de una persona y otorgaron las primeras curaciones a los sobrevivientes, uno de los cuales sufri\u00f3 lesiones de consideraci\u00f3n y tuvo que ser canalizado en helic\u00f3ptero a un hospital.<\/p>\n<p>Oficiales de vialidad abanderaron el incidente y dieron parte a la Fiscal\u00eda General del Estado (FGE), cuyos especialistas de la Unidad de Atenci\u00f3n Inmediata se encargaron de las investigaciones correspondientes y trasladaron el cad\u00e1ver a la morgue para la pr\u00e1ctica de la necropsia de rigor. Hasta el momento la identidad de las v\u00edctimas no ha sido expuesta.<\/p>\n<p><img loading=\"lazy\" decoding=\"async\" class=\"alignnone size-medium wp-image-62029\" src=\"https:\/\/mediagroup.mx\/wp-content\/uploads\/2025\/01\/WhatsApp-Image-2025-01-28-at-5.05.55-PM-300x169.jpeg\" alt=\"\" width=\"300\" height=\"169\" srcset=\"https:\/\/mediagroup.mx\/wp-content\/uploads\/2025\/01\/WhatsApp-Image-2025-01-28-at-5.05.55-PM-300x169.jpeg 300w, https:\/\/mediagroup.mx\/wp-content\/uploads\/2025\/01\/WhatsApp-Image-2025-01-28-at-5.05.55-PM-1024x576.jpeg 1024w, https:\/\/mediagroup.mx\/wp-content\/uploads\/2025\/01\/WhatsApp-Image-2025-01-28-at-5.05.55-PM-768x432.jpeg 768w, https:\/\/mediagroup.mx\/wp-content\/uploads\/2025\/01\/WhatsApp-Image-2025-01-28-at-5.05.55-PM-1536x864.jpeg 1536w, https:\/\/mediagroup.mx\/wp-content\/uploads\/2025\/01\/WhatsApp-Image-2025-01-28-at-5.05.55-PM-150x84.jpeg 150w, https:\/\/mediagroup.mx\/wp-content\/uploads\/2025\/01\/WhatsApp-Image-2025-01-28-at-5.05.55-PM-696x391.jpeg 696w, https:\/\/mediagroup.mx\/wp-content\/uploads\/2025\/01\/WhatsApp-Image-2025-01-28-at-5.05.55-PM-1068x600.jpeg 1068w, https:\/\/mediagroup.mx\/wp-content\/uploads\/2025\/01\/WhatsApp-Image-2025-01-28-at-5.05.55-PM.jpeg 1599w\" sizes=\"auto, (max-width: 300px) 100vw, 300px\" \/><\/p>\n","protected":false},"excerpt":{"rendered":"<p>RED 113 MICHOAC\u00c1N\/Redacci\u00f3n Morelia, Mich.- Martes 28 de enero de 2025.- Un autom\u00f3vil se estrell\u00f3 contra una contenci\u00f3n met\u00e1lica ubicada en la carretera Morelia-P\u00e1tzcuaro, veh\u00edculo que qued\u00f3 incrustado en la mencionada barrera de hierro y uno de sus ocupantes muri\u00f3, otros cuatro resultaron lesionados, uno de ellos de gravedad, indicaron fuentes allegadas al tema. El [&hellip;]<\/p>\n","protected":false},"author":2,"featured_media":62029,"comment_status":"closed","ping_status":"closed","sticky":false,"template":"","format":"standard","meta":{"om_disable_all_campaigns":false,"_monsterinsights_skip_tracking":false,"_monsterinsights_sitenote_active":false,"_monsterinsights_sitenote_note":"","_monsterinsights_sitenote_category":0,"_uf_show_specific_survey":0,"_uf_disable_surveys":false,"_jetpack_memberships_contains_paid_content":false,"footnotes":"","jetpack_publicize_message":"Auto choca contra contenci\u00f3n met\u00e1lica en la Morelia-P\u00e1tzcuaro; hay 1 muerto\r\n\r\n+ El veh\u00edculo qued\u00f3 incrustado en la barrera de hierro.\r\n+ Al menos cuatro personas resultaron heridas, una de ellas de gravedad.","jetpack_publicize_feature_enabled":true,"jetpack_social_post_already_shared":true,"jetpack_social_options":{"image_generator_settings":{"template":"highway","default_image_id":0,"enabled":false},"version":2}},"categories":[28],"tags":[],"class_list":{"0":"post-62028","1":"post","2":"type-post","3":"status-publish","4":"format-standard","5":"has-post-thumbnail","7":"category-moreliaseguridad"},"aioseo_notices":[],"jetpack_publicize_connections":[],"jetpack_featured_media_url":"https:\/\/mediagroup.mx\/wp-content\/uploads\/2025\/01\/WhatsApp-Image-2025-01-28-at-5.05.55-PM.jpeg","jetpack_sharing_enabled":true,"_links":{"self":[{"href":"https:\/\/mediagroup.mx\/index.php\/wp-json\/wp\/v2\/posts\/62028","targetHints":{"allow":["GET"]}}],"collection":[{"href":"https:\/\/mediagroup.mx\/index.php\/wp-json\/wp\/v2\/posts"}],"about":[{"href":"https:\/\/mediagroup.mx\/index.php\/wp-json\/wp\/v2\/types\/post"}],"author":[{"embeddable":true,"href":"https:\/\/mediagroup.mx\/index.php\/wp-json\/wp\/v2\/users\/2"}],"replies":[{"embeddable":true,"href":"https:\/\/mediagroup.mx\/index.php\/wp-json\/wp\/v2\/comments?post=62028"}],"version-history":[{"count":1,"href":"https:\/\/mediagroup.mx\/index.php\/wp-json\/wp\/v2\/posts\/62028\/revisions"}],"predecessor-version":[{"id":62030,"href":"https:\/\/mediagroup.mx\/index.php\/wp-json\/wp\/v2\/posts\/62028\/revisions\/62030"}],"wp:featuredmedia":[{"embeddable":true,"href":"https:\/\/mediagroup.mx\/index.php\/wp-json\/wp\/v2\/media\/62029"}],"wp:attachment":[{"href":"https:\/\/mediagroup.mx\/index.php\/wp-json\/wp\/v2\/media?parent=62028"}],"wp:term":[{"taxonomy":"category","embeddable":true,"href":"https:\/\/mediagroup.mx\/index.php\/wp-json\/wp\/v2\/categories?post=62028"},{"taxonomy":"post_tag","embeddable":true,"href":"https:\/\/mediagroup.mx\/index.php\/wp-json\/wp\/v2\/tags?post=62028"}],"curies":[{"name":"wp","href":"https:\/\/api.w.org\/{rel}","templated":true}]}}