{"id":62041,"date":"2025-01-29T15:37:20","date_gmt":"2025-01-29T21:37:20","guid":{"rendered":"https:\/\/mediagroup.mx\/?p=62041"},"modified":"2025-01-29T15:37:20","modified_gmt":"2025-01-29T21:37:20","slug":"cines-en-mexico-reciben-solicitudes-de-reembolso-por-emilia-perez","status":"publish","type":"post","link":"https:\/\/mediagroup.mx\/index.php\/2025\/01\/29\/cines-en-mexico-reciben-solicitudes-de-reembolso-por-emilia-perez\/","title":{"rendered":"Cines en M\u00e9xico reciben solicitudes de reembolso por \u201cEmilia P\u00e9rez\u201d"},"content":{"rendered":"<div style=\"text-align: justify;\">La pol\u00e9mica por\u00a0<strong>\u2018Emilia P\u00e9rez\u2019<\/strong>, pel\u00edcula que ha recibido cr\u00edticas en M\u00e9xico por c\u00f3mo retrata al narcotr\u00e1fico y las desapariciones, arreci\u00f3 en su primera semana de estreno debido a que una cadena de cines ofrece \u00abgarant\u00eda\u00bb por el filme, por lo que clientes exigen su reembolso con apoyo del Gobierno.<\/p>\n<\/div>\n<div style=\"text-align: justify;\">Cientos de espectadores\u00a0<strong>realizan una campa\u00f1a en redes sociales para demandar de vuelta el dinero de sus entradas<\/strong>\u00a0a Cin\u00e9polis, empresa mexicana que promociona la producci\u00f3n con \u2018Garant\u00eda Cin\u00e9polis\u2019, lo que ha sido cuestionado tambi\u00e9n por la Procuradur\u00eda Federal del Consumidor (Profeco).<\/p>\n<\/div>\n<div style=\"text-align: justify;\">\u00abAcudimos a ver la pel\u00edcula de \u2018Emilia P\u00e9rez\u2019 a Cin\u00e9polis, pedimos la garant\u00eda de satisfacci\u00f3n por la pel\u00edcula y nos fue negado el reembolso de los boletos. \u00a1Esta historia continuar\u00e1 en tribunales!\u00bb, escribi\u00f3 el grupo Abogados del Consumidor en X.<\/p>\n<\/div>\n<div style=\"text-align: justify;\">Desde su estreno en M\u00e9xico, el 23 de enero, usuarios han pedido a Cin\u00e9polis que cumpla con su garant\u00eda de reintegrar el monto de las entradas al p\u00fablico que no le gust\u00f3 \u2018Emilia P\u00e9rez\u2019, criticada por mostrar la historia de una cabecilla del narcotr\u00e1fico que se vuelve mujer trans, que busca redimirse y funda una organizaci\u00f3n para encontrar a los desaparecidos.<\/p>\n<\/div>\n<div style=\"text-align: justify;\"><strong>EFE.<\/strong><\/div>\n","protected":false},"excerpt":{"rendered":"<p>La pol\u00e9mica por\u00a0\u2018Emilia P\u00e9rez\u2019, pel\u00edcula que ha recibido cr\u00edticas en M\u00e9xico por c\u00f3mo retrata al narcotr\u00e1fico y las desapariciones, arreci\u00f3 en su primera semana de estreno debido a que una cadena de cines ofrece \u00abgarant\u00eda\u00bb por el filme, por lo que clientes exigen su reembolso con apoyo del Gobierno. Cientos de espectadores\u00a0realizan una campa\u00f1a en [&hellip;]<\/p>\n","protected":false},"author":2,"featured_media":62042,"comment_status":"closed","ping_status":"closed","sticky":false,"template":"","format":"standard","meta":{"om_disable_all_campaigns":false,"_monsterinsights_skip_tracking":false,"_monsterinsights_sitenote_active":false,"_monsterinsights_sitenote_note":"","_monsterinsights_sitenote_category":0,"_uf_show_specific_survey":0,"_uf_disable_surveys":false,"_jetpack_memberships_contains_paid_content":false,"footnotes":"","jetpack_publicize_message":"Cines en M\u00e9xico reciben solicitudes de reembolso por \u201cEmilia P\u00e9rez\u201d","jetpack_publicize_feature_enabled":true,"jetpack_social_post_already_shared":true,"jetpack_social_options":{"image_generator_settings":{"template":"highway","default_image_id":0,"enabled":false},"version":2}},"categories":[25,16],"tags":[],"class_list":{"0":"post-62041","1":"post","2":"type-post","3":"status-publish","4":"format-standard","5":"has-post-thumbnail","7":"category-cultura","8":"category-viral"},"aioseo_notices":[],"jetpack_publicize_connections":[],"jetpack_featured_media_url":"https:\/\/mediagroup.mx\/wp-content\/uploads\/2025\/01\/Captura-de-pantalla-2025-01-29-a-las-15.36.56.png","jetpack_sharing_enabled":true,"_links":{"self":[{"href":"https:\/\/mediagroup.mx\/index.php\/wp-json\/wp\/v2\/posts\/62041","targetHints":{"allow":["GET"]}}],"collection":[{"href":"https:\/\/mediagroup.mx\/index.php\/wp-json\/wp\/v2\/posts"}],"about":[{"href":"https:\/\/mediagroup.mx\/index.php\/wp-json\/wp\/v2\/types\/post"}],"author":[{"embeddable":true,"href":"https:\/\/mediagroup.mx\/index.php\/wp-json\/wp\/v2\/users\/2"}],"replies":[{"embeddable":true,"href":"https:\/\/mediagroup.mx\/index.php\/wp-json\/wp\/v2\/comments?post=62041"}],"version-history":[{"count":1,"href":"https:\/\/mediagroup.mx\/index.php\/wp-json\/wp\/v2\/posts\/62041\/revisions"}],"predecessor-version":[{"id":62043,"href":"https:\/\/mediagroup.mx\/index.php\/wp-json\/wp\/v2\/posts\/62041\/revisions\/62043"}],"wp:featuredmedia":[{"embeddable":true,"href":"https:\/\/mediagroup.mx\/index.php\/wp-json\/wp\/v2\/media\/62042"}],"wp:attachment":[{"href":"https:\/\/mediagroup.mx\/index.php\/wp-json\/wp\/v2\/media?parent=62041"}],"wp:term":[{"taxonomy":"category","embeddable":true,"href":"https:\/\/mediagroup.mx\/index.php\/wp-json\/wp\/v2\/categories?post=62041"},{"taxonomy":"post_tag","embeddable":true,"href":"https:\/\/mediagroup.mx\/index.php\/wp-json\/wp\/v2\/tags?post=62041"}],"curies":[{"name":"wp","href":"https:\/\/api.w.org\/{rel}","templated":true}]}}