{"id":62044,"date":"2025-01-29T15:39:21","date_gmt":"2025-01-29T21:39:21","guid":{"rendered":"https:\/\/mediagroup.mx\/?p=62044"},"modified":"2025-01-29T15:39:21","modified_gmt":"2025-01-29T21:39:21","slug":"lewis-hamilton-choca-su-ferrari-durante-pruebas-en-barcelona","status":"publish","type":"post","link":"https:\/\/mediagroup.mx\/index.php\/2025\/01\/29\/lewis-hamilton-choca-su-ferrari-durante-pruebas-en-barcelona\/","title":{"rendered":"Lewis Hamilton choca su Ferrari durante pruebas en Barcelona"},"content":{"rendered":"<p style=\"text-align: justify;\">Lewis Hamilton con Ferrari se sali\u00f3, literalmente, de pista en pr\u00e1cticas. Mientras probaba el Ferrari SF-23 en Barcelona, el piloto brit\u00e1nico mordi\u00f3 m\u00e1s de lo que el monoplaza pudo soportar y termin\u00f3 chocando contra las barreras. El impacto da\u00f1\u00f3 la suspensi\u00f3n y la aerodin\u00e1mica, dejando fuera de acci\u00f3n el auto. Hamilton, eso s\u00ed, sali\u00f3 sin un rasgu\u00f1o y con el \u00e1nimo intacto para seguir adelante.<\/p>\n<p style=\"text-align: justify;\">Todo ocurri\u00f3 en el tercer sector de la pista, a media ma\u00f1ana, durante el segundo d\u00eda de pruebas privadas. El SF-23 perdi\u00f3 tracci\u00f3n y Hamilton, aunque lo intent\u00f3, no pudo salvarlo. El golpe dej\u00f3 a Ferrari con un dolor de cabeza mec\u00e1nico y retras\u00f3 las sesiones de Charles Leclerc, su compa\u00f1ero de equipo. Seg\u00fan cifras compartidas por\u00a0<a href=\"https:\/\/motociclismo.pt\/es\/lewis-hamilton-choca-con-ferrari-en-la-prueba-de-barcelona-un-tropiezo-temprano-o-dolores-de-crecimiento\/\" target=\"_blank\" rel=\"noreferrer noopener\">Motociclismo.pt<\/a>, ambos pilotos hab\u00edan recorrido pocos kil\u00f3metros de los 1,000 permitidos al a\u00f1o para estas pruebas. En el caso de Hamilton, apenas sumaba 89 kil\u00f3metros entre Fiorano y Barcelona antes de este incidente.<\/p>\n<p style=\"text-align: justify;\">El trabajo de reaprender un coche completamente distinto al de Mercedes comenz\u00f3 cuesta arriba. Aunque las condiciones clim\u00e1ticas eran favorables en Barcelona, no pudieron evitar que el SF-23 quedara fuera de juego por varias horas mientras el equipo trabajaba en su recuperaci\u00f3n.<\/p>\n<h2 id=\"h-ese-extrano-deja-vu-en-la-carrera-de-hamilton\" class=\"wp-block-heading\" style=\"text-align: justify;\">Ese extra\u00f1o d\u00e9j\u00e0 vu en la carrera de Hamilton<\/h2>\n<p style=\"text-align: justify;\">El accidente en Ferrari evoca momentos pasados. En 2007, cuando debutaba con McLaren, un choque en Valencia marc\u00f3 su pretemporada. Se dec\u00eda entonces que ser un novato en F\u00f3rmula 1 ten\u00eda peajes. Luego, en 2013, mientras estrenaba chaqueta con Mercedes, una falla de frenos lo envi\u00f3 contra las barreras, tambi\u00e9n en Espa\u00f1a. Pero, como bien recuerda\u00a0<a href=\"https:\/\/racingnews365.com\/the-bizarre-omen-that-surrounds-hamiltons-first-ferrari-crash\" target=\"_blank\" rel=\"noreferrer noopener\">RacingNews365<\/a>, cada uno de estos traspi\u00e9s precedi\u00f3 temporadas brillantes que lo llevaron a lo m\u00e1s alto.<\/p>\n<p style=\"text-align: justify;\">Ferrari, lejos de preocuparse demasiado, convierte los paralelismos hist\u00f3ricos en narrativa optimista. Si Hamilton manej\u00f3 retos as\u00ed antes y sali\u00f3 campe\u00f3n, \u00bfpor qu\u00e9 no repetir la haza\u00f1a con ellos?<\/p>\n<aside class=\"scaip scaip-3    \">\n<div class=\"newspack_global_ad scaip-3 fixed-height\">\n<div id=\"div-gpt-ad-f85e624d25-0\" data-google-query-id=\"CObdloXym4sDFbLz9QId9Vo1Qw\">\n<h2 id=\"h-reparaciones-y-ajustes-necesarios\" class=\"wp-block-heading\" style=\"text-align: justify;\">Reparaciones y ajustes necesarios<\/h2>\n<p style=\"text-align: justify;\">Los mec\u00e1nicos de Ferrari no tardaron en desmontar lo que qued\u00f3 intacto del SF-23 para evaluarlo,\u00a0<a href=\"https:\/\/www.bbc.com\/sport\/formula1\/articles\/cm21e8pj24lo\" target=\"_blank\" rel=\"noreferrer noopener\">seg\u00fan\u00a0BBC Sport<\/a>. La\u00a0<em>Scuderia<\/em>\u00a0trata de entender si el accidente fue fallo mec\u00e1nico, una mala configuraci\u00f3n o simplemente un exceso de confianza. Las pruebas de pretemporada son cruciales no solo para ajustar el monoplaza al estilo de Hamilton, sino tambi\u00e9n para adaptarse a los neum\u00e1ticos Pirelli que debutar\u00e1n en 2026.<\/p>\n<p style=\"text-align: justify;\">Adem\u00e1s, Ferrari necesita que Leclerc recupere su tiempo perdido en pista despu\u00e9s de que el accidente interrumpiera el cronograma. Todo esto ocurre mientras la presi\u00f3n se cocina a fuego alto; el calendario no espera, y la presentaci\u00f3n oficial de Ferrari 2025 est\u00e1 programada para el 19 de febrero en Fiorano.<\/p>\n<aside class=\"scaip scaip-4    \"><\/aside>\n<h2 id=\"h-lo-que-esta-por-venir-para-ferrari-y-hamilton\" class=\"wp-block-heading\" style=\"text-align: justify;\">Lo que est\u00e1 por venir para Ferrari y Hamilton<\/h2>\n<p style=\"text-align: justify;\">Este accidente, aunque engorroso, le a\u00f1ade drama y expectativa a la llegada de Hamilton a Ferrari. El equipo avanza hacia una serie de pruebas adicionales la pr\u00f3xima semana, donde seguir\u00e1n dejando todo listo para la temporada. Seg\u00fan\u00a0<em>Motociclismo.pt<\/em>, adaptarse al coche sigue como la misi\u00f3n principal para Hamilton, quien domina t\u00e9cnicas de conducci\u00f3n impecable pero debe reinterpretarlas en un Ferrari.<\/p>\n<p style=\"text-align: justify;\">La inc\u00f3gnita persiste. \u00bfSer\u00e1 este golpe en Barcelona solo una an\u00e9cdota o el primer cap\u00edtulo de su pr\u00f3ximo \u00e9xito? Si hay algo que nunca falta en la vida de Hamilton, es espect\u00e1culo. Ferrari y \u00e9l pisan el acelerador, y las miradas apuntan hacia lo que podr\u00eda ser una de las temporadas m\u00e1s intensas de F1 que hayamos visto.<\/p>\n<p>V\u00eda: El Tiempo Latino<\/p>\n<aside class=\"scaip scaip-5    \"><\/aside>\n<\/div>\n<\/div>\n<\/aside>\n","protected":false},"excerpt":{"rendered":"<p>Lewis Hamilton con Ferrari se sali\u00f3, literalmente, de pista en pr\u00e1cticas. Mientras probaba el Ferrari SF-23 en Barcelona, el piloto brit\u00e1nico mordi\u00f3 m\u00e1s de lo que el monoplaza pudo soportar y termin\u00f3 chocando contra las barreras. El impacto da\u00f1\u00f3 la suspensi\u00f3n y la aerodin\u00e1mica, dejando fuera de acci\u00f3n el auto. Hamilton, eso s\u00ed, sali\u00f3 sin [&hellip;]<\/p>\n","protected":false},"author":2,"featured_media":62045,"comment_status":"closed","ping_status":"closed","sticky":false,"template":"","format":"standard","meta":{"om_disable_all_campaigns":false,"_monsterinsights_skip_tracking":false,"_monsterinsights_sitenote_active":false,"_monsterinsights_sitenote_note":"","_monsterinsights_sitenote_category":0,"_uf_show_specific_survey":0,"_uf_disable_surveys":false,"_jetpack_memberships_contains_paid_content":false,"footnotes":"","jetpack_publicize_message":"Lewis Hamilton choca su Ferrari durante pruebas en Barcelona","jetpack_publicize_feature_enabled":true,"jetpack_social_post_already_shared":true,"jetpack_social_options":{"image_generator_settings":{"template":"highway","default_image_id":0,"enabled":false},"version":2}},"categories":[19],"tags":[],"class_list":{"0":"post-62044","1":"post","2":"type-post","3":"status-publish","4":"format-standard","5":"has-post-thumbnail","7":"category-deportes"},"aioseo_notices":[],"jetpack_publicize_connections":[],"jetpack_featured_media_url":"https:\/\/mediagroup.mx\/wp-content\/uploads\/2025\/01\/Captura-de-pantalla-2025-01-29-a-las-15.37.56.png","jetpack_sharing_enabled":true,"_links":{"self":[{"href":"https:\/\/mediagroup.mx\/index.php\/wp-json\/wp\/v2\/posts\/62044","targetHints":{"allow":["GET"]}}],"collection":[{"href":"https:\/\/mediagroup.mx\/index.php\/wp-json\/wp\/v2\/posts"}],"about":[{"href":"https:\/\/mediagroup.mx\/index.php\/wp-json\/wp\/v2\/types\/post"}],"author":[{"embeddable":true,"href":"https:\/\/mediagroup.mx\/index.php\/wp-json\/wp\/v2\/users\/2"}],"replies":[{"embeddable":true,"href":"https:\/\/mediagroup.mx\/index.php\/wp-json\/wp\/v2\/comments?post=62044"}],"version-history":[{"count":1,"href":"https:\/\/mediagroup.mx\/index.php\/wp-json\/wp\/v2\/posts\/62044\/revisions"}],"predecessor-version":[{"id":62046,"href":"https:\/\/mediagroup.mx\/index.php\/wp-json\/wp\/v2\/posts\/62044\/revisions\/62046"}],"wp:featuredmedia":[{"embeddable":true,"href":"https:\/\/mediagroup.mx\/index.php\/wp-json\/wp\/v2\/media\/62045"}],"wp:attachment":[{"href":"https:\/\/mediagroup.mx\/index.php\/wp-json\/wp\/v2\/media?parent=62044"}],"wp:term":[{"taxonomy":"category","embeddable":true,"href":"https:\/\/mediagroup.mx\/index.php\/wp-json\/wp\/v2\/categories?post=62044"},{"taxonomy":"post_tag","embeddable":true,"href":"https:\/\/mediagroup.mx\/index.php\/wp-json\/wp\/v2\/tags?post=62044"}],"curies":[{"name":"wp","href":"https:\/\/api.w.org\/{rel}","templated":true}]}}