{"id":62047,"date":"2025-01-30T09:19:04","date_gmt":"2025-01-30T15:19:04","guid":{"rendered":"https:\/\/mediagroup.mx\/?p=62047"},"modified":"2025-01-30T09:19:04","modified_gmt":"2025-01-30T15:19:04","slug":"trump-quiere-enviar-a-migrantes-indocumentados-a-guantanamo","status":"publish","type":"post","link":"https:\/\/mediagroup.mx\/index.php\/2025\/01\/30\/trump-quiere-enviar-a-migrantes-indocumentados-a-guantanamo\/","title":{"rendered":"Trump quiere enviar a migrantes indocumentados a Guant\u00e1namo"},"content":{"rendered":"<p style=\"text-align: justify;\">El presidente de\u00a0<a class=\"internal-link\" href=\"https:\/\/www.dw.com\/es\/trump-revoca-la-extensi%C3%B3n-del-tps-para-venezolanos-hasta-2026\/a-71450409\">Estados Unidos<\/a>,\u00a0<a class=\"internal-link\" href=\"https:\/\/www.dw.com\/es\/aranceles-de-trump-qu%C3%A9-podr%C3%ADan-significar-para-m%C3%A9xico-y-canad%C3%A1\/a-71451018\">Donald Trump<\/a>, dijo este mi\u00e9rcoles (29.01.2025) que quiere que la prisi\u00f3n militar de Guant\u00e1namo, normalmente reservada para presos acusados de terrorismo, est\u00e9 lista para albergar a hasta 30.000\u00a0<a class=\"internal-link\" href=\"https:\/\/www.dw.com\/es\/as%C3%AD-quiere-apoyar-am%C3%A9rica-latina-a-los-deportados-por-trump\/a-71451068\">migrantes<\/a>\u00a0en situaci\u00f3n irregular.<\/p>\n<p style=\"text-align: justify;\">\u00abFirmar\u00e9 hoy un decreto ordenando a los Departamentos de Defensa y Seguridad Interior que comiencen a preparar las instalaciones para 30.000 migrantes en la bah\u00eda de Guant\u00e1namo\u00bb, afirm\u00f3. A\u00f1adi\u00f3 que se tratar\u00eda de \u00abcriminales\u00bb en\u00a0<a class=\"internal-link\" href=\"https:\/\/www.dw.com\/es\/a-qu%C3%A9-migrantes-conoce-usted-se%C3%B1or-trump\/a-71449471\">situaci\u00f3n irregular<\/a>.<\/p>\n<p style=\"text-align: justify;\">Algunos de estos migrantes \u00abson tan malos que ni siquiera confiamos en que los pa\u00edses los retengan, porque no queremos que regresen\u00bb, dijo Trump.<\/p>\n<p style=\"text-align: justify;\">La medida \u00abduplicar\u00eda nuestra capacidad de inmediato\u00bb para retener a los migrantes, a\u00f1adi\u00f3, y describi\u00f3 Guant\u00e1namo como un \u00ablugar del que es dif\u00edcil salir\u00bb.<\/p>\n<p style=\"text-align: justify;\"><strong>Creada para \u00abguerra contra el terrorismo\u00bb<\/strong><\/p>\n<p style=\"text-align: justify;\">Durante su campa\u00f1a presidencial, Donald Trump denunci\u00f3 una \u00abinvasi\u00f3n\u00bb de migrantes, a los que acusa de \u00abenvenenar la sangre\u00bb de Estados Unidos y de haber provocado una ola de criminalidad, algo que ninguna estad\u00edstica oficial demuestra.<\/p>\n<p style=\"text-align: justify;\">La prisi\u00f3n de la bah\u00eda de Guant\u00e1namo fue inaugurada en 2002, dentro de una base militar estadounidense en Cuba, como parte de la \u00abguerra contra el terrorismo\u00bb declarada por el expresidente George W. Bush tras los atentados del 11 de septiembre de 2001.<\/p>\n<p style=\"text-align: justify;\">Han pasado por ella cientos de prisioneros, incluidos algunos miembros de Al Qaida. Es pol\u00e9mica por sus extremas condiciones de detenci\u00f3n y el uso de tortura.<\/p>\n<p style=\"text-align: justify;\">Los expresidentes dem\u00f3cratas Joe Biden y Barack Obama prometieron cerrarla, pero ninguno lo logr\u00f3 durante sus mandatos.<\/p>\n<p style=\"text-align: justify;\">En septiembre pasado, el New York Times obtuvo documentos gubernamentales que muestran que la base militar de Guant\u00e1namo tambi\u00e9n se ha utilizado durante d\u00e9cadas para encarcelar a algunos migrantes interceptados en el mar.<\/p>\n<p style=\"text-align: justify;\">Seg\u00fan el peri\u00f3dico, los migrantes y los presos acusados de terrorismo se encuentran en zonas distintas del centro. Algunas asociaciones denuncian el trato que reciben, bas\u00e1ndose en testimonios que aseguran que se vigila a los migrantes cuando llaman a un abogado, les obligan a ponerse gafas de sol durante el transporte y las instalaciones est\u00e1n llenas de ratas debido a las deplorables condiciones de higiene.<\/p>\n<p>V\u00eda: DW<\/p>\n","protected":false},"excerpt":{"rendered":"<p>El presidente de\u00a0Estados Unidos,\u00a0Donald Trump, dijo este mi\u00e9rcoles (29.01.2025) que quiere que la prisi\u00f3n militar de Guant\u00e1namo, normalmente reservada para presos acusados de terrorismo, est\u00e9 lista para albergar a hasta 30.000\u00a0migrantes\u00a0en situaci\u00f3n irregular. \u00abFirmar\u00e9 hoy un decreto ordenando a los Departamentos de Defensa y Seguridad Interior que comiencen a preparar las instalaciones para 30.000 migrantes [&hellip;]<\/p>\n","protected":false},"author":2,"featured_media":62048,"comment_status":"closed","ping_status":"closed","sticky":false,"template":"","format":"standard","meta":{"om_disable_all_campaigns":false,"_monsterinsights_skip_tracking":false,"_monsterinsights_sitenote_active":false,"_monsterinsights_sitenote_note":"","_monsterinsights_sitenote_category":0,"_uf_show_specific_survey":0,"_uf_disable_surveys":false,"_jetpack_memberships_contains_paid_content":false,"footnotes":"","jetpack_publicize_message":"Trump quiere enviar a migrantes indocumentados a Guant\u00e1namo","jetpack_publicize_feature_enabled":true,"jetpack_social_post_already_shared":true,"jetpack_social_options":{"image_generator_settings":{"template":"highway","default_image_id":0,"enabled":false},"version":2}},"categories":[6,16],"tags":[],"class_list":{"0":"post-62047","1":"post","2":"type-post","3":"status-publish","4":"format-standard","5":"has-post-thumbnail","7":"category-global","8":"category-viral"},"aioseo_notices":[],"jetpack_publicize_connections":[],"jetpack_featured_media_url":"https:\/\/mediagroup.mx\/wp-content\/uploads\/2025\/01\/Captura-de-pantalla-2025-01-30-a-las-09.18.06.png","jetpack_sharing_enabled":true,"_links":{"self":[{"href":"https:\/\/mediagroup.mx\/index.php\/wp-json\/wp\/v2\/posts\/62047","targetHints":{"allow":["GET"]}}],"collection":[{"href":"https:\/\/mediagroup.mx\/index.php\/wp-json\/wp\/v2\/posts"}],"about":[{"href":"https:\/\/mediagroup.mx\/index.php\/wp-json\/wp\/v2\/types\/post"}],"author":[{"embeddable":true,"href":"https:\/\/mediagroup.mx\/index.php\/wp-json\/wp\/v2\/users\/2"}],"replies":[{"embeddable":true,"href":"https:\/\/mediagroup.mx\/index.php\/wp-json\/wp\/v2\/comments?post=62047"}],"version-history":[{"count":1,"href":"https:\/\/mediagroup.mx\/index.php\/wp-json\/wp\/v2\/posts\/62047\/revisions"}],"predecessor-version":[{"id":62049,"href":"https:\/\/mediagroup.mx\/index.php\/wp-json\/wp\/v2\/posts\/62047\/revisions\/62049"}],"wp:featuredmedia":[{"embeddable":true,"href":"https:\/\/mediagroup.mx\/index.php\/wp-json\/wp\/v2\/media\/62048"}],"wp:attachment":[{"href":"https:\/\/mediagroup.mx\/index.php\/wp-json\/wp\/v2\/media?parent=62047"}],"wp:term":[{"taxonomy":"category","embeddable":true,"href":"https:\/\/mediagroup.mx\/index.php\/wp-json\/wp\/v2\/categories?post=62047"},{"taxonomy":"post_tag","embeddable":true,"href":"https:\/\/mediagroup.mx\/index.php\/wp-json\/wp\/v2\/tags?post=62047"}],"curies":[{"name":"wp","href":"https:\/\/api.w.org\/{rel}","templated":true}]}}