{"id":62050,"date":"2025-01-30T09:22:28","date_gmt":"2025-01-30T15:22:28","guid":{"rendered":"https:\/\/mediagroup.mx\/?p=62050"},"modified":"2025-01-30T09:22:28","modified_gmt":"2025-01-30T15:22:28","slug":"video-choque-entre-avion-de-american-airlines-y-helicoptero-militar-en-washington","status":"publish","type":"post","link":"https:\/\/mediagroup.mx\/index.php\/2025\/01\/30\/video-choque-entre-avion-de-american-airlines-y-helicoptero-militar-en-washington\/","title":{"rendered":"#Video Choque entre Avi\u00f3n de American Airlines y Helic\u00f3ptero Militar, en Washington"},"content":{"rendered":"<p style=\"text-align: justify;\">Un\u00a0<strong>accidente a\u00e9reo<\/strong>\u00a0cimbr\u00f3 al mundo la noche del 29 de enero de 2025 cuando se dio a conocer que un\u00a0<strong>avi\u00f3n<\/strong>\u00a0vinculado con la empresa\u00a0<strong>American<\/strong>\u00a0<strong>Airlines<\/strong>\u00a0choc\u00f3 contra un\u00a0<strong>helic\u00f3ptero<\/strong>\u00a0del Ej\u00e9rcito de Estados Unidos de Am\u00e9rica (EUA), en\u00a0<strong>Washington<\/strong>\u00a0D.C.<\/p>\n<p style=\"text-align: justify;\">Inmediatamente despu\u00e9s de que se dio a conocer el\u00a0<strong>accidente<\/strong>\u00a0<strong>a\u00e9reo<\/strong>, en redes sociales se difundieron\u00a0<strong>videos<\/strong>\u00a0del momento del\u00a0<strong>choque<\/strong>\u00a0entre el avi\u00f3n y el helic\u00f3ptero.<\/p>\n<div class=\"twitter-tweet twitter-tweet-rendered\" style=\"text-align: justify;\"><iframe id=\"twitter-widget-0\" class=\"\" title=\"X Post\" src=\"https:\/\/platform.twitter.com\/embed\/Tweet.html?creatorScreenName=nmas&amp;dnt=false&amp;embedId=twitter-widget-0&amp;features=eyJ0ZndfdGltZWxpbmVfbGlzdCI6eyJidWNrZXQiOltdLCJ2ZXJzaW9uIjpudWxsfSwidGZ3X2ZvbGxvd2VyX2NvdW50X3N1bnNldCI6eyJidWNrZXQiOnRydWUsInZlcnNpb24iOm51bGx9LCJ0ZndfdHdlZXRfZWRpdF9iYWNrZW5kIjp7ImJ1Y2tldCI6Im9uIiwidmVyc2lvbiI6bnVsbH0sInRmd19yZWZzcmNfc2Vzc2lvbiI6eyJidWNrZXQiOiJvbiIsInZlcnNpb24iOm51bGx9LCJ0ZndfZm9zbnJfc29mdF9pbnRlcnZlbnRpb25zX2VuYWJsZWQiOnsiYnVja2V0Ijoib24iLCJ2ZXJzaW9uIjpudWxsfSwidGZ3X21peGVkX21lZGlhXzE1ODk3Ijp7ImJ1Y2tldCI6InRyZWF0bWVudCIsInZlcnNpb24iOm51bGx9LCJ0ZndfZXhwZXJpbWVudHNfY29va2llX2V4cGlyYXRpb24iOnsiYnVja2V0IjoxMjA5NjAwLCJ2ZXJzaW9uIjpudWxsfSwidGZ3X3Nob3dfYmlyZHdhdGNoX3Bpdm90c19lbmFibGVkIjp7ImJ1Y2tldCI6Im9uIiwidmVyc2lvbiI6bnVsbH0sInRmd19kdXBsaWNhdGVfc2NyaWJlc190b19zZXR0aW5ncyI6eyJidWNrZXQiOiJvbiIsInZlcnNpb24iOm51bGx9LCJ0ZndfdXNlX3Byb2ZpbGVfaW1hZ2Vfc2hhcGVfZW5hYmxlZCI6eyJidWNrZXQiOiJvbiIsInZlcnNpb24iOm51bGx9LCJ0ZndfdmlkZW9faGxzX2R5bmFtaWNfbWFuaWZlc3RzXzE1MDgyIjp7ImJ1Y2tldCI6InRydWVfYml0cmF0ZSIsInZlcnNpb24iOm51bGx9LCJ0ZndfbGVnYWN5X3RpbWVsaW5lX3N1bnNldCI6eyJidWNrZXQiOnRydWUsInZlcnNpb24iOm51bGx9LCJ0ZndfdHdlZXRfZWRpdF9mcm9udGVuZCI6eyJidWNrZXQiOiJvbiIsInZlcnNpb24iOm51bGx9fQ%3D%3D&amp;frame=false&amp;hideCard=false&amp;hideThread=false&amp;id=1884791040890089602&amp;lang=es&amp;maxWidth=560px&amp;origin=https%3A%2F%2Fwww.nmas.com.mx%2Finternacional%2Festados-unidos%2Fvideo-choque-avion-helicoptero-militar-accidente-vuelo-de-american-airlines-washington%2F&amp;sessionId=b2b03071cff0864a3f7a6048ec2faf41517f6929&amp;theme=light&amp;widgetsVersion=2615f7e52b7e0%3A1702314776716&amp;width=550px\" frameborder=\"0\" scrolling=\"no\" allowfullscreen=\"allowfullscreen\" data-tweet-id=\"1884791040890089602\" data-mce-fragment=\"1\"><\/iframe><\/div>\n<h2 style=\"text-align: justify;\">As\u00ed fue el choque entre el avi\u00f3n y el helic\u00f3ptero en Washington<\/h2>\n<p style=\"text-align: justify;\">Alrededor de las 20:30 horas, tiempo de la Ciudad de M\u00e9xico (CDMX), se inform\u00f3 de un\u00a0<a id=\"fadf7b85-5d51-4053-bb9c-0e3f6ec6cffc\" href=\"https:\/\/www.nmas.com.mx\/foro-tv\/programas\/en-una-hora\/videos\/video-asi-captaron-momento-exacto-choque-avion-contra-helicoptero-washington\/\" data-link-news-paragraph=\"\">choque entre un avi\u00f3n comercial y una aeronave<\/a>, sin dar mayores\u00a0<strong>detalles<\/strong>.<\/p>\n<div id=\"teads-container\" style=\"text-align: justify;\"><\/div>\n<p style=\"text-align: justify;\">Sin embargo, m\u00e1s tarde la agencia\u00a0<em>EFE<\/em>\u00a0dio a conocer que el\u00a0<strong>avi\u00f3n<\/strong>\u00a0que choc\u00f3 era\u00a0el\u00a0<strong>vuelo<\/strong>\u00a05342 de American Eagle, aerol\u00ednea regional subsidiaria de\u00a0<strong>American<\/strong>\u00a0<strong>Airlines<\/strong>, procedente de Wichita (Kansas).<\/p>\n<p style=\"text-align: justify;\">El\u00a0<strong>avi\u00f3n<\/strong>\u00a0realizaba la aproximaci\u00f3n al\u00a0<strong>aeropuerto Ronald Reagan de Washington D.C.<\/strong>\u00a0cuando a las 20:48 hora local del mi\u00e9rcoles\u00a0<strong>choc\u00f3<\/strong>\u00a0contra un\u00a0<strong>helic\u00f3ptero<\/strong>\u00a0<strong>militar<\/strong>\u00a0Black Hawk en el cual viajaban tres personas.<\/p>\n<p style=\"text-align: justify;\">En el\u00a0<strong>avi\u00f3n<\/strong>\u00a0viajaban 60 pasajeros y cuatro integrantes de la tripulaci\u00f3n, mientras en el\u00a0<strong>helic\u00f3ptero<\/strong>\u00a0iban tres militares.<\/p>\n<p style=\"text-align: justify;\">Sobre el\u00a0<strong>choque<\/strong>, este jueves\u00a0el secretario de Transporte, Sean Duffy, dijo que\u00a0era \u00ababsolutamente\u00bb\u00a0<strong>evitable<\/strong>.<\/p>\n<blockquote>\n<p style=\"text-align: justify;\">\u00bfQue si pienso que era evitable? Absolutamente s\u00ed.<\/p>\n<\/blockquote>\n","protected":false},"excerpt":{"rendered":"<p>Un\u00a0accidente a\u00e9reo\u00a0cimbr\u00f3 al mundo la noche del 29 de enero de 2025 cuando se dio a conocer que un\u00a0avi\u00f3n\u00a0vinculado con la empresa\u00a0American\u00a0Airlines\u00a0choc\u00f3 contra un\u00a0helic\u00f3ptero\u00a0del Ej\u00e9rcito de Estados Unidos de Am\u00e9rica (EUA), en\u00a0Washington\u00a0D.C. Inmediatamente despu\u00e9s de que se dio a conocer el\u00a0accidente\u00a0a\u00e9reo, en redes sociales se difundieron\u00a0videos\u00a0del momento del\u00a0choque\u00a0entre el avi\u00f3n y el helic\u00f3ptero. As\u00ed fue [&hellip;]<\/p>\n","protected":false},"author":2,"featured_media":62051,"comment_status":"closed","ping_status":"closed","sticky":false,"template":"","format":"standard","meta":{"om_disable_all_campaigns":false,"_monsterinsights_skip_tracking":false,"_monsterinsights_sitenote_active":false,"_monsterinsights_sitenote_note":"","_monsterinsights_sitenote_category":0,"_uf_show_specific_survey":0,"_uf_disable_surveys":false,"_jetpack_memberships_contains_paid_content":false,"footnotes":"","jetpack_publicize_message":"#Video Choque entre Avi\u00f3n de American Airlines y Helic\u00f3ptero Militar, en Washington","jetpack_publicize_feature_enabled":true,"jetpack_social_post_already_shared":true,"jetpack_social_options":{"image_generator_settings":{"template":"highway","default_image_id":0,"enabled":false},"version":2}},"categories":[18],"tags":[],"class_list":{"0":"post-62050","1":"post","2":"type-post","3":"status-publish","4":"format-standard","5":"has-post-thumbnail","7":"category-internacional"},"aioseo_notices":[],"jetpack_publicize_connections":[],"jetpack_featured_media_url":"https:\/\/mediagroup.mx\/wp-content\/uploads\/2025\/01\/Captura-de-pantalla-2025-01-30-a-las-09.22.00.png","jetpack_sharing_enabled":true,"_links":{"self":[{"href":"https:\/\/mediagroup.mx\/index.php\/wp-json\/wp\/v2\/posts\/62050","targetHints":{"allow":["GET"]}}],"collection":[{"href":"https:\/\/mediagroup.mx\/index.php\/wp-json\/wp\/v2\/posts"}],"about":[{"href":"https:\/\/mediagroup.mx\/index.php\/wp-json\/wp\/v2\/types\/post"}],"author":[{"embeddable":true,"href":"https:\/\/mediagroup.mx\/index.php\/wp-json\/wp\/v2\/users\/2"}],"replies":[{"embeddable":true,"href":"https:\/\/mediagroup.mx\/index.php\/wp-json\/wp\/v2\/comments?post=62050"}],"version-history":[{"count":1,"href":"https:\/\/mediagroup.mx\/index.php\/wp-json\/wp\/v2\/posts\/62050\/revisions"}],"predecessor-version":[{"id":62052,"href":"https:\/\/mediagroup.mx\/index.php\/wp-json\/wp\/v2\/posts\/62050\/revisions\/62052"}],"wp:featuredmedia":[{"embeddable":true,"href":"https:\/\/mediagroup.mx\/index.php\/wp-json\/wp\/v2\/media\/62051"}],"wp:attachment":[{"href":"https:\/\/mediagroup.mx\/index.php\/wp-json\/wp\/v2\/media?parent=62050"}],"wp:term":[{"taxonomy":"category","embeddable":true,"href":"https:\/\/mediagroup.mx\/index.php\/wp-json\/wp\/v2\/categories?post=62050"},{"taxonomy":"post_tag","embeddable":true,"href":"https:\/\/mediagroup.mx\/index.php\/wp-json\/wp\/v2\/tags?post=62050"}],"curies":[{"name":"wp","href":"https:\/\/api.w.org\/{rel}","templated":true}]}}