{"id":62064,"date":"2025-01-25T10:03:41","date_gmt":"2025-01-25T16:03:41","guid":{"rendered":"https:\/\/mediagroup.mx\/?p=62064"},"modified":"2025-01-30T10:14:03","modified_gmt":"2025-01-30T16:14:03","slug":"no-le-vamos-a-fallar-al-pueblo-de-michoacan-afirmo-fabiola-alanis-en-periban","status":"publish","type":"post","link":"https:\/\/mediagroup.mx\/index.php\/2025\/01\/25\/no-le-vamos-a-fallar-al-pueblo-de-michoacan-afirmo-fabiola-alanis-en-periban\/","title":{"rendered":"No le vamos a fallar al pueblo de Michoac\u00e1n, afirm\u00f3 Fabiola Alan\u00eds en Perib\u00e1n"},"content":{"rendered":"<p>Perib\u00e1n, Mich., a 25 de enero del 2025.- La Agenda Legislativa de la Cuarta Transformaci\u00f3n no le va a fallar al pueblo de Michoac\u00e1n, se enfocar\u00e1 en reformas y leyes para el bienestar social que ser\u00e1n letra viva, inform\u00f3 la coordinadora del Grupo Parlamentario de Morena en el Congreso del Estado, Fabiola Alan\u00eds S\u00e1mano, en el municipio de Perib\u00e1n.<\/p>\n<p>En una numerosa asamblea informativa, en la que estuvo acompa\u00f1ada por sus compa\u00f1eras de bancada Emma Rivera Camacho, Melba Albavera Padilla y Nalleli Pedraza Huerta, as\u00ed como por el presidente Municipal, Mart\u00edn Escalera Bautista, comparti\u00f3 que a 4 meses de iniciada la 76 Legislatura, se han realizado m\u00e1s de 40 sesiones plenarias, cuya cantidad rebasa el doble de las que tuvo en un a\u00f1o la anterior.<\/p>\n<p>Aclar\u00f3 la exfuncionaria federal que dicha comparaci\u00f3n no es con el prop\u00f3sito de juzgar, sino de exponer que se comenz\u00f3 una nueva etapa, en la que se advierte con franqueza que las y los diputados \u201cno est\u00e1bamos tan prestigiados, pero cuando nos evalu\u00f3 la sociedad en diciembre, eran los mejores resultados y nosotros sabemos que estamos haciendo un gran esfuerzo por cumplir con el pueblo de Michoac\u00e1n y con el mandato que nos dieron el 2 de julio\u201d.<\/p>\n<p>Expuso que durante 4 d\u00e9cadas, los gobiernos neoliberales se dedicaron a acabar con los derechos establecidos en la constituci\u00f3n, a vender los bienes de la naci\u00f3n a privatizar los recursos naturales y a intentar hacerlo con la educaci\u00f3n y con los servicios de salud, pero en el 2018 lleg\u00f3 una nueva etapa con el Presidente Andr\u00e9s Manuel L\u00f3pez Obrador, en la cual se demuestra que es posible construir un pa\u00eds con otras bases, apost\u00e1ndole al desarrollo econ\u00f3mico, pero con bienestar social.<\/p>\n<p>Luego, continu\u00f3, llega la presidenta Claudia Sheinbaum a convertir en derechos constitucionales los programas sociales, en beneficio de los adultos mayores, de los j\u00f3venes y de quienes m\u00e1s los necesitan, as\u00ed como el derecho a la vivienda y a la salud, es decir, hay un regreso a la esencia de la Constituci\u00f3n de 1917, pero mejorada, porque en esta etapa se habla de derechos de cuarta generaci\u00f3n, que tienen que ver con el medio ambiente, el desarrollo sustentable, los derechos de los animales, pero sobre todo, de bienestar social y acceso a la justicia real para todas y todos.<\/p>\n<p>Finalmente, la especialista en pol\u00edticas p\u00fablicas con perspectiva de g\u00e9nero afirm\u00f3 que desde Michoac\u00e1n, los legisladores de Morena seguir\u00e1n impulsando y aprobando reformas y leyes que ser\u00e1n letra viva en beneficio del pueblo.<\/p>\n<p><img loading=\"lazy\" decoding=\"async\" class=\"alignnone size-medium wp-image-62065\" src=\"https:\/\/mediagroup.mx\/wp-content\/uploads\/2025\/01\/WhatsApp-Image-2025-01-29-at-10.52.46-AM-300x225.jpeg\" alt=\"\" width=\"300\" height=\"225\" srcset=\"https:\/\/mediagroup.mx\/wp-content\/uploads\/2025\/01\/WhatsApp-Image-2025-01-29-at-10.52.46-AM-300x225.jpeg 300w, https:\/\/mediagroup.mx\/wp-content\/uploads\/2025\/01\/WhatsApp-Image-2025-01-29-at-10.52.46-AM-1024x768.jpeg 1024w, https:\/\/mediagroup.mx\/wp-content\/uploads\/2025\/01\/WhatsApp-Image-2025-01-29-at-10.52.46-AM-768x576.jpeg 768w, https:\/\/mediagroup.mx\/wp-content\/uploads\/2025\/01\/WhatsApp-Image-2025-01-29-at-10.52.46-AM-150x113.jpeg 150w, https:\/\/mediagroup.mx\/wp-content\/uploads\/2025\/01\/WhatsApp-Image-2025-01-29-at-10.52.46-AM-696x522.jpeg 696w, https:\/\/mediagroup.mx\/wp-content\/uploads\/2025\/01\/WhatsApp-Image-2025-01-29-at-10.52.46-AM-1068x801.jpeg 1068w, https:\/\/mediagroup.mx\/wp-content\/uploads\/2025\/01\/WhatsApp-Image-2025-01-29-at-10.52.46-AM.jpeg 1288w\" sizes=\"auto, (max-width: 300px) 100vw, 300px\" \/><\/p>\n","protected":false},"excerpt":{"rendered":"<p>Perib\u00e1n, Mich., a 25 de enero del 2025.- La Agenda Legislativa de la Cuarta Transformaci\u00f3n no le va a fallar al pueblo de Michoac\u00e1n, se enfocar\u00e1 en reformas y leyes para el bienestar social que ser\u00e1n letra viva, inform\u00f3 la coordinadora del Grupo Parlamentario de Morena en el Congreso del Estado, Fabiola Alan\u00eds S\u00e1mano, en [&hellip;]<\/p>\n","protected":false},"author":2,"featured_media":62065,"comment_status":"closed","ping_status":"closed","sticky":false,"template":"","format":"standard","meta":{"om_disable_all_campaigns":false,"_monsterinsights_skip_tracking":false,"_monsterinsights_sitenote_active":false,"_monsterinsights_sitenote_note":"","_monsterinsights_sitenote_category":0,"_uf_show_specific_survey":0,"_uf_disable_surveys":false,"_jetpack_memberships_contains_paid_content":false,"footnotes":"","jetpack_publicize_message":"No le vamos a fallar al pueblo de Michoac\u00e1n, afirm\u00f3 Fabiola Alan\u00eds en Perib\u00e1n\r\n*Las reformas e iniciativas ser\u00e1n letra viva, puntualiz\u00f3","jetpack_publicize_feature_enabled":true,"jetpack_social_post_already_shared":true,"jetpack_social_options":{"image_generator_settings":{"template":"highway","default_image_id":0,"enabled":false},"version":2}},"categories":[15,63],"tags":[],"class_list":{"0":"post-62064","1":"post","2":"type-post","3":"status-publish","4":"format-standard","5":"has-post-thumbnail","7":"category-michoacan","8":"category-politica"},"aioseo_notices":[],"jetpack_publicize_connections":[],"jetpack_featured_media_url":"https:\/\/mediagroup.mx\/wp-content\/uploads\/2025\/01\/WhatsApp-Image-2025-01-29-at-10.52.46-AM.jpeg","jetpack_sharing_enabled":true,"_links":{"self":[{"href":"https:\/\/mediagroup.mx\/index.php\/wp-json\/wp\/v2\/posts\/62064","targetHints":{"allow":["GET"]}}],"collection":[{"href":"https:\/\/mediagroup.mx\/index.php\/wp-json\/wp\/v2\/posts"}],"about":[{"href":"https:\/\/mediagroup.mx\/index.php\/wp-json\/wp\/v2\/types\/post"}],"author":[{"embeddable":true,"href":"https:\/\/mediagroup.mx\/index.php\/wp-json\/wp\/v2\/users\/2"}],"replies":[{"embeddable":true,"href":"https:\/\/mediagroup.mx\/index.php\/wp-json\/wp\/v2\/comments?post=62064"}],"version-history":[{"count":1,"href":"https:\/\/mediagroup.mx\/index.php\/wp-json\/wp\/v2\/posts\/62064\/revisions"}],"predecessor-version":[{"id":62066,"href":"https:\/\/mediagroup.mx\/index.php\/wp-json\/wp\/v2\/posts\/62064\/revisions\/62066"}],"wp:featuredmedia":[{"embeddable":true,"href":"https:\/\/mediagroup.mx\/index.php\/wp-json\/wp\/v2\/media\/62065"}],"wp:attachment":[{"href":"https:\/\/mediagroup.mx\/index.php\/wp-json\/wp\/v2\/media?parent=62064"}],"wp:term":[{"taxonomy":"category","embeddable":true,"href":"https:\/\/mediagroup.mx\/index.php\/wp-json\/wp\/v2\/categories?post=62064"},{"taxonomy":"post_tag","embeddable":true,"href":"https:\/\/mediagroup.mx\/index.php\/wp-json\/wp\/v2\/tags?post=62064"}],"curies":[{"name":"wp","href":"https:\/\/api.w.org\/{rel}","templated":true}]}}