{"id":62073,"date":"2025-01-26T10:26:04","date_gmt":"2025-01-26T16:26:04","guid":{"rendered":"https:\/\/mediagroup.mx\/?p=62073"},"modified":"2025-01-30T10:27:09","modified_gmt":"2025-01-30T16:27:09","slug":"nuestra-lucha-desde-el-congreso-es-para-eliminar-la-de-violencia-contra-las-mujeres-fabiola-alanis","status":"publish","type":"post","link":"https:\/\/mediagroup.mx\/index.php\/2025\/01\/26\/nuestra-lucha-desde-el-congreso-es-para-eliminar-la-de-violencia-contra-las-mujeres-fabiola-alanis\/","title":{"rendered":"Nuestra lucha desde el Congreso es para eliminar la de violencia contra las mujeres: Fabiola Alan\u00eds"},"content":{"rendered":"<p>Morelia, Michoac\u00e1n, a 26 de enero de 2025- La coordinadora del Grupo Parlamentario de Morena, Fabiola Alan\u00eds S\u00e1mano, inform\u00f3 que la lucha que se realiza desde el Congreso del Estado es para eliminar todos los tipos de violencia que afectan a las mujeres.<\/p>\n<p>Particip\u00f3 en la asamblea de la asociaci\u00f3n \u00abNicolaitas en Acci\u00f3n\u00bb, en la que su titular No\u00e9 Jim\u00e9nez D\u00edaz, le dio la bienvenida y desde donde la legisladora especialista en pol\u00edticas p\u00fablicas con perspectiva de g\u00e9nero comparti\u00f3 que la Presienta Claudia Sheinbaum Pardo va a poner en la Constituci\u00f3n Mexicana presidenta con \u00aba\u00bb, porque solo dice presidente con \u00abe\u00bb, pero tambi\u00e9n \u00abqueremos que diga arquitectas, ingenieras, licenciadas, maestras, diputadas y gobernadoras, porque es tiempo de mujeres\u00bb.<\/p>\n<p>Para ello, expuso que la presidenta solicit\u00f3 la modificaci\u00f3n de las leyes necesarias en tres aspectos importantes para las mujeres, el primero tiene que ver con la igualdad sustantiva, para derribar todas las barreras que les han impedido avanzar cultural, econ\u00f3mica, personal y profesionalmente; la segunda refiere que a trabajo igual, salario igual, es decir, el mismo pago que a los hombres por el desempe\u00f1o de la misma labor, anticip\u00f3 en ese sentido que eso se va a ver con los empleadores, con la gente de las f\u00e1bricas, con el sector privado y el p\u00fablico para que se cumpla a cabalidad.<\/p>\n<p>Y el tercer punto, que a decir de la excomisionada nacional para Prevenir y Erradicar la Violencia contra las Mujeres, es muy importante, es justamente la eliminaci\u00f3n de cualquier tipo de violencia que afecte a las mujeres por el hecho de serlo, porque urge un alto a la agresi\u00f3n f\u00edsica, psic\u00f3loga y econ\u00f3micamente en contra de las mujeres, sin que exista un castigo.<\/p>\n<p>De este \u00faltimo, puntualiz\u00f3: \u00abYa estuvo bueno que a las mujeres se nos acose, se nos discrimine en el trabajo y en la calle, que no tengamos seguridad de caminar por las calles oscuras por temor a que nos hagan algo, las mujeres merecemos respeto, ser atendidas y comprendidas, por eso nuestra lucha es para eliminar cualquier tipo de violencia que nos afecte\u00bb.<\/p>\n<p>En esta concurrida actividad tambi\u00e9n estuvo presente Catalina Rosas Monge, directora del Instituto de Investigaciones sobre los Recursos Naturales (INIRENA) y Silviano Paredes, l\u00edder social en la regi\u00f3n de P\u00e1tzcuaro y Zirahu\u00e9n.<\/p>\n<p><img loading=\"lazy\" decoding=\"async\" class=\"alignnone size-medium wp-image-62074\" src=\"https:\/\/mediagroup.mx\/wp-content\/uploads\/2025\/01\/WhatsApp-Image-2025-01-29-at-10.52.54-AM-300x214.jpeg\" alt=\"\" width=\"300\" height=\"214\" srcset=\"https:\/\/mediagroup.mx\/wp-content\/uploads\/2025\/01\/WhatsApp-Image-2025-01-29-at-10.52.54-AM-300x214.jpeg 300w, https:\/\/mediagroup.mx\/wp-content\/uploads\/2025\/01\/WhatsApp-Image-2025-01-29-at-10.52.54-AM-1024x732.jpeg 1024w, https:\/\/mediagroup.mx\/wp-content\/uploads\/2025\/01\/WhatsApp-Image-2025-01-29-at-10.52.54-AM-768x549.jpeg 768w, https:\/\/mediagroup.mx\/wp-content\/uploads\/2025\/01\/WhatsApp-Image-2025-01-29-at-10.52.54-AM-1536x1097.jpeg 1536w, https:\/\/mediagroup.mx\/wp-content\/uploads\/2025\/01\/WhatsApp-Image-2025-01-29-at-10.52.54-AM-2048x1463.jpeg 2048w, https:\/\/mediagroup.mx\/wp-content\/uploads\/2025\/01\/WhatsApp-Image-2025-01-29-at-10.52.54-AM-150x107.jpeg 150w, https:\/\/mediagroup.mx\/wp-content\/uploads\/2025\/01\/WhatsApp-Image-2025-01-29-at-10.52.54-AM-696x497.jpeg 696w, https:\/\/mediagroup.mx\/wp-content\/uploads\/2025\/01\/WhatsApp-Image-2025-01-29-at-10.52.54-AM-1068x763.jpeg 1068w, https:\/\/mediagroup.mx\/wp-content\/uploads\/2025\/01\/WhatsApp-Image-2025-01-29-at-10.52.54-AM-1920x1372.jpeg 1920w\" sizes=\"auto, (max-width: 300px) 100vw, 300px\" \/><\/p>\n","protected":false},"excerpt":{"rendered":"<p>Morelia, Michoac\u00e1n, a 26 de enero de 2025- La coordinadora del Grupo Parlamentario de Morena, Fabiola Alan\u00eds S\u00e1mano, inform\u00f3 que la lucha que se realiza desde el Congreso del Estado es para eliminar todos los tipos de violencia que afectan a las mujeres. Particip\u00f3 en la asamblea de la asociaci\u00f3n \u00abNicolaitas en Acci\u00f3n\u00bb, en la [&hellip;]<\/p>\n","protected":false},"author":2,"featured_media":62074,"comment_status":"closed","ping_status":"closed","sticky":false,"template":"","format":"standard","meta":{"om_disable_all_campaigns":false,"_monsterinsights_skip_tracking":false,"_monsterinsights_sitenote_active":false,"_monsterinsights_sitenote_note":"","_monsterinsights_sitenote_category":0,"_uf_show_specific_survey":0,"_uf_disable_surveys":false,"_jetpack_memberships_contains_paid_content":false,"footnotes":"","jetpack_publicize_message":"Nuestra lucha desde el Congreso es para eliminar la de violencia contra las mujeres: Fabiola Alan\u00eds","jetpack_publicize_feature_enabled":true,"jetpack_social_post_already_shared":true,"jetpack_social_options":{"image_generator_settings":{"template":"highway","default_image_id":0,"enabled":false},"version":2}},"categories":[15,63],"tags":[],"class_list":{"0":"post-62073","1":"post","2":"type-post","3":"status-publish","4":"format-standard","5":"has-post-thumbnail","7":"category-michoacan","8":"category-politica"},"aioseo_notices":[],"jetpack_publicize_connections":[],"jetpack_featured_media_url":"https:\/\/mediagroup.mx\/wp-content\/uploads\/2025\/01\/WhatsApp-Image-2025-01-29-at-10.52.54-AM-scaled.jpeg","jetpack_sharing_enabled":true,"_links":{"self":[{"href":"https:\/\/mediagroup.mx\/index.php\/wp-json\/wp\/v2\/posts\/62073","targetHints":{"allow":["GET"]}}],"collection":[{"href":"https:\/\/mediagroup.mx\/index.php\/wp-json\/wp\/v2\/posts"}],"about":[{"href":"https:\/\/mediagroup.mx\/index.php\/wp-json\/wp\/v2\/types\/post"}],"author":[{"embeddable":true,"href":"https:\/\/mediagroup.mx\/index.php\/wp-json\/wp\/v2\/users\/2"}],"replies":[{"embeddable":true,"href":"https:\/\/mediagroup.mx\/index.php\/wp-json\/wp\/v2\/comments?post=62073"}],"version-history":[{"count":1,"href":"https:\/\/mediagroup.mx\/index.php\/wp-json\/wp\/v2\/posts\/62073\/revisions"}],"predecessor-version":[{"id":62075,"href":"https:\/\/mediagroup.mx\/index.php\/wp-json\/wp\/v2\/posts\/62073\/revisions\/62075"}],"wp:featuredmedia":[{"embeddable":true,"href":"https:\/\/mediagroup.mx\/index.php\/wp-json\/wp\/v2\/media\/62074"}],"wp:attachment":[{"href":"https:\/\/mediagroup.mx\/index.php\/wp-json\/wp\/v2\/media?parent=62073"}],"wp:term":[{"taxonomy":"category","embeddable":true,"href":"https:\/\/mediagroup.mx\/index.php\/wp-json\/wp\/v2\/categories?post=62073"},{"taxonomy":"post_tag","embeddable":true,"href":"https:\/\/mediagroup.mx\/index.php\/wp-json\/wp\/v2\/tags?post=62073"}],"curies":[{"name":"wp","href":"https:\/\/api.w.org\/{rel}","templated":true}]}}