{"id":62086,"date":"2025-01-26T16:25:11","date_gmt":"2025-01-26T22:25:11","guid":{"rendered":"https:\/\/mediagroup.mx\/?p=62086"},"modified":"2025-01-30T16:27:08","modified_gmt":"2025-01-30T22:27:08","slug":"reconoce-diputada-brissa-arroyo-cumplimiento-de-3-de-3-contra-la-violencia-de-aspirantes-al-poder-judicial-2","status":"publish","type":"post","link":"https:\/\/mediagroup.mx\/index.php\/2025\/01\/26\/reconoce-diputada-brissa-arroyo-cumplimiento-de-3-de-3-contra-la-violencia-de-aspirantes-al-poder-judicial-2\/","title":{"rendered":"Reconoce diputada Brissa Arroyo cumplimiento de 3 de 3 contra la violencia de aspirantes al Poder Judicial"},"content":{"rendered":"<p>Morelia, Michoac\u00e1n, a 26 de enero de 2025.- Con la declaraci\u00f3n 3 de 3 contra la violencia de acuerdo con el formato del Instituto Electoral de Michoac\u00e1n que presentaron quienes aspiran a un cargo de juzgador se est\u00e1 blindando al Poder Judicial de violencia de g\u00e9nero, subray\u00f3 la diputada local, Brissa Arroyo.<\/p>\n<p>Al concluirse la etapa de registros para lo que ser\u00e1 la elecci\u00f3n de 75 juezas, jueces as\u00ed como 37 magistradas y magistrados para el Poder Judicial de Michoac\u00e1n, Brissa Arroyo celebr\u00f3 la amplia participaci\u00f3n que hubo con m\u00e1s de 1200 registros y explic\u00f3 que ahora en un hecho hist\u00f3rico la ciudadan\u00eda tendr\u00e1 el poder de decidir y salir a votar por los mejores perfiles.<\/p>\n<p>La legisladora integrante del Grupo Parlamentario del Partido de la Revoluci\u00f3n Democr\u00e1tica (GPPRD), contextualiz\u00f3 que dentro de los requisitos que se solicit\u00f3 a quienes aspiran a estos cargos es la declaraci\u00f3n 3 de 3 contra la violencia de acuerdo con el formato del IEM, que surgi\u00f3 a iniciativa suya cuando se discuti\u00f3 la Reforma al Poder Judicial Estatal.<\/p>\n<p>En su momento, Arroyo plante\u00f3 adicionar al art\u00edculo 76 una fracci\u00f3n s\u00e9ptima para que fuese obligatorio la Ley 3 de 3 contra la violencia, para elevar est\u00e1ndares de responsabilidad p\u00fablica y representaci\u00f3n institucional.<\/p>\n<p>De acuerdo con la calendarizaci\u00f3n de actividades para elecci\u00f3n del Poder Judicial en la siguiente etapa se har\u00e1 la evaluaci\u00f3n de los perfiles que se inscribieron, enseguida se publicar\u00e1 el listado de quienes hayan sido seleccionados, hacer la remisi\u00f3n de expedientes al \u00f3rgano electoral, iniciar el per\u00edodo de campa\u00f1a en abril y en junio la votaci\u00f3n.<\/p>\n<p>De esta forma, la diputada Brissa Arroyo reiter\u00f3 su compromiso de legislar en serio, con alta responsabilidad as\u00ed como perspectiva de g\u00e9nero, y mostr\u00f3 su confianza de que la elecci\u00f3n del Poder Judicial transite en la transparencia y eficiencia.<\/p>\n<p><img loading=\"lazy\" decoding=\"async\" class=\"alignnone size-medium wp-image-62087\" src=\"https:\/\/mediagroup.mx\/wp-content\/uploads\/2025\/01\/WhatsApp-Image-2025-01-29-at-10.52.51-AM-1-300x200.jpeg\" alt=\"\" width=\"300\" height=\"200\" srcset=\"https:\/\/mediagroup.mx\/wp-content\/uploads\/2025\/01\/WhatsApp-Image-2025-01-29-at-10.52.51-AM-1-300x200.jpeg 300w, https:\/\/mediagroup.mx\/wp-content\/uploads\/2025\/01\/WhatsApp-Image-2025-01-29-at-10.52.51-AM-1-1024x682.jpeg 1024w, https:\/\/mediagroup.mx\/wp-content\/uploads\/2025\/01\/WhatsApp-Image-2025-01-29-at-10.52.51-AM-1-768x512.jpeg 768w, https:\/\/mediagroup.mx\/wp-content\/uploads\/2025\/01\/WhatsApp-Image-2025-01-29-at-10.52.51-AM-1-1536x1023.jpeg 1536w, https:\/\/mediagroup.mx\/wp-content\/uploads\/2025\/01\/WhatsApp-Image-2025-01-29-at-10.52.51-AM-1-150x100.jpeg 150w, https:\/\/mediagroup.mx\/wp-content\/uploads\/2025\/01\/WhatsApp-Image-2025-01-29-at-10.52.51-AM-1-696x464.jpeg 696w, https:\/\/mediagroup.mx\/wp-content\/uploads\/2025\/01\/WhatsApp-Image-2025-01-29-at-10.52.51-AM-1-1068x712.jpeg 1068w, https:\/\/mediagroup.mx\/wp-content\/uploads\/2025\/01\/WhatsApp-Image-2025-01-29-at-10.52.51-AM-1.jpeg 1600w\" sizes=\"auto, (max-width: 300px) 100vw, 300px\" \/><\/p>\n","protected":false},"excerpt":{"rendered":"<p>Morelia, Michoac\u00e1n, a 26 de enero de 2025.- Con la declaraci\u00f3n 3 de 3 contra la violencia de acuerdo con el formato del Instituto Electoral de Michoac\u00e1n que presentaron quienes aspiran a un cargo de juzgador se est\u00e1 blindando al Poder Judicial de violencia de g\u00e9nero, subray\u00f3 la diputada local, Brissa Arroyo. Al concluirse la [&hellip;]<\/p>\n","protected":false},"author":2,"featured_media":62087,"comment_status":"closed","ping_status":"closed","sticky":false,"template":"","format":"standard","meta":{"om_disable_all_campaigns":false,"_monsterinsights_skip_tracking":false,"_monsterinsights_sitenote_active":false,"_monsterinsights_sitenote_note":"","_monsterinsights_sitenote_category":0,"_uf_show_specific_survey":0,"_uf_disable_surveys":false,"_jetpack_memberships_contains_paid_content":false,"footnotes":"","jetpack_publicize_message":"Reconoce diputada Brissa Arroyo cumplimiento de 3 de 3 contra la violencia de aspirantes al Poder Judicial\r\n\u2022\u2060 \u2060Con este requisito que se incluy\u00f3 a iniciativa suya, se blinda el sistema judicial de violencia de g\u00e9nero\r\n\u2022 La ciudadan\u00eda tendr\u00e1 el poder de decidir y votar por los que considere mejores perfiles","jetpack_publicize_feature_enabled":true,"jetpack_social_post_already_shared":true,"jetpack_social_options":{"image_generator_settings":{"template":"highway","default_image_id":0,"enabled":false},"version":2}},"categories":[15,63],"tags":[],"class_list":{"0":"post-62086","1":"post","2":"type-post","3":"status-publish","4":"format-standard","5":"has-post-thumbnail","7":"category-michoacan","8":"category-politica"},"aioseo_notices":[],"jetpack_publicize_connections":[],"jetpack_featured_media_url":"https:\/\/mediagroup.mx\/wp-content\/uploads\/2025\/01\/WhatsApp-Image-2025-01-29-at-10.52.51-AM-1.jpeg","jetpack_sharing_enabled":true,"_links":{"self":[{"href":"https:\/\/mediagroup.mx\/index.php\/wp-json\/wp\/v2\/posts\/62086","targetHints":{"allow":["GET"]}}],"collection":[{"href":"https:\/\/mediagroup.mx\/index.php\/wp-json\/wp\/v2\/posts"}],"about":[{"href":"https:\/\/mediagroup.mx\/index.php\/wp-json\/wp\/v2\/types\/post"}],"author":[{"embeddable":true,"href":"https:\/\/mediagroup.mx\/index.php\/wp-json\/wp\/v2\/users\/2"}],"replies":[{"embeddable":true,"href":"https:\/\/mediagroup.mx\/index.php\/wp-json\/wp\/v2\/comments?post=62086"}],"version-history":[{"count":1,"href":"https:\/\/mediagroup.mx\/index.php\/wp-json\/wp\/v2\/posts\/62086\/revisions"}],"predecessor-version":[{"id":62088,"href":"https:\/\/mediagroup.mx\/index.php\/wp-json\/wp\/v2\/posts\/62086\/revisions\/62088"}],"wp:featuredmedia":[{"embeddable":true,"href":"https:\/\/mediagroup.mx\/index.php\/wp-json\/wp\/v2\/media\/62087"}],"wp:attachment":[{"href":"https:\/\/mediagroup.mx\/index.php\/wp-json\/wp\/v2\/media?parent=62086"}],"wp:term":[{"taxonomy":"category","embeddable":true,"href":"https:\/\/mediagroup.mx\/index.php\/wp-json\/wp\/v2\/categories?post=62086"},{"taxonomy":"post_tag","embeddable":true,"href":"https:\/\/mediagroup.mx\/index.php\/wp-json\/wp\/v2\/tags?post=62086"}],"curies":[{"name":"wp","href":"https:\/\/api.w.org\/{rel}","templated":true}]}}