{"id":62092,"date":"2025-01-28T18:45:21","date_gmt":"2025-01-29T00:45:21","guid":{"rendered":"https:\/\/mediagroup.mx\/?p=62092"},"modified":"2025-01-30T18:47:22","modified_gmt":"2025-01-31T00:47:22","slug":"contempla-vanhe-caratachea-agenda-migrante-en-el-segundo-periodo-legislativo","status":"publish","type":"post","link":"https:\/\/mediagroup.mx\/index.php\/2025\/01\/28\/contempla-vanhe-caratachea-agenda-migrante-en-el-segundo-periodo-legislativo\/","title":{"rendered":"Contempla Vanhe Caratachea agenda migrante en el segundo periodo legislativo"},"content":{"rendered":"<p>Morelia, Michoac\u00e1n, a 28 de enero de 2025.- A poco d\u00edas del inicio del segundo periodo de trabajo legislativo de la 76 Legislatura del Congreso del Estado de Michoac\u00e1n, la diputada local Vanhe Caratachea, presidenta de la Comisi\u00f3n de la Protecci\u00f3n a la Ni\u00f1ez y la Adolescencia, reafirm\u00f3 su compromiso con la comunidad migrante michoacana, uno de los sectores que calific\u00f3 como de \u201clos m\u00e1s vulnerables y frecuentemente olvidados\u201d.<\/p>\n<p>Vanhe Caratachea, dijo expresar su empat\u00eda y comprensi\u00f3n hacia las familias que enfrentan la separaci\u00f3n y las dificultades propias de la migraci\u00f3n.<\/p>\n<p>\u201cEntiendo perfectamente qu\u00e9 le duele a nuestra gente que radica en Estados Unidos, lo que significa separarse de sus hogares y sus familias. Es un tema que me toca personalmente y que requiere acci\u00f3n inmediata desde el Congreso\u201d, destac\u00f3.<\/p>\n<p>En solidaridad con los connacionales que est\u00e1n siendo deportados y sus familias, la legisladora anunci\u00f3 que presentar\u00e1 iniciativas en este tema que abordan sus derechos y acceso a ellos, as\u00ed como la importancia de la protecci\u00f3n de menores promoviendo marcos legales con apego a los derechos humanos.<\/p>\n<p>\u201cNuestros migrantes enfrentan innumerables retos, y es nuestra responsabilidad desde el Congreso brindarles las herramientas necesarias para proteger sus derechos. Con el trabajo legislativo buscamos construir un Michoac\u00e1n que realmente valore y respalde a su comunidad migrante\u201d, manifest\u00f3 la diputada panista.<\/p>\n<p>Vanhe Caratachea reiter\u00f3 su compromiso de trabajar en favor de los sectores m\u00e1s desprotegidos, como lo ha hecho desde el inicio de su gesti\u00f3n legislativa. \u201cNo podemos ignorar el sacrificio de quienes dejan todo atr\u00e1s para buscar un mejor futuro. Desde mi trinchera, seguir\u00e9 siendo una aliada firme de nuestra gente migrante\u201d, concluy\u00f3.<\/p>\n<p><img loading=\"lazy\" decoding=\"async\" class=\"alignnone size-medium wp-image-62093\" src=\"https:\/\/mediagroup.mx\/wp-content\/uploads\/2025\/01\/WhatsApp-Image-2025-01-29-at-10.52.58-AM-300x207.jpeg\" alt=\"\" width=\"300\" height=\"207\" srcset=\"https:\/\/mediagroup.mx\/wp-content\/uploads\/2025\/01\/WhatsApp-Image-2025-01-29-at-10.52.58-AM-300x207.jpeg 300w, https:\/\/mediagroup.mx\/wp-content\/uploads\/2025\/01\/WhatsApp-Image-2025-01-29-at-10.52.58-AM-1024x705.jpeg 1024w, https:\/\/mediagroup.mx\/wp-content\/uploads\/2025\/01\/WhatsApp-Image-2025-01-29-at-10.52.58-AM-768x529.jpeg 768w, https:\/\/mediagroup.mx\/wp-content\/uploads\/2025\/01\/WhatsApp-Image-2025-01-29-at-10.52.58-AM-1536x1058.jpeg 1536w, https:\/\/mediagroup.mx\/wp-content\/uploads\/2025\/01\/WhatsApp-Image-2025-01-29-at-10.52.58-AM-2048x1410.jpeg 2048w, https:\/\/mediagroup.mx\/wp-content\/uploads\/2025\/01\/WhatsApp-Image-2025-01-29-at-10.52.58-AM-150x103.jpeg 150w, https:\/\/mediagroup.mx\/wp-content\/uploads\/2025\/01\/WhatsApp-Image-2025-01-29-at-10.52.58-AM-218x150.jpeg 218w, https:\/\/mediagroup.mx\/wp-content\/uploads\/2025\/01\/WhatsApp-Image-2025-01-29-at-10.52.58-AM-696x479.jpeg 696w, https:\/\/mediagroup.mx\/wp-content\/uploads\/2025\/01\/WhatsApp-Image-2025-01-29-at-10.52.58-AM-1068x735.jpeg 1068w, https:\/\/mediagroup.mx\/wp-content\/uploads\/2025\/01\/WhatsApp-Image-2025-01-29-at-10.52.58-AM-1920x1322.jpeg 1920w\" sizes=\"auto, (max-width: 300px) 100vw, 300px\" \/><\/p>\n","protected":false},"excerpt":{"rendered":"<p>Morelia, Michoac\u00e1n, a 28 de enero de 2025.- A poco d\u00edas del inicio del segundo periodo de trabajo legislativo de la 76 Legislatura del Congreso del Estado de Michoac\u00e1n, la diputada local Vanhe Caratachea, presidenta de la Comisi\u00f3n de la Protecci\u00f3n a la Ni\u00f1ez y la Adolescencia, reafirm\u00f3 su compromiso con la comunidad migrante michoacana, [&hellip;]<\/p>\n","protected":false},"author":2,"featured_media":62093,"comment_status":"closed","ping_status":"closed","sticky":false,"template":"","format":"standard","meta":{"om_disable_all_campaigns":false,"_monsterinsights_skip_tracking":false,"_monsterinsights_sitenote_active":false,"_monsterinsights_sitenote_note":"","_monsterinsights_sitenote_category":0,"_uf_show_specific_survey":0,"_uf_disable_surveys":false,"_jetpack_memberships_contains_paid_content":false,"footnotes":"","jetpack_publicize_message":"Contempla Vanhe Caratachea agenda migrante en el segundo periodo legislativo\r\n* La diputada local presentar\u00e1 iniciativas en favor de los connacionales michoacanos en EU\r\n* La legisladora piedadense reiter\u00f3 su compromiso de trabajar en favor de los sectores m\u00e1s desprotegidos","jetpack_publicize_feature_enabled":true,"jetpack_social_post_already_shared":true,"jetpack_social_options":{"image_generator_settings":{"template":"highway","default_image_id":0,"enabled":false},"version":2}},"categories":[15,63],"tags":[],"class_list":{"0":"post-62092","1":"post","2":"type-post","3":"status-publish","4":"format-standard","5":"has-post-thumbnail","7":"category-michoacan","8":"category-politica"},"aioseo_notices":[],"jetpack_publicize_connections":[],"jetpack_featured_media_url":"https:\/\/mediagroup.mx\/wp-content\/uploads\/2025\/01\/WhatsApp-Image-2025-01-29-at-10.52.58-AM-scaled.jpeg","jetpack_sharing_enabled":true,"_links":{"self":[{"href":"https:\/\/mediagroup.mx\/index.php\/wp-json\/wp\/v2\/posts\/62092","targetHints":{"allow":["GET"]}}],"collection":[{"href":"https:\/\/mediagroup.mx\/index.php\/wp-json\/wp\/v2\/posts"}],"about":[{"href":"https:\/\/mediagroup.mx\/index.php\/wp-json\/wp\/v2\/types\/post"}],"author":[{"embeddable":true,"href":"https:\/\/mediagroup.mx\/index.php\/wp-json\/wp\/v2\/users\/2"}],"replies":[{"embeddable":true,"href":"https:\/\/mediagroup.mx\/index.php\/wp-json\/wp\/v2\/comments?post=62092"}],"version-history":[{"count":1,"href":"https:\/\/mediagroup.mx\/index.php\/wp-json\/wp\/v2\/posts\/62092\/revisions"}],"predecessor-version":[{"id":62094,"href":"https:\/\/mediagroup.mx\/index.php\/wp-json\/wp\/v2\/posts\/62092\/revisions\/62094"}],"wp:featuredmedia":[{"embeddable":true,"href":"https:\/\/mediagroup.mx\/index.php\/wp-json\/wp\/v2\/media\/62093"}],"wp:attachment":[{"href":"https:\/\/mediagroup.mx\/index.php\/wp-json\/wp\/v2\/media?parent=62092"}],"wp:term":[{"taxonomy":"category","embeddable":true,"href":"https:\/\/mediagroup.mx\/index.php\/wp-json\/wp\/v2\/categories?post=62092"},{"taxonomy":"post_tag","embeddable":true,"href":"https:\/\/mediagroup.mx\/index.php\/wp-json\/wp\/v2\/tags?post=62092"}],"curies":[{"name":"wp","href":"https:\/\/api.w.org\/{rel}","templated":true}]}}