{"id":62095,"date":"2025-01-28T18:48:56","date_gmt":"2025-01-29T00:48:56","guid":{"rendered":"https:\/\/mediagroup.mx\/?p=62095"},"modified":"2025-01-30T18:49:49","modified_gmt":"2025-01-31T00:49:49","slug":"exhorta-la-diputada-brissa-arroyo-a-trabajar-en-serio-para-erradicar-la-violencia-en-el-ambito-politico","status":"publish","type":"post","link":"https:\/\/mediagroup.mx\/index.php\/2025\/01\/28\/exhorta-la-diputada-brissa-arroyo-a-trabajar-en-serio-para-erradicar-la-violencia-en-el-ambito-politico\/","title":{"rendered":"Exhorta la diputada Brissa Arroyo a trabajar en serio para erradicar la violencia en el \u00e1mbito pol\u00edtico"},"content":{"rendered":"<p>Morelia, Michoac\u00e1n, a 28 de enero de 2025.- Con un llamado a no hacer esfuerzos aislados y a trabajar en serio para erradicar la violencia pol\u00edtica por raz\u00f3n de g\u00e9nero, la diputada local Brissa Arroyo Mart\u00ednez refrend\u00f3 el compromiso de acompa\u00f1ar a quienes lo necesiten a trav\u00e9s de la Red de apoyo a mujeres perredistas.<\/p>\n<p>En el marco del taller de Capacitaci\u00f3n \u201cViolencia pol\u00edtica en raz\u00f3n de g\u00e9nero, avances y desaf\u00edos en Michoac\u00e1n\u201d, la diputada local integrante del Grupo Parlamentario del Partido de la Revoluci\u00f3n Democr\u00e1tica (GPPRD), afirm\u00f3 que el camino en la pol\u00edtica \u201cha sido m\u00e1s complejo para las mujeres porque a\u00fan prevalecen conductas que vulneran sus derechos\u201d.<\/p>\n<p>La Congresista local sostuvo que el identificar y visibilizar la violencia pol\u00edtica por raz\u00f3n de g\u00e9nero no es tema agotado y \u201cnos debe llevar a hombres y mujeres hacer una profunda reflexi\u00f3n respecto a c\u00f3mo se vive la violencia en los partidos pol\u00edticos, en los municipios, en los Ayuntamientos e incluso en el servicio p\u00fablico\u201d.<\/p>\n<p>Por lo que en ese sentido, Brissa Arroyo, integrante de la Comisi\u00f3n de Igualdad Sustantiva y de G\u00e9nero en la 76 Legislatura, hizo un llamado a identificar actos de violencia y denunciarlos para evitar que esas pr\u00e1cticas vuelvan a repetirse.<\/p>\n<p>\u201cM\u00e1s all\u00e1 de la ideolog\u00eda partidista que cada quien tenga, la violencia pol\u00edtica por raz\u00f3n de g\u00e9nero no debe presentarse\u201d, afirm\u00f3.<\/p>\n<p>Arroyo enfatiz\u00f3 que \u201cno debe existir competencia entre mujeres ni entre hombres y mujeres, por el contrario es el tiempo de trabajar en serio y construir juntos para erradicar la violencia en el \u00e1mbito pol\u00edtico\u201d.<\/p>\n<p>\u201cNecesitamos como mujeres, como sociedad, dejar atr\u00e1s esos patrones o estereotipos que se han arraigado en la sociedad de que por caracter\u00edsticas f\u00edsicas o cualidades una mujer es m\u00e1s que otra. Eso no debe ser ya, cada quien tiene su propia trayectoria y debe respetarse\u201d, se\u00f1al\u00f3.<\/p>\n<p>Ante un auditorio donde participaron regidoras, ex candidatas, s\u00edndicas y presidentas municipales, Brissa Arroyo resalt\u00f3 que ning\u00fan esfuerzo es en vano y es mejor hacerlo en conjunto, no aislados, y reiter\u00f3 su disposici\u00f3n de dar acompa\u00f1amiento legal e institucional a las mujeres que est\u00e9n enfrentando situaciones que pueden constituirse como actos de violencia pol\u00edtica.<\/p>\n<p>Para concluir, Brissa Arroyo reconoci\u00f3 a la Senadora Araceli Saucedo y la Presidenta Municipal de Irimbo, Azucena Ruiz, quienes se han destacado en su trayectoria pol\u00edtica.<\/p>\n<p><img loading=\"lazy\" decoding=\"async\" class=\"alignnone size-medium wp-image-62096\" src=\"https:\/\/mediagroup.mx\/wp-content\/uploads\/2025\/01\/WhatsApp-Image-2025-01-29-at-10.52.58-AM-1-300x200.jpeg\" alt=\"\" width=\"300\" height=\"200\" srcset=\"https:\/\/mediagroup.mx\/wp-content\/uploads\/2025\/01\/WhatsApp-Image-2025-01-29-at-10.52.58-AM-1-300x200.jpeg 300w, https:\/\/mediagroup.mx\/wp-content\/uploads\/2025\/01\/WhatsApp-Image-2025-01-29-at-10.52.58-AM-1-1024x684.jpeg 1024w, https:\/\/mediagroup.mx\/wp-content\/uploads\/2025\/01\/WhatsApp-Image-2025-01-29-at-10.52.58-AM-1-768x513.jpeg 768w, https:\/\/mediagroup.mx\/wp-content\/uploads\/2025\/01\/WhatsApp-Image-2025-01-29-at-10.52.58-AM-1-1536x1025.jpeg 1536w, https:\/\/mediagroup.mx\/wp-content\/uploads\/2025\/01\/WhatsApp-Image-2025-01-29-at-10.52.58-AM-1-150x100.jpeg 150w, https:\/\/mediagroup.mx\/wp-content\/uploads\/2025\/01\/WhatsApp-Image-2025-01-29-at-10.52.58-AM-1-696x465.jpeg 696w, https:\/\/mediagroup.mx\/wp-content\/uploads\/2025\/01\/WhatsApp-Image-2025-01-29-at-10.52.58-AM-1-1068x713.jpeg 1068w, https:\/\/mediagroup.mx\/wp-content\/uploads\/2025\/01\/WhatsApp-Image-2025-01-29-at-10.52.58-AM-1.jpeg 1600w\" sizes=\"auto, (max-width: 300px) 100vw, 300px\" \/><\/p>\n","protected":false},"excerpt":{"rendered":"<p>Morelia, Michoac\u00e1n, a 28 de enero de 2025.- Con un llamado a no hacer esfuerzos aislados y a trabajar en serio para erradicar la violencia pol\u00edtica por raz\u00f3n de g\u00e9nero, la diputada local Brissa Arroyo Mart\u00ednez refrend\u00f3 el compromiso de acompa\u00f1ar a quienes lo necesiten a trav\u00e9s de la Red de apoyo a mujeres perredistas. [&hellip;]<\/p>\n","protected":false},"author":2,"featured_media":62096,"comment_status":"closed","ping_status":"closed","sticky":false,"template":"","format":"standard","meta":{"om_disable_all_campaigns":false,"_monsterinsights_skip_tracking":false,"_monsterinsights_sitenote_active":false,"_monsterinsights_sitenote_note":"","_monsterinsights_sitenote_category":0,"_uf_show_specific_survey":0,"_uf_disable_surveys":false,"_jetpack_memberships_contains_paid_content":false,"footnotes":"","jetpack_publicize_message":"Exhorta la diputada Brissa Arroyo a trabajar en serio para erradicar la violencia en el \u00e1mbito pol\u00edtico\r\n*Visibilizar e identificar la violencia pol\u00edtica por raz\u00f3n de g\u00e9nero no es tema agotado, remarca\r\n*\u201dNo somos competencia, cada quien tiene trayectoria propia y debe respetarse\u201d, asegura la legisladora","jetpack_publicize_feature_enabled":true,"jetpack_social_post_already_shared":true,"jetpack_social_options":{"image_generator_settings":{"template":"highway","default_image_id":0,"enabled":false},"version":2}},"categories":[15,63],"tags":[],"class_list":{"0":"post-62095","1":"post","2":"type-post","3":"status-publish","4":"format-standard","5":"has-post-thumbnail","7":"category-michoacan","8":"category-politica"},"aioseo_notices":[],"jetpack_publicize_connections":[],"jetpack_featured_media_url":"https:\/\/mediagroup.mx\/wp-content\/uploads\/2025\/01\/WhatsApp-Image-2025-01-29-at-10.52.58-AM-1.jpeg","jetpack_sharing_enabled":true,"_links":{"self":[{"href":"https:\/\/mediagroup.mx\/index.php\/wp-json\/wp\/v2\/posts\/62095","targetHints":{"allow":["GET"]}}],"collection":[{"href":"https:\/\/mediagroup.mx\/index.php\/wp-json\/wp\/v2\/posts"}],"about":[{"href":"https:\/\/mediagroup.mx\/index.php\/wp-json\/wp\/v2\/types\/post"}],"author":[{"embeddable":true,"href":"https:\/\/mediagroup.mx\/index.php\/wp-json\/wp\/v2\/users\/2"}],"replies":[{"embeddable":true,"href":"https:\/\/mediagroup.mx\/index.php\/wp-json\/wp\/v2\/comments?post=62095"}],"version-history":[{"count":1,"href":"https:\/\/mediagroup.mx\/index.php\/wp-json\/wp\/v2\/posts\/62095\/revisions"}],"predecessor-version":[{"id":62097,"href":"https:\/\/mediagroup.mx\/index.php\/wp-json\/wp\/v2\/posts\/62095\/revisions\/62097"}],"wp:featuredmedia":[{"embeddable":true,"href":"https:\/\/mediagroup.mx\/index.php\/wp-json\/wp\/v2\/media\/62096"}],"wp:attachment":[{"href":"https:\/\/mediagroup.mx\/index.php\/wp-json\/wp\/v2\/media?parent=62095"}],"wp:term":[{"taxonomy":"category","embeddable":true,"href":"https:\/\/mediagroup.mx\/index.php\/wp-json\/wp\/v2\/categories?post=62095"},{"taxonomy":"post_tag","embeddable":true,"href":"https:\/\/mediagroup.mx\/index.php\/wp-json\/wp\/v2\/tags?post=62095"}],"curies":[{"name":"wp","href":"https:\/\/api.w.org\/{rel}","templated":true}]}}