{"id":62280,"date":"2025-02-05T09:06:09","date_gmt":"2025-02-05T15:06:09","guid":{"rendered":"https:\/\/mediagroup.mx\/?p=62280"},"modified":"2025-02-05T09:06:09","modified_gmt":"2025-02-05T15:06:09","slug":"eu-sera-dueno-de-gaza-la-franja-ya-no-es-lugar-para-los-palestinos-afirma-trump","status":"publish","type":"post","link":"https:\/\/mediagroup.mx\/index.php\/2025\/02\/05\/eu-sera-dueno-de-gaza-la-franja-ya-no-es-lugar-para-los-palestinos-afirma-trump\/","title":{"rendered":"EU ser\u00e1 due\u00f1o de Gaza; la franja ya no es lugar para los palestinos, afirma Trump"},"content":{"rendered":"<p class=\"s-s\" style=\"text-align: justify;\">Al reiterar que los 1.8 millones de palestinos de la franja de Gaza deben ser desterrados, el presidente estadunidense, Donald Trump, proclam\u00f3 ayer:\u00a0<q>nos adue\u00f1aremos<\/q>\u00a0del enclave costero, y a\u00f1adi\u00f3:\u00a0<q>no creo que la gente deba volver a Gaza&#8230; A todas las personas con las que he hablado les encanta la idea de que Estados Unidos posea ese terreno<\/q>.<\/p>\n<p style=\"text-align: justify;\">No descart\u00f3 desplegar tropas en el territorio de Palestina, dijo que imagina convertir ese territorio en la\u00a0<q>Costa Azul de Medio Oriente<\/q>, y pronostic\u00f3 que\u00a0<q>aportar\u00e1 una gran estabilidad a la regi\u00f3n<\/q>.<\/p>\n<p style=\"text-align: justify;\">Al presentar lo que la agencia Ap calific\u00f3 de\u00a0<q>propuesta descarada<\/q>, en conferencia de prensa con el primer ministro israel\u00ed, Benjamin Netanyahu, el magnate advirti\u00f3 que \u201cEstados Unidos se har\u00e1 cargo de la franja de Gaza.<\/p>\n<p style=\"text-align: justify;\"><q>Nos adue\u00f1aremos (del enclave) y seremos responsables de desmantelar todas las peligrosas bombas sin detonar y otras armas que hay en el lugar, nivelaremos el terreno y vamos a deshacernos de los edificios destruidos, a crear desarrollo econ\u00f3mico que proporcione una cantidad ilimitada de empleos y viviendas para la gente de la zona, haremos un trabajo real, algo diferente.<\/q><\/p>\n<p style=\"text-align: justify;\">M\u00e1s temprano se\u00f1al\u00f3 que los palestinos no ten\u00edan otra opci\u00f3n que abandonar el enclave debido a la devastaci\u00f3n causada tras 15 meses de feroces bombardeos lanzados por Israel que mataron a m\u00e1s de 47 mil 700 palestinos e hirieron a m\u00e1s de cien mil.<\/p>\n<p style=\"text-align: justify;\">Insisti\u00f3 en que Jordania y Egipto\u00a0<q>deben<\/q>\u00a0acoger a los palestinos que habitan en Gaza, propuesta que ambos pa\u00edses han rechazado.<\/p>\n<p style=\"text-align: justify;\">En la conferencia de prensa, tras un encuentro en la Casa Blanca con el premier israel\u00ed, a pregunta de qui\u00e9n vivir\u00eda en Gaza, Trump respondi\u00f3 que la franja podr\u00eda convertirse en\u00a0<q>un hogar para la gente del mundo<\/q>.<\/p>\n<p style=\"text-align: justify;\">Tambi\u00e9n le inquirieron si est\u00e1 dispuesto a enviar tropas estadunidenses para llenar el vac\u00edo de seguridad en Gaza, y no lo descart\u00f3.\u00a0<q>Si es necesario, lo haremos. Vamos a hacernos cargo de esa paz, vamos a desarrollarla, a crear miles y miles de puestos de trabajo. Y ser\u00e1 algo de lo que todo Medio Oriente podr\u00e1 estar muy orgulloso. Si Estados Unidos, con su estabilidad y su fuerza, se apropia de ello, dir\u00eda que seremos grandes guardianes de algo que es muy fuerte, poderoso y bueno para la zona, no s\u00f3lo para Israel<\/q>, expuso.<\/p>\n<p style=\"text-align: justify;\"><q>Veo una posici\u00f3n de propiedad a largo plazo, y veo que aportar\u00e1 una gran estabilidad quiz\u00e1 a todo Medio Oriente<\/q>, declar\u00f3 Trump a los periodistas en la Sala Este de la Casa Blanca.<\/p>\n<p style=\"text-align: justify;\"><q>No fue una decisi\u00f3n tomada a la ligera. A todas las personas con las que he hablado les encanta la idea de que Estados Unidos posea ese terreno y lo desarrolle&#8230; ser\u00e1 magn\u00edfico<\/q>.<\/p>\n<div id=\"main-cont\" style=\"text-align: justify;\">\n<article>\n<div id=\"article-cont\" class=\"main-cont article-cont actuality\">\n<div id=\"article-text\" class=\"text\">\n<div class=\"col col2\">\n<p>Trump, ex promotor inmobiliario, indic\u00f3 que ha estudiado el asunto\u00a0<q>de cerca, durante muchos meses<\/q>, y reiter\u00f3 su propuesta de que los gazat\u00edes se trasladen a un nuevo lugar proporcionado por una o m\u00e1s naciones de Medio Oriente.<\/p>\n<p><q>Quiero decir que est\u00e1n ah\u00ed porque no tienen alternativa. \u00bfQu\u00e9 es lo que tienen? Ahora mismo es un mont\u00f3n de escombros<\/q>, dijo el magnate momentos antes de recibir a Netanyahu.<\/p>\n<p>El republicano plante\u00f3 la cuesti\u00f3n como un asunto humanitario, al alegar que era imposible creer que alguien quisiera permanecer en el territorio desgarrado por la guerra.<\/p>\n<p><q>\u00bfPor qu\u00e9 querr\u00edan volver? El lugar ha sido un infierno<\/q>, sostuvo Trump, al ignorar a un periodista que grit\u00f3:\u00a0<q>porque es su hogar<\/q>.<\/p>\n<p class=\"sumario\"><q>Un buen pedazo de tierra fresca<\/q><\/p>\n<p class=\"s-s\">En lugar de Gaza, sugiri\u00f3 que se proporcionara a los palestinos\u00a0<q>un buen pedazo de tierra fresca y hermosa<\/q>\u00a0para vivir.<\/p>\n<p>Pero en repetidas ocasiones, Trump dej\u00f3 claro que no ve\u00eda un mundo en el cual los palestinos volvieran a Gaza.<\/p>\n<p><q>No creo que la gente deba volver ah\u00ed. Creo que Gaza ha sido muy des afortunada para ellos<\/q>, y remat\u00f3:\u00a0<q>Gaza no es lugar para vivir<\/q>.<\/p>\n<p>Netanyahu sonre\u00eda mientras el jefe de la Casa Blanca hablaba y a\u00f1adi\u00f3 que Trump estaba\u00a0<q>pensando fuera de la caja, con ideas frescas<\/q>\u00a0y estaba\u00a0<q>mostrando voluntad de traspasar el pensamiento convencional<\/q>.<\/p>\n<p>El l\u00edder israel\u00ed, quien enfrenta un juicio por corrupci\u00f3n en su pa\u00eds, acusado de que intercambi\u00f3 favores con magnates de los medios y asociados adinerados, viaj\u00f3 a Washington para abordar con Trump la siguiente fase del alto el fuego en Gaza, el presunto programa nuclear de Ir\u00e1n y el acuerdo de normalizaci\u00f3n entre Israel y Arabia Saudita.<\/p>\n<p>Es el primer viaje de Netanyahu fuera de Israel desde que la Corte Penal Internacional emiti\u00f3 \u00f3rdenes de arresto en noviembre para \u00e9l, su ex ministro de Defensa y el jefe militar de Hamas por cr\u00edmenes de lesa humanidad durante la guerra en Gaza.<\/p>\n<p>En tanto, Abu Zuhri, alto mando del grupo islamita Hamas, advirti\u00f3 que la iniciativa de Trump para desterrar a los gazat\u00edes es una\u00a0<q>receta para crear caos y tensi\u00f3n<\/q>\u00a0en Medio Oriente.\u00a0<q>Nuestra gente en Gaza no va a permitir que estos planes ocurran<\/q>, y exclam\u00f3:\u00a0<q>Lo que se requiere es el fin de la ocupaci\u00f3n y de la agresi\u00f3n a nuestra gente, no expulsarlos de su tierra<\/q>.<\/p>\n<\/div>\n<\/div>\n<\/div>\n<\/article>\n<\/div>\n<div id=\"interstitialdfpportadas\" style=\"text-align: justify;\"><\/div>\n<div>V\u00eda: La Jornada<\/div>\n","protected":false},"excerpt":{"rendered":"<p>Al reiterar que los 1.8 millones de palestinos de la franja de Gaza deben ser desterrados, el presidente estadunidense, Donald Trump, proclam\u00f3 ayer:\u00a0nos adue\u00f1aremos\u00a0del enclave costero, y a\u00f1adi\u00f3:\u00a0no creo que la gente deba volver a Gaza&#8230; A todas las personas con las que he hablado les encanta la idea de que Estados Unidos posea ese [&hellip;]<\/p>\n","protected":false},"author":2,"featured_media":62281,"comment_status":"closed","ping_status":"closed","sticky":false,"template":"","format":"standard","meta":{"om_disable_all_campaigns":false,"_monsterinsights_skip_tracking":false,"_monsterinsights_sitenote_active":false,"_monsterinsights_sitenote_note":"","_monsterinsights_sitenote_category":0,"_uf_show_specific_survey":0,"_uf_disable_surveys":false,"_jetpack_memberships_contains_paid_content":false,"footnotes":"","jetpack_publicize_message":"EU ser\u00e1 due\u00f1o de Gaza; la franja ya no es lugar para los palestinos, afirma Trump","jetpack_publicize_feature_enabled":true,"jetpack_social_post_already_shared":true,"jetpack_social_options":{"image_generator_settings":{"template":"highway","default_image_id":0,"enabled":false},"version":2}},"categories":[6],"tags":[],"class_list":{"0":"post-62280","1":"post","2":"type-post","3":"status-publish","4":"format-standard","5":"has-post-thumbnail","7":"category-global"},"aioseo_notices":[],"jetpack_publicize_connections":[],"jetpack_featured_media_url":"https:\/\/mediagroup.mx\/wp-content\/uploads\/2025\/02\/Captura-de-pantalla-2025-02-05-a-las-09.05.02.png","jetpack_sharing_enabled":true,"_links":{"self":[{"href":"https:\/\/mediagroup.mx\/index.php\/wp-json\/wp\/v2\/posts\/62280","targetHints":{"allow":["GET"]}}],"collection":[{"href":"https:\/\/mediagroup.mx\/index.php\/wp-json\/wp\/v2\/posts"}],"about":[{"href":"https:\/\/mediagroup.mx\/index.php\/wp-json\/wp\/v2\/types\/post"}],"author":[{"embeddable":true,"href":"https:\/\/mediagroup.mx\/index.php\/wp-json\/wp\/v2\/users\/2"}],"replies":[{"embeddable":true,"href":"https:\/\/mediagroup.mx\/index.php\/wp-json\/wp\/v2\/comments?post=62280"}],"version-history":[{"count":1,"href":"https:\/\/mediagroup.mx\/index.php\/wp-json\/wp\/v2\/posts\/62280\/revisions"}],"predecessor-version":[{"id":62282,"href":"https:\/\/mediagroup.mx\/index.php\/wp-json\/wp\/v2\/posts\/62280\/revisions\/62282"}],"wp:featuredmedia":[{"embeddable":true,"href":"https:\/\/mediagroup.mx\/index.php\/wp-json\/wp\/v2\/media\/62281"}],"wp:attachment":[{"href":"https:\/\/mediagroup.mx\/index.php\/wp-json\/wp\/v2\/media?parent=62280"}],"wp:term":[{"taxonomy":"category","embeddable":true,"href":"https:\/\/mediagroup.mx\/index.php\/wp-json\/wp\/v2\/categories?post=62280"},{"taxonomy":"post_tag","embeddable":true,"href":"https:\/\/mediagroup.mx\/index.php\/wp-json\/wp\/v2\/tags?post=62280"}],"curies":[{"name":"wp","href":"https:\/\/api.w.org\/{rel}","templated":true}]}}