{"id":62286,"date":"2025-02-05T09:11:33","date_gmt":"2025-02-05T15:11:33","guid":{"rendered":"https:\/\/mediagroup.mx\/?p=62286"},"modified":"2025-02-05T09:11:33","modified_gmt":"2025-02-05T15:11:33","slug":"rodolfo-fofo-marquez-ratifican-sentencia-al-influencer-mientras-su-defensa-apelara","status":"publish","type":"post","link":"https:\/\/mediagroup.mx\/index.php\/2025\/02\/05\/rodolfo-fofo-marquez-ratifican-sentencia-al-influencer-mientras-su-defensa-apelara\/","title":{"rendered":"Rodolfo \u201cFofo\u201d M\u00e1rquez: Ratifican sentencia al influencer mientras su defensa apelar\u00e1"},"content":{"rendered":"<p class=\"sc__font-paragraph\" style=\"text-align: justify;\">Un juez ratific\u00f3 la sentencia a\u00a0<a title=\"https:\/\/www.elgrafico.mx\/espectaculos\/2025\/02\/02\/revelan-que-video-de-fofo-marquez-golpeado-en-prision-era-para-extorsionar-a-su-mama\/\" href=\"https:\/\/www.elgrafico.mx\/espectaculos\/2025\/02\/02\/revelan-que-video-de-fofo-marquez-golpeado-en-prision-era-para-extorsionar-a-su-mama\/\" target=\"_self\" rel=\"\" data-mrf-link=\"https:\/\/www.elgrafico.mx\/espectaculos\/2025\/02\/02\/revelan-que-video-de-fofo-marquez-golpeado-en-prision-era-para-extorsionar-a-su-mama\/\">Rodolfo &#8216;Fofo&#8217; M\u00e1rquez\u00a0<\/a>de 17 a\u00f1os y 6 meses de prisi\u00f3n por el delito de feminicidio en grado de tentativa en agravio de Edith M\u00e1rquez, quien ha declarado sentir miedo por represalias.<\/p>\n<p class=\"sc__font-paragraph\" style=\"text-align: justify;\">Antes de la<b>\u00a0ratificaci\u00f3n<\/b>, \u2018Fofo\u2019 sonri\u00f3 una vez m\u00e1s como lo hizo a lo largo de esta audiencia, que presenci\u00f3 v\u00eda remota a trav\u00e9s de c\u00e1mara de video desde el penal de Texcoco, donde fue trasladado el 31 de enero, luego de que se viraliz\u00f3 un video en el que fue agredido por custodios del\u00a0<a title=\"https:\/\/www.elgrafico.mx\/espectaculos\/2025\/01\/31\/fofo-marquez-tras-golpiza-por-custodios-cambia-la-residencia-del-influencer\/\" href=\"https:\/\/www.elgrafico.mx\/espectaculos\/2025\/01\/31\/fofo-marquez-tras-golpiza-por-custodios-cambia-la-residencia-del-influencer\/\" target=\"_self\" rel=\"\" data-mrf-link=\"https:\/\/www.elgrafico.mx\/espectaculos\/2025\/01\/31\/fofo-marquez-tras-golpiza-por-custodios-cambia-la-residencia-del-influencer\/\">penal de Barrientos.<\/a><\/p>\n<p class=\"sc__font-paragraph\" style=\"text-align: justify;\">A partir de ayer, 3 de febrero, la defensa de Rodolfo M\u00e1rquez cuenta con un plazo de 10 d\u00edas para apelar la sentencia del juez.<\/p>\n<p class=\"sc__font-paragraph\" style=\"text-align: justify;\">\u201c\u2018<i>Fofo\u2019 est\u00e1 mejor en Texcoco\u201d, se\u00f1al\u00f3 su hermano Rodrigo al salir de la audiencia celebrada en Tlalnepantla, donde afirm\u00f3 que la agresi\u00f3n que se vio en el video donde golpean al \u2018Fofo\u2019 M\u00e1rquez solo es una parte de las injusticias que ha vivido. \u201cSi les contara todo lo que sabemos, dejar\u00edan de tener un solo gramo de empat\u00eda hacia la v\u00edctima (&#8230;), se encargaron de inflar el caso<\/i>\u201d, destac\u00f3 Rodrigo.<\/p>\n<div class=\"story-image mx-auto  lg:max-w-screen-lg\" style=\"text-align: justify;\"><picture class=\"story__pic block w-full justify-center flex\"><source class=\" lazyloading\" srcset=\"https:\/\/www.elgrafico.mx\/resizer\/v2\/4SSTAUHETBAHXEFA4QHSTC7J5Y.jpg?auth=63ff3f4143a114a071110efd98f8a9e826aebd807c454f477717f974530fd28c&amp;smart=true&amp;width=340\" media=\"(max-width: 360px)\" data-srcset=\"https:\/\/www.elgrafico.mx\/resizer\/v2\/4SSTAUHETBAHXEFA4QHSTC7J5Y.jpg?auth=63ff3f4143a114a071110efd98f8a9e826aebd807c454f477717f974530fd28c&amp;smart=true&amp;width=340\" \/><\/picture><\/div>\n<div>\n<p class=\"sc__font-paragraph\" style=\"text-align: justify;\">La se\u00f1ora Edith, por el contrario, cree que tal golpiza es una estrategia de los abogados del influencer.<\/p>\n<p class=\"sc__font-paragraph\" style=\"text-align: justify;\">\u201cEsta es una estrategia de los abogados. Lo que te quiero dar a entender y para lo que te comento esta situaci\u00f3n, es para que te des cuenta de que es una estrategia de los abogados, porque tienen que apelar. Entonces, ahora la v\u00edctima lo quieren hacer a \u00e9l\u201d, dijo en entrevista para el programa \u2018Vaya Vaya\u2019.<\/p>\n<p style=\"text-align: justify;\">\u201c<i>En una entrevista anterior, el primer abogado dijo que ese video lo hab\u00eda visto hace un a\u00f1o<\/i>\u201d, a\u00f1adi\u00f3 Edith.<\/p>\n<p>V\u00eda: El Gr\u00e1fico<\/p>\n<\/div>\n","protected":false},"excerpt":{"rendered":"<p>Un juez ratific\u00f3 la sentencia a\u00a0Rodolfo &#8216;Fofo&#8217; M\u00e1rquez\u00a0de 17 a\u00f1os y 6 meses de prisi\u00f3n por el delito de feminicidio en grado de tentativa en agravio de Edith M\u00e1rquez, quien ha declarado sentir miedo por represalias. Antes de la\u00a0ratificaci\u00f3n, \u2018Fofo\u2019 sonri\u00f3 una vez m\u00e1s como lo hizo a lo largo de esta audiencia, que presenci\u00f3 [&hellip;]<\/p>\n","protected":false},"author":2,"featured_media":62287,"comment_status":"closed","ping_status":"closed","sticky":false,"template":"","format":"standard","meta":{"om_disable_all_campaigns":false,"_monsterinsights_skip_tracking":false,"_monsterinsights_sitenote_active":false,"_monsterinsights_sitenote_note":"","_monsterinsights_sitenote_category":0,"_uf_show_specific_survey":0,"_uf_disable_surveys":false,"_jetpack_memberships_contains_paid_content":false,"footnotes":"","jetpack_publicize_message":"Rodolfo \u201cFofo\u201d M\u00e1rquez: Ratifican sentencia al influencer mientras su defensa apelar\u00e1","jetpack_publicize_feature_enabled":true,"jetpack_social_post_already_shared":true,"jetpack_social_options":{"image_generator_settings":{"template":"highway","default_image_id":0,"enabled":false},"version":2}},"categories":[21],"tags":[],"class_list":{"0":"post-62286","1":"post","2":"type-post","3":"status-publish","4":"format-standard","5":"has-post-thumbnail","7":"category-entretenimiento"},"aioseo_notices":[],"jetpack_publicize_connections":[],"jetpack_featured_media_url":"https:\/\/mediagroup.mx\/wp-content\/uploads\/2025\/02\/Captura-de-pantalla-2025-02-05-a-las-09.09.49.png","jetpack_sharing_enabled":true,"_links":{"self":[{"href":"https:\/\/mediagroup.mx\/index.php\/wp-json\/wp\/v2\/posts\/62286","targetHints":{"allow":["GET"]}}],"collection":[{"href":"https:\/\/mediagroup.mx\/index.php\/wp-json\/wp\/v2\/posts"}],"about":[{"href":"https:\/\/mediagroup.mx\/index.php\/wp-json\/wp\/v2\/types\/post"}],"author":[{"embeddable":true,"href":"https:\/\/mediagroup.mx\/index.php\/wp-json\/wp\/v2\/users\/2"}],"replies":[{"embeddable":true,"href":"https:\/\/mediagroup.mx\/index.php\/wp-json\/wp\/v2\/comments?post=62286"}],"version-history":[{"count":1,"href":"https:\/\/mediagroup.mx\/index.php\/wp-json\/wp\/v2\/posts\/62286\/revisions"}],"predecessor-version":[{"id":62288,"href":"https:\/\/mediagroup.mx\/index.php\/wp-json\/wp\/v2\/posts\/62286\/revisions\/62288"}],"wp:featuredmedia":[{"embeddable":true,"href":"https:\/\/mediagroup.mx\/index.php\/wp-json\/wp\/v2\/media\/62287"}],"wp:attachment":[{"href":"https:\/\/mediagroup.mx\/index.php\/wp-json\/wp\/v2\/media?parent=62286"}],"wp:term":[{"taxonomy":"category","embeddable":true,"href":"https:\/\/mediagroup.mx\/index.php\/wp-json\/wp\/v2\/categories?post=62286"},{"taxonomy":"post_tag","embeddable":true,"href":"https:\/\/mediagroup.mx\/index.php\/wp-json\/wp\/v2\/tags?post=62286"}],"curies":[{"name":"wp","href":"https:\/\/api.w.org\/{rel}","templated":true}]}}