{"id":62321,"date":"2025-02-05T15:22:35","date_gmt":"2025-02-05T21:22:35","guid":{"rendered":"https:\/\/mediagroup.mx\/?p=62321"},"modified":"2025-02-05T15:22:35","modified_gmt":"2025-02-05T21:22:35","slug":"barragan-propone-reforma-para-regular-centros-de-atencion-contra-las-adicciones","status":"publish","type":"post","link":"https:\/\/mediagroup.mx\/index.php\/2025\/02\/05\/barragan-propone-reforma-para-regular-centros-de-atencion-contra-las-adicciones\/","title":{"rendered":"Barrag\u00e1n propone reforma para regular Centros de Atenci\u00f3n contra las Adicciones"},"content":{"rendered":"<p>Morelia, Michoac\u00e1n, a 5 de febrero de 2025.- Con el objetivo de garantizar la seguridad, salud y reinserci\u00f3n social efectiva de las personas en situaci\u00f3n de adicci\u00f3n, el vicepresidente del Congreso del Estado, Juan Carlos Barrag\u00e1n V\u00e9lez propone una reforma para la regulaci\u00f3n de los Centros de Atenci\u00f3n Integral para Personas Adictas.<\/p>\n<p>Barrag\u00e1n destac\u00f3 la urgente necesidad de fortalecer el marco normativo que regula el funcionamiento de estos espacios, debido a su importancia en el tratamiento y rehabilitaci\u00f3n de personas con problemas de consumo de sustancias psicoactivas.<\/p>\n<p>\u201cEl consumo de drogas est\u00e1 estrechamente relacionado con la criminalidad, especialmente cuando las personas adictas recurren a actividades il\u00edcitas para financiar su adicci\u00f3n. La regulaci\u00f3n adecuada de estos centros es fundamental para prevenir conductas delictivas y ofrecer una verdadera oportunidad de reinserci\u00f3n social\u201d, subray\u00f3 Barrag\u00e1n V\u00e9lez.<\/p>\n<p>La propuesta contempla tres puntos clave:<br \/>\n1.\u2060 \u2060Los centros deber\u00e1n contar con los permisos correspondientes conforme a la normatividad de salud estatal y nacional, garantizando su operaci\u00f3n bajo est\u00e1ndares de calidad y seguridad.<br \/>\n2.\u2060 \u2060Los establecimientos estar\u00e1n obligados a notificar su funcionamiento a la autoridad sanitaria estatal, permitiendo una supervisi\u00f3n efectiva.<br \/>\n3.\u2060 \u2060\u2060Se deber\u00e1 mantener un registro permanente de las personas atendidas, el cual ser\u00e1 integrado al Padr\u00f3n Estatal de Centros de Atenci\u00f3n Integral para Personas Adictas.<\/p>\n<p>El diputado enfatiz\u00f3 que esta reforma busca evitar que los centros operen de manera irregular o se conviertan en espacios vinculados a actividades delictivas, como se ha documentado en algunas entidades del pa\u00eds.<\/p>\n<p>\u201cCon esta iniciativa, buscamos ofrecer espacios seguros y profesionales para quienes desean superar una adicci\u00f3n, fortaleciendo el tejido social de Michoac\u00e1n y garantizando la seguridad y el bienestar de todos los ciudadanos\u201d, afirm\u00f3.<\/p>\n<p>Finalmente, el legislador confi\u00f3 en que sus compa\u00f1eras y compa\u00f1eros diputados puedan respaldar esta propuesta y trabajar en conjunto por una soluci\u00f3n efectiva ante el problema de las adicciones en el estado.<\/p>\n<p><img loading=\"lazy\" decoding=\"async\" class=\"alignnone size-medium wp-image-62322\" src=\"https:\/\/mediagroup.mx\/wp-content\/uploads\/2025\/02\/WhatsApp-Image-2025-02-05-at-11.12.53-AM-300x200.jpeg\" alt=\"\" width=\"300\" height=\"200\" srcset=\"https:\/\/mediagroup.mx\/wp-content\/uploads\/2025\/02\/WhatsApp-Image-2025-02-05-at-11.12.53-AM-300x200.jpeg 300w, https:\/\/mediagroup.mx\/wp-content\/uploads\/2025\/02\/WhatsApp-Image-2025-02-05-at-11.12.53-AM-1024x682.jpeg 1024w, https:\/\/mediagroup.mx\/wp-content\/uploads\/2025\/02\/WhatsApp-Image-2025-02-05-at-11.12.53-AM-768x512.jpeg 768w, https:\/\/mediagroup.mx\/wp-content\/uploads\/2025\/02\/WhatsApp-Image-2025-02-05-at-11.12.53-AM-1536x1023.jpeg 1536w, https:\/\/mediagroup.mx\/wp-content\/uploads\/2025\/02\/WhatsApp-Image-2025-02-05-at-11.12.53-AM-150x100.jpeg 150w, https:\/\/mediagroup.mx\/wp-content\/uploads\/2025\/02\/WhatsApp-Image-2025-02-05-at-11.12.53-AM-696x464.jpeg 696w, https:\/\/mediagroup.mx\/wp-content\/uploads\/2025\/02\/WhatsApp-Image-2025-02-05-at-11.12.53-AM-1068x712.jpeg 1068w, https:\/\/mediagroup.mx\/wp-content\/uploads\/2025\/02\/WhatsApp-Image-2025-02-05-at-11.12.53-AM.jpeg 1600w\" sizes=\"auto, (max-width: 300px) 100vw, 300px\" \/><\/p>\n","protected":false},"excerpt":{"rendered":"<p>Morelia, Michoac\u00e1n, a 5 de febrero de 2025.- Con el objetivo de garantizar la seguridad, salud y reinserci\u00f3n social efectiva de las personas en situaci\u00f3n de adicci\u00f3n, el vicepresidente del Congreso del Estado, Juan Carlos Barrag\u00e1n V\u00e9lez propone una reforma para la regulaci\u00f3n de los Centros de Atenci\u00f3n Integral para Personas Adictas. Barrag\u00e1n destac\u00f3 la [&hellip;]<\/p>\n","protected":false},"author":2,"featured_media":62322,"comment_status":"closed","ping_status":"closed","sticky":false,"template":"","format":"standard","meta":{"om_disable_all_campaigns":false,"_monsterinsights_skip_tracking":false,"_monsterinsights_sitenote_active":false,"_monsterinsights_sitenote_note":"","_monsterinsights_sitenote_category":0,"_uf_show_specific_survey":0,"_uf_disable_surveys":false,"_jetpack_memberships_contains_paid_content":false,"footnotes":"","jetpack_publicize_message":"Barrag\u00e1n propone reforma para regular Centros de Atenci\u00f3n contra las Adicciones\r\n*La iniciativa contempla la creaci\u00f3n de un padr\u00f3n estatal de las personas ingresadas en estos centros","jetpack_publicize_feature_enabled":true,"jetpack_social_post_already_shared":true,"jetpack_social_options":{"image_generator_settings":{"template":"highway","default_image_id":0,"enabled":false},"version":2}},"categories":[15,63],"tags":[],"class_list":{"0":"post-62321","1":"post","2":"type-post","3":"status-publish","4":"format-standard","5":"has-post-thumbnail","7":"category-michoacan","8":"category-politica"},"aioseo_notices":[],"jetpack_publicize_connections":[],"jetpack_featured_media_url":"https:\/\/mediagroup.mx\/wp-content\/uploads\/2025\/02\/WhatsApp-Image-2025-02-05-at-11.12.53-AM.jpeg","jetpack_sharing_enabled":true,"_links":{"self":[{"href":"https:\/\/mediagroup.mx\/index.php\/wp-json\/wp\/v2\/posts\/62321","targetHints":{"allow":["GET"]}}],"collection":[{"href":"https:\/\/mediagroup.mx\/index.php\/wp-json\/wp\/v2\/posts"}],"about":[{"href":"https:\/\/mediagroup.mx\/index.php\/wp-json\/wp\/v2\/types\/post"}],"author":[{"embeddable":true,"href":"https:\/\/mediagroup.mx\/index.php\/wp-json\/wp\/v2\/users\/2"}],"replies":[{"embeddable":true,"href":"https:\/\/mediagroup.mx\/index.php\/wp-json\/wp\/v2\/comments?post=62321"}],"version-history":[{"count":1,"href":"https:\/\/mediagroup.mx\/index.php\/wp-json\/wp\/v2\/posts\/62321\/revisions"}],"predecessor-version":[{"id":62323,"href":"https:\/\/mediagroup.mx\/index.php\/wp-json\/wp\/v2\/posts\/62321\/revisions\/62323"}],"wp:featuredmedia":[{"embeddable":true,"href":"https:\/\/mediagroup.mx\/index.php\/wp-json\/wp\/v2\/media\/62322"}],"wp:attachment":[{"href":"https:\/\/mediagroup.mx\/index.php\/wp-json\/wp\/v2\/media?parent=62321"}],"wp:term":[{"taxonomy":"category","embeddable":true,"href":"https:\/\/mediagroup.mx\/index.php\/wp-json\/wp\/v2\/categories?post=62321"},{"taxonomy":"post_tag","embeddable":true,"href":"https:\/\/mediagroup.mx\/index.php\/wp-json\/wp\/v2\/tags?post=62321"}],"curies":[{"name":"wp","href":"https:\/\/api.w.org\/{rel}","templated":true}]}}