{"id":62324,"date":"2025-02-05T15:24:29","date_gmt":"2025-02-05T21:24:29","guid":{"rendered":"https:\/\/mediagroup.mx\/?p=62324"},"modified":"2025-02-05T15:24:29","modified_gmt":"2025-02-05T21:24:29","slug":"impulsa-gobierno-de-morelia-2da-feria-del-pulque-en-santiago-undameo","status":"publish","type":"post","link":"https:\/\/mediagroup.mx\/index.php\/2025\/02\/05\/impulsa-gobierno-de-morelia-2da-feria-del-pulque-en-santiago-undameo\/","title":{"rendered":"Impulsa Gobierno de Morelia 2da Feria del Pulque en Santiago Undameo"},"content":{"rendered":"<p>Morelia, Michoac\u00e1n; 05 de febrero de 2025. &#8211; Como parte de los esfuerzos por incentivar la econom\u00eda y el desarrollo de las tenencias del municipio, el Gobierno de Morelia, liderado por el Presidente Alfonso Mart\u00ednez Alc\u00e1zar, a trav\u00e9s de la Secretar\u00eda de Fomento Econ\u00f3mico (SEFECO), anunci\u00f3 la segunda edici\u00f3n de la Feria del Pulque de Santiago Undameo.<\/p>\n<p>En rueda de prensa, el Secretario del Ayuntamiento, Yankel Ben\u00edtez Silva, subray\u00f3 la importancia de resaltar las tradiciones locales y fomentar los sectores productivos de la regi\u00f3n, en cumplimiento a la encomienda marcada por el Presidente Municipal.<\/p>\n<p>\u00abEstamos trabajando en los objetivos establecidos por nuestro Presidente, buscando que cada una de nuestras tenencias brille con la misma luz que brilla Morelia. Invitamos a la ciudadan\u00eda a participar en esta segunda feria del pulque, que es un pretexto ideal para visitar una tenencia con tanto que ofrecer\u00bb, afirm\u00f3.<\/p>\n<p>A su vez, Guadalupe Herrera Calder\u00f3n, titular de la SEFECO, reafirm\u00f3 el compromiso de la dependencia con las diversas tenencias y extendi\u00f3 una cordial invitaci\u00f3n a la poblaci\u00f3n para disfrutar de un espacio dedicado a la degustaci\u00f3n de esta ancestral bebida, as\u00ed como de la exquisita gastronom\u00eda y los atractivos caracter\u00edsticos de la zona.<\/p>\n<p>\u00abLos invitamos a disfrutar de esta bebida milenaria y de una variedad de antojitos mexicanos. A trav\u00e9s de este evento, buscamos dar visibilidad a los productores locales y celebrar, al mismo tiempo, nuestras costumbres que forman parte de la identidad de la regi\u00f3n\u00bb, se\u00f1al\u00f3.<\/p>\n<p>Finalmente, Herrera Calder\u00f3n anunci\u00f3 que se espera la visita de aproximadamente 500 personas, lo que generar\u00e1 una derrama econ\u00f3mica estimada en 80 mil pesos. Este significativo evento se llevar\u00e1 a cabo el 15 y 16 de febrero en la plaza principal de la Tenencia de Santiago Undameo.<\/p>\n<p><img loading=\"lazy\" decoding=\"async\" class=\"alignnone size-medium wp-image-62325\" src=\"https:\/\/mediagroup.mx\/wp-content\/uploads\/2025\/02\/WhatsApp-Image-2025-02-05-at-2.11.09-PM-300x201.jpeg\" alt=\"\" width=\"300\" height=\"201\" srcset=\"https:\/\/mediagroup.mx\/wp-content\/uploads\/2025\/02\/WhatsApp-Image-2025-02-05-at-2.11.09-PM-300x201.jpeg 300w, https:\/\/mediagroup.mx\/wp-content\/uploads\/2025\/02\/WhatsApp-Image-2025-02-05-at-2.11.09-PM-1024x685.jpeg 1024w, https:\/\/mediagroup.mx\/wp-content\/uploads\/2025\/02\/WhatsApp-Image-2025-02-05-at-2.11.09-PM-768x513.jpeg 768w, https:\/\/mediagroup.mx\/wp-content\/uploads\/2025\/02\/WhatsApp-Image-2025-02-05-at-2.11.09-PM-150x100.jpeg 150w, https:\/\/mediagroup.mx\/wp-content\/uploads\/2025\/02\/WhatsApp-Image-2025-02-05-at-2.11.09-PM-696x465.jpeg 696w, https:\/\/mediagroup.mx\/wp-content\/uploads\/2025\/02\/WhatsApp-Image-2025-02-05-at-2.11.09-PM-1068x714.jpeg 1068w, https:\/\/mediagroup.mx\/wp-content\/uploads\/2025\/02\/WhatsApp-Image-2025-02-05-at-2.11.09-PM.jpeg 1379w\" sizes=\"auto, (max-width: 300px) 100vw, 300px\" \/><\/p>\n","protected":false},"excerpt":{"rendered":"<p>Morelia, Michoac\u00e1n; 05 de febrero de 2025. &#8211; Como parte de los esfuerzos por incentivar la econom\u00eda y el desarrollo de las tenencias del municipio, el Gobierno de Morelia, liderado por el Presidente Alfonso Mart\u00ednez Alc\u00e1zar, a trav\u00e9s de la Secretar\u00eda de Fomento Econ\u00f3mico (SEFECO), anunci\u00f3 la segunda edici\u00f3n de la Feria del Pulque de [&hellip;]<\/p>\n","protected":false},"author":2,"featured_media":62325,"comment_status":"closed","ping_status":"closed","sticky":false,"template":"","format":"standard","meta":{"om_disable_all_campaigns":false,"_monsterinsights_skip_tracking":false,"_monsterinsights_sitenote_active":false,"_monsterinsights_sitenote_note":"","_monsterinsights_sitenote_category":0,"_uf_show_specific_survey":0,"_uf_disable_surveys":false,"_jetpack_memberships_contains_paid_content":false,"footnotes":"","jetpack_publicize_message":"Impulsa Gobierno de Morelia 2da Feria del Pulque en Santiago Undameo\r\n\r\n* Se espera superar una derrama econ\u00f3mica de 80 mil pesos a trav\u00e9s de 500 visitantes.","jetpack_publicize_feature_enabled":true,"jetpack_social_post_already_shared":true,"jetpack_social_options":{"image_generator_settings":{"template":"highway","default_image_id":0,"enabled":false},"version":2}},"categories":[25,17],"tags":[],"class_list":{"0":"post-62324","1":"post","2":"type-post","3":"status-publish","4":"format-standard","5":"has-post-thumbnail","7":"category-cultura","8":"category-morelia"},"aioseo_notices":[],"jetpack_publicize_connections":[],"jetpack_featured_media_url":"https:\/\/mediagroup.mx\/wp-content\/uploads\/2025\/02\/WhatsApp-Image-2025-02-05-at-2.11.09-PM.jpeg","jetpack_sharing_enabled":true,"_links":{"self":[{"href":"https:\/\/mediagroup.mx\/index.php\/wp-json\/wp\/v2\/posts\/62324","targetHints":{"allow":["GET"]}}],"collection":[{"href":"https:\/\/mediagroup.mx\/index.php\/wp-json\/wp\/v2\/posts"}],"about":[{"href":"https:\/\/mediagroup.mx\/index.php\/wp-json\/wp\/v2\/types\/post"}],"author":[{"embeddable":true,"href":"https:\/\/mediagroup.mx\/index.php\/wp-json\/wp\/v2\/users\/2"}],"replies":[{"embeddable":true,"href":"https:\/\/mediagroup.mx\/index.php\/wp-json\/wp\/v2\/comments?post=62324"}],"version-history":[{"count":1,"href":"https:\/\/mediagroup.mx\/index.php\/wp-json\/wp\/v2\/posts\/62324\/revisions"}],"predecessor-version":[{"id":62326,"href":"https:\/\/mediagroup.mx\/index.php\/wp-json\/wp\/v2\/posts\/62324\/revisions\/62326"}],"wp:featuredmedia":[{"embeddable":true,"href":"https:\/\/mediagroup.mx\/index.php\/wp-json\/wp\/v2\/media\/62325"}],"wp:attachment":[{"href":"https:\/\/mediagroup.mx\/index.php\/wp-json\/wp\/v2\/media?parent=62324"}],"wp:term":[{"taxonomy":"category","embeddable":true,"href":"https:\/\/mediagroup.mx\/index.php\/wp-json\/wp\/v2\/categories?post=62324"},{"taxonomy":"post_tag","embeddable":true,"href":"https:\/\/mediagroup.mx\/index.php\/wp-json\/wp\/v2\/tags?post=62324"}],"curies":[{"name":"wp","href":"https:\/\/api.w.org\/{rel}","templated":true}]}}