{"id":62333,"date":"2025-02-05T17:05:12","date_gmt":"2025-02-05T23:05:12","guid":{"rendered":"https:\/\/mediagroup.mx\/?p=62333"},"modified":"2025-02-05T17:05:12","modified_gmt":"2025-02-05T23:05:12","slug":"alfonso-martinez-y-transportistas-promueven-becas-del-colegio-de-morelia","status":"publish","type":"post","link":"https:\/\/mediagroup.mx\/index.php\/2025\/02\/05\/alfonso-martinez-y-transportistas-promueven-becas-del-colegio-de-morelia\/","title":{"rendered":"Alfonso Mart\u00ednez y transportistas promueven becas del Colegio de Morelia"},"content":{"rendered":"<p style=\"text-align: justify;\">Con el objetivo com\u00fan de mejorar las vidas de los morelianos a trav\u00e9s de la educaci\u00f3n, el Gobierno Municipal encabezado por el Presidente Alfonso Mart\u00ednez Alc\u00e1zar y los transportistas de la ciudad unieron esfuerzos para promover las becas del Colegio de Morelia, cuya convocatoria contin\u00faa abierta.<\/p>\n<p style=\"text-align: justify;\">El Alcalde encabez\u00f3 la pega de carteles en unidades del transporte p\u00fablico, siendo acompa\u00f1ado por el Dirigente del Movimiento Nacional Transportista, Jos\u00e9 Mart\u00ednez Pasalagua; los transportistas Rigoberto V\u00e1zquez Arroyo y Juan Antonio Mart\u00ednez L\u00f3pez; el Director General del Colegio de Morelia, Iv\u00e1n Barrales Alc\u00e1ntara; as\u00ed como miembros de su gabinete.<\/p>\n<p style=\"text-align: justify;\">\u201cEste programa nace desde el 2016 en la primera gesti\u00f3n de mi administraci\u00f3n y tantos j\u00f3venes han tenido la oportunidad de estudiar, de avanzar y se les ha cambiado la vida. Este proyecto nace para que los j\u00f3venes que no tienen oportunidad de estudiar por cuestiones econ\u00f3micas, tengan alternativas y hay historias maravillosas\u201d, recalc\u00f3 Alfonso Mart\u00ednez.<br \/>\nINSERT<\/p>\n<p style=\"text-align: justify;\">En ese tono, agradeci\u00f3 a las universidades involucradas que dan oportunidades a m\u00e1s j\u00f3venes y a los transportistas por sumarse a la promoci\u00f3n.<\/p>\n<p style=\"text-align: justify;\">A su vez, Mart\u00ednez Pasalagua coment\u00f3: \u201cDijimos que con gusto le entrabamos a este trabajo, para nosotros siempre va a ser importante que los j\u00f3venes est\u00e9n evolucionando; creo que esto ayuda mucho, Presidente, qu\u00e9 bueno que lo hace, y nosotros seguiremos con la disposici\u00f3n de continuar trabajando para sacar estos proyecto\u201d.<br \/>\nINSERT 3 4:11 AL 5:05<br \/>\nEn tanto que el titular del Colegio de Morelia record\u00f3 los niveles de estudio de los alumnos beneficiados por este medio, as\u00ed como celebr\u00f3 que \u201cPodamos seguir apoyando para comenzar la licenciatura, titularte de la licenciatura y, ahora, por instrucciones del Presidente, por primera vez<br \/>\nestaremos apoyando titulaci\u00f3n de maestr\u00eda y doctorado\u201d.<br \/>\nINSERT 2<br \/>\nDe acuerdo con la convocatoria de Becas 2025, el plazo para el registro de postulantes ser\u00e1 el 28 de marzo pr\u00f3ximo y el d\u00eda 28 de abril se publicar\u00e1 la lista de los seleccionados. Posteriormente, iniciar\u00e1 un ciclo de entrevistas con los beneficiarios y firma de aceptaci\u00f3n del programa de becas.<\/p>\n<p style=\"text-align: justify;\">En esta promoci\u00f3n, se suman mil 400 combis de 11 rutas, entre las que se encuentran: Roja, Coral, Morada, Guinda, Caf\u00e9, Crema, Naranja, Ruta 1 (cami\u00f3n) y Caf\u00e9 oro.<\/p>\n<p style=\"text-align: justify;\">Es importante recordar que el registro y postulaci\u00f3n a las becas sigue abierto hasta el 28 de marzo de este a\u00f1o, por lo que el Gobierno encabezado por Mart\u00ednez Alc\u00e1zar invita la ciudadan\u00eda a sumarse a la convocatoria y visitar el siguiente sitio web para conocer m\u00e1s sobre el programa: https:\/\/colegiodemorelia.gob.mx\/becas-cm-2025\/<\/p>\n","protected":false},"excerpt":{"rendered":"<p>Con el objetivo com\u00fan de mejorar las vidas de los morelianos a trav\u00e9s de la educaci\u00f3n, el Gobierno Municipal encabezado por el Presidente Alfonso Mart\u00ednez Alc\u00e1zar y los transportistas de la ciudad unieron esfuerzos para promover las becas del Colegio de Morelia, cuya convocatoria contin\u00faa abierta. El Alcalde encabez\u00f3 la pega de carteles en unidades [&hellip;]<\/p>\n","protected":false},"author":2,"featured_media":62334,"comment_status":"closed","ping_status":"closed","sticky":false,"template":"","format":"standard","meta":{"om_disable_all_campaigns":false,"_monsterinsights_skip_tracking":false,"_monsterinsights_sitenote_active":false,"_monsterinsights_sitenote_note":"","_monsterinsights_sitenote_category":0,"_uf_show_specific_survey":0,"_uf_disable_surveys":false,"_jetpack_memberships_contains_paid_content":false,"footnotes":"","jetpack_publicize_message":"Alfonso Mart\u00ednez y transportistas promueven becas del Colegio de Morelia","jetpack_publicize_feature_enabled":true,"jetpack_social_post_already_shared":true,"jetpack_social_options":{"image_generator_settings":{"template":"highway","default_image_id":0,"enabled":false},"version":2}},"categories":[22],"tags":[],"class_list":{"0":"post-62333","1":"post","2":"type-post","3":"status-publish","4":"format-standard","5":"has-post-thumbnail","7":"category-educacion"},"aioseo_notices":[],"jetpack_publicize_connections":[],"jetpack_featured_media_url":"https:\/\/mediagroup.mx\/wp-content\/uploads\/2025\/02\/Captura-de-pantalla-2025-02-05-a-las-17.04.29.png","jetpack_sharing_enabled":true,"_links":{"self":[{"href":"https:\/\/mediagroup.mx\/index.php\/wp-json\/wp\/v2\/posts\/62333","targetHints":{"allow":["GET"]}}],"collection":[{"href":"https:\/\/mediagroup.mx\/index.php\/wp-json\/wp\/v2\/posts"}],"about":[{"href":"https:\/\/mediagroup.mx\/index.php\/wp-json\/wp\/v2\/types\/post"}],"author":[{"embeddable":true,"href":"https:\/\/mediagroup.mx\/index.php\/wp-json\/wp\/v2\/users\/2"}],"replies":[{"embeddable":true,"href":"https:\/\/mediagroup.mx\/index.php\/wp-json\/wp\/v2\/comments?post=62333"}],"version-history":[{"count":1,"href":"https:\/\/mediagroup.mx\/index.php\/wp-json\/wp\/v2\/posts\/62333\/revisions"}],"predecessor-version":[{"id":62335,"href":"https:\/\/mediagroup.mx\/index.php\/wp-json\/wp\/v2\/posts\/62333\/revisions\/62335"}],"wp:featuredmedia":[{"embeddable":true,"href":"https:\/\/mediagroup.mx\/index.php\/wp-json\/wp\/v2\/media\/62334"}],"wp:attachment":[{"href":"https:\/\/mediagroup.mx\/index.php\/wp-json\/wp\/v2\/media?parent=62333"}],"wp:term":[{"taxonomy":"category","embeddable":true,"href":"https:\/\/mediagroup.mx\/index.php\/wp-json\/wp\/v2\/categories?post=62333"},{"taxonomy":"post_tag","embeddable":true,"href":"https:\/\/mediagroup.mx\/index.php\/wp-json\/wp\/v2\/tags?post=62333"}],"curies":[{"name":"wp","href":"https:\/\/api.w.org\/{rel}","templated":true}]}}