{"id":62336,"date":"2025-02-05T17:07:34","date_gmt":"2025-02-05T23:07:34","guid":{"rendered":"https:\/\/mediagroup.mx\/?p=62336"},"modified":"2025-02-05T17:07:34","modified_gmt":"2025-02-05T23:07:34","slug":"buitres-quienes-pretenden-sacar-raja-politica-con-caso-del-pequeno-eduardo-y-del-presunto-responsable-de-su-fallecimiento-alfonso-martinez","status":"publish","type":"post","link":"https:\/\/mediagroup.mx\/index.php\/2025\/02\/05\/buitres-quienes-pretenden-sacar-raja-politica-con-caso-del-pequeno-eduardo-y-del-presunto-responsable-de-su-fallecimiento-alfonso-martinez\/","title":{"rendered":"\u00abBuitres\u00bb, quienes pretenden sacar raja pol\u00edtica con caso del peque\u00f1o Eduardo y del presunto responsable de su fallecimiento: Alfonso Mart\u00ednez"},"content":{"rendered":"<p style=\"text-align: justify;\">El presidente municipal de Morelia, Alfonso Mart\u00ednez Alc\u00e1zar, expres\u00f3 su solidaridad con la familia de Eduardo Abraham, quien muri\u00f3 en d\u00edas pasados en un accidente vehicular.<\/p>\n<p style=\"text-align: justify;\">Por otro lado lament\u00f3 \u00abque haya buitres que por obtener m\u00e1s likes en sus p\u00e1ginas o perfiles de redes sociales\u00bb difundan informaci\u00f3n y datos personales relacionados con el caso.<\/p>\n<p style=\"text-align: justify;\">Dijo que como alcalde, ni \u00e9l, ni el Ayuntamiento, tampoco la propia Polic\u00eda Municipal tienen nada que ver en el incidente provocado presuntamente por Raymundo \u00abN\u00bb, hijo de un ex l\u00edder empresarial del estado.<\/p>\n<p style=\"text-align: justify;\">Es un hecho lamentable, del cual est\u00e1n sacando raja pol\u00edtica. S\u00f3lo un miserable hace eso, porque est\u00e1n involucradas 2 familias: una en desgracia por la p\u00e9rdida de uno de sus integrantes y la otra se encuentra en una complejidad que tendr\u00e1 que resolver, expres\u00f3.<\/p>\n<p style=\"text-align: justify;\">Mart\u00ednez Alc\u00e1zar se\u00f1al\u00f3 que cada una de las instituciones tendr\u00e1 que hacer su trabajo para resolver el caso.<\/p>\n<p style=\"text-align: justify;\">Finalmente, enfatiz\u00f3 que como funcionario p\u00fablico se toma fotograf\u00edas con muchas personas, entre ellas con l\u00edderes empresariales.<\/p>\n","protected":false},"excerpt":{"rendered":"<p>El presidente municipal de Morelia, Alfonso Mart\u00ednez Alc\u00e1zar, expres\u00f3 su solidaridad con la familia de Eduardo Abraham, quien muri\u00f3 en d\u00edas pasados en un accidente vehicular. Por otro lado lament\u00f3 \u00abque haya buitres que por obtener m\u00e1s likes en sus p\u00e1ginas o perfiles de redes sociales\u00bb difundan informaci\u00f3n y datos personales relacionados con el caso. [&hellip;]<\/p>\n","protected":false},"author":2,"featured_media":62337,"comment_status":"closed","ping_status":"closed","sticky":false,"template":"","format":"standard","meta":{"om_disable_all_campaigns":false,"_monsterinsights_skip_tracking":false,"_monsterinsights_sitenote_active":false,"_monsterinsights_sitenote_note":"","_monsterinsights_sitenote_category":0,"_uf_show_specific_survey":0,"_uf_disable_surveys":false,"_jetpack_memberships_contains_paid_content":false,"footnotes":"","jetpack_publicize_message":"\"Buitres\", quienes pretenden sacar raja pol\u00edtica con caso del peque\u00f1o Eduardo y del presunto responsable de su fallecimiento: Alfonso Mart\u00ednez","jetpack_publicize_feature_enabled":true,"jetpack_social_post_already_shared":true,"jetpack_social_options":{"image_generator_settings":{"template":"highway","default_image_id":0,"enabled":false},"version":2}},"categories":[17],"tags":[],"class_list":{"0":"post-62336","1":"post","2":"type-post","3":"status-publish","4":"format-standard","5":"has-post-thumbnail","7":"category-morelia"},"aioseo_notices":[],"jetpack_publicize_connections":[],"jetpack_featured_media_url":"https:\/\/mediagroup.mx\/wp-content\/uploads\/2025\/02\/Captura-de-pantalla-2025-02-05-a-las-17.06.35.png","jetpack_sharing_enabled":true,"_links":{"self":[{"href":"https:\/\/mediagroup.mx\/index.php\/wp-json\/wp\/v2\/posts\/62336","targetHints":{"allow":["GET"]}}],"collection":[{"href":"https:\/\/mediagroup.mx\/index.php\/wp-json\/wp\/v2\/posts"}],"about":[{"href":"https:\/\/mediagroup.mx\/index.php\/wp-json\/wp\/v2\/types\/post"}],"author":[{"embeddable":true,"href":"https:\/\/mediagroup.mx\/index.php\/wp-json\/wp\/v2\/users\/2"}],"replies":[{"embeddable":true,"href":"https:\/\/mediagroup.mx\/index.php\/wp-json\/wp\/v2\/comments?post=62336"}],"version-history":[{"count":1,"href":"https:\/\/mediagroup.mx\/index.php\/wp-json\/wp\/v2\/posts\/62336\/revisions"}],"predecessor-version":[{"id":62338,"href":"https:\/\/mediagroup.mx\/index.php\/wp-json\/wp\/v2\/posts\/62336\/revisions\/62338"}],"wp:featuredmedia":[{"embeddable":true,"href":"https:\/\/mediagroup.mx\/index.php\/wp-json\/wp\/v2\/media\/62337"}],"wp:attachment":[{"href":"https:\/\/mediagroup.mx\/index.php\/wp-json\/wp\/v2\/media?parent=62336"}],"wp:term":[{"taxonomy":"category","embeddable":true,"href":"https:\/\/mediagroup.mx\/index.php\/wp-json\/wp\/v2\/categories?post=62336"},{"taxonomy":"post_tag","embeddable":true,"href":"https:\/\/mediagroup.mx\/index.php\/wp-json\/wp\/v2\/tags?post=62336"}],"curies":[{"name":"wp","href":"https:\/\/api.w.org\/{rel}","templated":true}]}}