{"id":62343,"date":"2025-02-05T18:00:30","date_gmt":"2025-02-06T00:00:30","guid":{"rendered":"https:\/\/mediagroup.mx\/?p=62343"},"modified":"2025-02-05T18:00:30","modified_gmt":"2025-02-06T00:00:30","slug":"sheinbaum-arrancara-en-michoacan-programa-nacional-de-fertilizantes","status":"publish","type":"post","link":"https:\/\/mediagroup.mx\/index.php\/2025\/02\/05\/sheinbaum-arrancara-en-michoacan-programa-nacional-de-fertilizantes\/","title":{"rendered":"Sheinbaum arrancar\u00e1 en Michoac\u00e1n Programa Nacional de Fertilizantes"},"content":{"rendered":"<p>La presidenta Claudia Sheinbaum Pardo estar\u00e1 en Cuitzeo el pr\u00f3ximo viernes y en Zirahu\u00e9n el s\u00e1bado, con el prop\u00f3sito de arrancar el Programa Nacional de Fertilizantes para el Bienestar, inform\u00f3 el gobernador Alfredo Ram\u00edrez Bedolla.<\/p>\n<p>Durante una gira de trabajo por Cop\u00e1ndaro, el mandatario estatal destac\u00f3 que la visita a Michoac\u00e1n de la presidenta en este momento tan crucial, dada la complicada relaci\u00f3n con Estados Unidos, es muy importante.<\/p>\n<p>Enfatiz\u00f3 que la invitaci\u00f3n es a que estemos unidos y le demos todo nuestro respaldo y fuerza a la presidenta Claudia Sheinbaum porque la situaci\u00f3n no est\u00e1 sencilla, ya que nos quieren imponer aranceles muy altos a los productos que exporta M\u00e9xico.<\/p>\n<p>En ese contexto, afirm\u00f3 que la mandataria est\u00e1 muy firme, dando la pelea. \u00abYo les he dicho que tenemos mucha presidenta para enfrentar todos los retos y ella es Claudia Sheinbaum Pardo\u00bb.<\/p>\n<p>Ante los asistentes dijo que Sheinbaum confirm\u00f3 que estar\u00e1 en Michoac\u00e1n recorriendo el estado los d\u00edas viernes y s\u00e1bado. \u201cAs\u00ed que es una gran oportunidad de que la presidenta est\u00e9 aqu\u00ed con nosotros, de que nos visite y que todos acudamos al evento que va a ser en Cuitzeo y el s\u00e1bado en Zirahu\u00e9n y podamos acompa\u00f1arla\u201d, concluy\u00f3.<\/p>\n","protected":false},"excerpt":{"rendered":"<p>La presidenta Claudia Sheinbaum Pardo estar\u00e1 en Cuitzeo el pr\u00f3ximo viernes y en Zirahu\u00e9n el s\u00e1bado, con el prop\u00f3sito de arrancar el Programa Nacional de Fertilizantes para el Bienestar, inform\u00f3 el gobernador Alfredo Ram\u00edrez Bedolla. Durante una gira de trabajo por Cop\u00e1ndaro, el mandatario estatal destac\u00f3 que la visita a Michoac\u00e1n de la presidenta en [&hellip;]<\/p>\n","protected":false},"author":2,"featured_media":62344,"comment_status":"closed","ping_status":"closed","sticky":false,"template":"","format":"standard","meta":{"om_disable_all_campaigns":false,"_monsterinsights_skip_tracking":false,"_monsterinsights_sitenote_active":false,"_monsterinsights_sitenote_note":"","_monsterinsights_sitenote_category":0,"_uf_show_specific_survey":0,"_uf_disable_surveys":false,"_jetpack_memberships_contains_paid_content":false,"footnotes":"","jetpack_publicize_message":"Sheinbaum arrancar\u00e1 en Michoac\u00e1n Programa Nacional de Fertilizantes","jetpack_publicize_feature_enabled":true,"jetpack_social_post_already_shared":true,"jetpack_social_options":{"image_generator_settings":{"template":"highway","default_image_id":0,"enabled":false},"version":2}},"categories":[15,23],"tags":[],"class_list":{"0":"post-62343","1":"post","2":"type-post","3":"status-publish","4":"format-standard","5":"has-post-thumbnail","7":"category-michoacan","8":"category-nacional"},"aioseo_notices":[],"jetpack_publicize_connections":[],"jetpack_featured_media_url":"https:\/\/mediagroup.mx\/wp-content\/uploads\/2025\/02\/4b113fd5-f42c-42b0-983d-dee7dbdbe376.jpeg","jetpack_sharing_enabled":true,"_links":{"self":[{"href":"https:\/\/mediagroup.mx\/index.php\/wp-json\/wp\/v2\/posts\/62343","targetHints":{"allow":["GET"]}}],"collection":[{"href":"https:\/\/mediagroup.mx\/index.php\/wp-json\/wp\/v2\/posts"}],"about":[{"href":"https:\/\/mediagroup.mx\/index.php\/wp-json\/wp\/v2\/types\/post"}],"author":[{"embeddable":true,"href":"https:\/\/mediagroup.mx\/index.php\/wp-json\/wp\/v2\/users\/2"}],"replies":[{"embeddable":true,"href":"https:\/\/mediagroup.mx\/index.php\/wp-json\/wp\/v2\/comments?post=62343"}],"version-history":[{"count":1,"href":"https:\/\/mediagroup.mx\/index.php\/wp-json\/wp\/v2\/posts\/62343\/revisions"}],"predecessor-version":[{"id":62345,"href":"https:\/\/mediagroup.mx\/index.php\/wp-json\/wp\/v2\/posts\/62343\/revisions\/62345"}],"wp:featuredmedia":[{"embeddable":true,"href":"https:\/\/mediagroup.mx\/index.php\/wp-json\/wp\/v2\/media\/62344"}],"wp:attachment":[{"href":"https:\/\/mediagroup.mx\/index.php\/wp-json\/wp\/v2\/media?parent=62343"}],"wp:term":[{"taxonomy":"category","embeddable":true,"href":"https:\/\/mediagroup.mx\/index.php\/wp-json\/wp\/v2\/categories?post=62343"},{"taxonomy":"post_tag","embeddable":true,"href":"https:\/\/mediagroup.mx\/index.php\/wp-json\/wp\/v2\/tags?post=62343"}],"curies":[{"name":"wp","href":"https:\/\/api.w.org\/{rel}","templated":true}]}}