{"id":62351,"date":"2025-02-06T11:48:30","date_gmt":"2025-02-06T17:48:30","guid":{"rendered":"https:\/\/mediagroup.mx\/?p=62351"},"modified":"2025-02-06T11:48:30","modified_gmt":"2025-02-06T17:48:30","slug":"gobierno-de-alfonso-martinez-mejora-colector-pluvial-de-avenida-camelinas","status":"publish","type":"post","link":"https:\/\/mediagroup.mx\/index.php\/2025\/02\/06\/gobierno-de-alfonso-martinez-mejora-colector-pluvial-de-avenida-camelinas\/","title":{"rendered":"Gobierno de Alfonso Mart\u00ednez mejora colector pluvial de avenida Camelinas"},"content":{"rendered":"<p style=\"text-align: justify;\">El Presidente Municipal de Morelia, Alfonso Mart\u00ednez Alc\u00e1zar, encabez\u00f3 el arranque de la mejora del colector pluvial de avenida Camelinas, obra que se cumplir\u00e1 con un presupuesto y tiempo r\u00e9cord por ejecutarse con recursos, personal y maquinaria de las dependencias municipales.<\/p>\n<p style=\"text-align: justify;\">\u201cCon el equipo del Ayuntamiento, Servicios P\u00fablicos, Obras P\u00fablicas y OOAPAS, con la maquinaria del municipio, con los trabajadores del municipio, estamos haciendo esta obra en un precio y tiempo r\u00e9cord, en menos de tres d\u00edas quedar\u00e1 esta obra terminada\u201d, anunci\u00f3 el Edil en su red social la ma\u00f1ana de este jueves.<\/p>\n<p style=\"text-align: justify;\">Destac\u00f3 que Camelinas en su cruce con Ventura Puente presenta encharcamientos de forma natural por ser una zona baja, sin embargo, la obra se lleva a cabo de forma oportuna antes de la temporada de lluvias y con ella se aumentar\u00e1 el grosor del tubo lateral y se le conectar\u00e1 al del carril central para incrementar el desfogue del agua.<\/p>\n<p style=\"text-align: justify;\">\u201cEstamos arreglando el colector para que se pueda desahogar el agua mucho m\u00e1s r\u00e1pido, con esto estimamos que pueda disminuirse la inundaci\u00f3n que se provoca por las fuertes lluvias hasta un 60%. Es zona baja y se va a seguir acumulando agua, pero ahora se ir\u00e1 m\u00e1s r\u00e1pido, de tal forma que con estas obras Morelia brilla m\u00e1s\u201d, explic\u00f3 Mart\u00ednez Alc\u00e1zar.<\/p>\n<p style=\"text-align: justify;\">Tras mencionar que \u201cEstas son obras que no se ven pero que impactan positivamente\u201d, recalc\u00f3 que tres dependencias municipales unen sus esfuerzos para trabajar sobre esta vialidad tan recorrida por los morelianos, continuando el objetivo de seguir mejorando la movilidad de todas y todos en la capital michoacana.<\/p>\n","protected":false},"excerpt":{"rendered":"<p>El Presidente Municipal de Morelia, Alfonso Mart\u00ednez Alc\u00e1zar, encabez\u00f3 el arranque de la mejora del colector pluvial de avenida Camelinas, obra que se cumplir\u00e1 con un presupuesto y tiempo r\u00e9cord por ejecutarse con recursos, personal y maquinaria de las dependencias municipales. \u201cCon el equipo del Ayuntamiento, Servicios P\u00fablicos, Obras P\u00fablicas y OOAPAS, con la maquinaria [&hellip;]<\/p>\n","protected":false},"author":2,"featured_media":62354,"comment_status":"closed","ping_status":"closed","sticky":false,"template":"","format":"standard","meta":{"om_disable_all_campaigns":false,"_monsterinsights_skip_tracking":false,"_monsterinsights_sitenote_active":false,"_monsterinsights_sitenote_note":"","_monsterinsights_sitenote_category":0,"_uf_show_specific_survey":0,"_uf_disable_surveys":false,"_jetpack_memberships_contains_paid_content":false,"footnotes":"","jetpack_publicize_message":"Gobierno de Alfonso Mart\u00ednez mejora colector pluvial de avenida Camelinas","jetpack_publicize_feature_enabled":true,"jetpack_social_post_already_shared":true,"jetpack_social_options":{"image_generator_settings":{"template":"highway","default_image_id":0,"enabled":false},"version":2}},"categories":[17],"tags":[],"class_list":{"0":"post-62351","1":"post","2":"type-post","3":"status-publish","4":"format-standard","5":"has-post-thumbnail","7":"category-morelia"},"aioseo_notices":[],"jetpack_publicize_connections":[],"jetpack_featured_media_url":"https:\/\/mediagroup.mx\/wp-content\/uploads\/2025\/02\/WhatsApp-Image-2025-02-06-at-11.43.09-AM.jpeg","jetpack_sharing_enabled":true,"_links":{"self":[{"href":"https:\/\/mediagroup.mx\/index.php\/wp-json\/wp\/v2\/posts\/62351","targetHints":{"allow":["GET"]}}],"collection":[{"href":"https:\/\/mediagroup.mx\/index.php\/wp-json\/wp\/v2\/posts"}],"about":[{"href":"https:\/\/mediagroup.mx\/index.php\/wp-json\/wp\/v2\/types\/post"}],"author":[{"embeddable":true,"href":"https:\/\/mediagroup.mx\/index.php\/wp-json\/wp\/v2\/users\/2"}],"replies":[{"embeddable":true,"href":"https:\/\/mediagroup.mx\/index.php\/wp-json\/wp\/v2\/comments?post=62351"}],"version-history":[{"count":1,"href":"https:\/\/mediagroup.mx\/index.php\/wp-json\/wp\/v2\/posts\/62351\/revisions"}],"predecessor-version":[{"id":62355,"href":"https:\/\/mediagroup.mx\/index.php\/wp-json\/wp\/v2\/posts\/62351\/revisions\/62355"}],"wp:featuredmedia":[{"embeddable":true,"href":"https:\/\/mediagroup.mx\/index.php\/wp-json\/wp\/v2\/media\/62354"}],"wp:attachment":[{"href":"https:\/\/mediagroup.mx\/index.php\/wp-json\/wp\/v2\/media?parent=62351"}],"wp:term":[{"taxonomy":"category","embeddable":true,"href":"https:\/\/mediagroup.mx\/index.php\/wp-json\/wp\/v2\/categories?post=62351"},{"taxonomy":"post_tag","embeddable":true,"href":"https:\/\/mediagroup.mx\/index.php\/wp-json\/wp\/v2\/tags?post=62351"}],"curies":[{"name":"wp","href":"https:\/\/api.w.org\/{rel}","templated":true}]}}