{"id":62352,"date":"2025-02-06T11:49:00","date_gmt":"2025-02-06T17:49:00","guid":{"rendered":"https:\/\/mediagroup.mx\/?p=62352"},"modified":"2025-02-06T11:49:00","modified_gmt":"2025-02-06T17:49:00","slug":"historica-participacion-80-interesadas-se-registran-al-segundo-parlamento-de-mujeres-2025-ciudadanas-desean-ser-escuchadas-en-el-congreso-del-estado-coinciden-diputadas","status":"publish","type":"post","link":"https:\/\/mediagroup.mx\/index.php\/2025\/02\/06\/historica-participacion-80-interesadas-se-registran-al-segundo-parlamento-de-mujeres-2025-ciudadanas-desean-ser-escuchadas-en-el-congreso-del-estado-coinciden-diputadas\/","title":{"rendered":"Hist\u00f3rica participaci\u00f3n: 80 interesadas se registran al Segundo Parlamento de Mujeres 2025 *\u201dCiudadanas desean ser escuchadas en el Congreso del Estado\u201d, coinciden diputadas"},"content":{"rendered":"<p>Morelia, Michoac\u00e1n, a 5 de febrero de 2025.- Con un incremento en el n\u00famero de solicitudes con respecto al a\u00f1o pasado, un total de 80 mujeres michoacanas hicieron su registro para participar en el Segundo Parlamento de Mujeres 2025 que se llevar\u00e1 a cabo los d\u00edas 20 y 21 de marzo en el Congreso del Estado.<br \/>\nEn reuni\u00f3n de la Comisi\u00f3n de Igualdad Sustantiva y de G\u00e9nero, su Presidenta, Diputada Melba Albavera Padilla, as\u00ed como las integrantes, Fabiola Alan\u00eds S\u00e1mano y Brissa Arroyo Mart\u00ednez, fueron informadas que conforme a la convocatoria, al cierre del registro, el d\u00eda 04 de febrero, fueron 80 las solicitudes de igual n\u00famero de interesadas en formar parte del parlamento de este a\u00f1o.<br \/>\nDe igual forma, acordaron que ser\u00e1 durante el transcurso de esta semana cuando el Instituto de Investigaciones y Estudios Legislativos revisar\u00e1 que cada una de las mujeres cumpla con los requisitos establecidos en la convocatoria, as\u00ed como la revisi\u00f3n de sus iniciativas, a quienes, en caso de requerirse alguna adecuaci\u00f3n, se les remitir\u00e1n a sus autoras para que hagan las correcciones en un plazo no mayor a 24 horas.<br \/>\nLas legisladoras coincidieron en se\u00f1alar la importancia de que en la emisi\u00f3n del segundo parlamento, haya habido un mayor n\u00famero de registros en comparaci\u00f3n con el primero, lo que refleja un mayor inter\u00e9s de las michoacanas para participar en la vida pol\u00edtica de la entidad.<br \/>\nConforme a lo establecido en la reuni\u00f3n de Comisi\u00f3n, las tres legisladoras se comprometieron a ser testigos del proceso de selecci\u00f3n para conocer cada una de las iniciativas y con ello emitir su veredicto conforme a los aspectos contemplados en el Reglamento para la Seleccio\u0301n, Integracio\u0301n y Funcionamiento del Parlamento de Mujeres.<br \/>\nDurante la reuni\u00f3n en la que tambi\u00e9n se cont\u00f3 con la presencia de la Secretaria de Igualdad Sustantiva y Desarrollo de las Mujeres Michoacanas, Alejandra Anguiano Gonz\u00e1lez, se resalt\u00f3 la importancia de escuchar a las mujeres, para permitirles subir a la Tribuna del Poder Legislativo, para que puedan expresarse, pero tambi\u00e9n para ser escuchadas y atendidas en sus propuestas.<br \/>\nDe igual forma, se dio a conocer que ser\u00e1 el pr\u00f3ximo 27 de febrero cuando se de a conocer de manera oficial a cada una de las mujeres que formar\u00e1n parte del Parlamento de Mujeres 2025.<br \/>\nPor otra parte, las legisladoras Melba Albavera Padilla, Fabiola Alan\u00eds S\u00e1mano y Brissa Arroyo Mart\u00ednez, adelantaron que ser\u00e1 en los pr\u00f3ximos d\u00edas cuando se lance la convocatoria para la Condecoraci\u00f3n a la Mujer Michoacana que cada a\u00f1o se otorga a ciudadanas o instituciones michoacanas que trabajen a favor de las mujeres y que pudieran ser merecedoras de tal distinci\u00f3n.<\/p>\n<p><img loading=\"lazy\" decoding=\"async\" class=\"alignnone size-medium wp-image-62353\" src=\"https:\/\/mediagroup.mx\/wp-content\/uploads\/2025\/02\/WhatsApp-Image-2025-02-06-at-9.45.46-AM-300x200.jpeg\" alt=\"\" width=\"300\" height=\"200\" srcset=\"https:\/\/mediagroup.mx\/wp-content\/uploads\/2025\/02\/WhatsApp-Image-2025-02-06-at-9.45.46-AM-300x200.jpeg 300w, https:\/\/mediagroup.mx\/wp-content\/uploads\/2025\/02\/WhatsApp-Image-2025-02-06-at-9.45.46-AM-1024x682.jpeg 1024w, https:\/\/mediagroup.mx\/wp-content\/uploads\/2025\/02\/WhatsApp-Image-2025-02-06-at-9.45.46-AM-768x512.jpeg 768w, https:\/\/mediagroup.mx\/wp-content\/uploads\/2025\/02\/WhatsApp-Image-2025-02-06-at-9.45.46-AM-150x100.jpeg 150w, https:\/\/mediagroup.mx\/wp-content\/uploads\/2025\/02\/WhatsApp-Image-2025-02-06-at-9.45.46-AM-696x464.jpeg 696w, https:\/\/mediagroup.mx\/wp-content\/uploads\/2025\/02\/WhatsApp-Image-2025-02-06-at-9.45.46-AM-1068x712.jpeg 1068w, https:\/\/mediagroup.mx\/wp-content\/uploads\/2025\/02\/WhatsApp-Image-2025-02-06-at-9.45.46-AM.jpeg 1280w\" sizes=\"auto, (max-width: 300px) 100vw, 300px\" \/><\/p>\n","protected":false},"excerpt":{"rendered":"<p>Morelia, Michoac\u00e1n, a 5 de febrero de 2025.- Con un incremento en el n\u00famero de solicitudes con respecto al a\u00f1o pasado, un total de 80 mujeres michoacanas hicieron su registro para participar en el Segundo Parlamento de Mujeres 2025 que se llevar\u00e1 a cabo los d\u00edas 20 y 21 de marzo en el Congreso del [&hellip;]<\/p>\n","protected":false},"author":2,"featured_media":62353,"comment_status":"closed","ping_status":"closed","sticky":false,"template":"","format":"standard","meta":{"om_disable_all_campaigns":false,"_monsterinsights_skip_tracking":false,"_monsterinsights_sitenote_active":false,"_monsterinsights_sitenote_note":"","_monsterinsights_sitenote_category":0,"_uf_show_specific_survey":0,"_uf_disable_surveys":false,"_jetpack_memberships_contains_paid_content":false,"footnotes":"","jetpack_publicize_message":"Hist\u00f3rica participaci\u00f3n: 80 interesadas se registran al Segundo Parlamento de Mujeres 2025\r\n*\u201dCiudadanas desean ser escuchadas en el Congreso del Estado\u201d, coinciden diputadas","jetpack_publicize_feature_enabled":true,"jetpack_social_post_already_shared":true,"jetpack_social_options":{"image_generator_settings":{"template":"highway","default_image_id":0,"enabled":false},"version":2}},"categories":[15,63],"tags":[],"class_list":{"0":"post-62352","1":"post","2":"type-post","3":"status-publish","4":"format-standard","5":"has-post-thumbnail","7":"category-michoacan","8":"category-politica"},"aioseo_notices":[],"jetpack_publicize_connections":[],"jetpack_featured_media_url":"https:\/\/mediagroup.mx\/wp-content\/uploads\/2025\/02\/WhatsApp-Image-2025-02-06-at-9.45.46-AM.jpeg","jetpack_sharing_enabled":true,"_links":{"self":[{"href":"https:\/\/mediagroup.mx\/index.php\/wp-json\/wp\/v2\/posts\/62352","targetHints":{"allow":["GET"]}}],"collection":[{"href":"https:\/\/mediagroup.mx\/index.php\/wp-json\/wp\/v2\/posts"}],"about":[{"href":"https:\/\/mediagroup.mx\/index.php\/wp-json\/wp\/v2\/types\/post"}],"author":[{"embeddable":true,"href":"https:\/\/mediagroup.mx\/index.php\/wp-json\/wp\/v2\/users\/2"}],"replies":[{"embeddable":true,"href":"https:\/\/mediagroup.mx\/index.php\/wp-json\/wp\/v2\/comments?post=62352"}],"version-history":[{"count":1,"href":"https:\/\/mediagroup.mx\/index.php\/wp-json\/wp\/v2\/posts\/62352\/revisions"}],"predecessor-version":[{"id":62356,"href":"https:\/\/mediagroup.mx\/index.php\/wp-json\/wp\/v2\/posts\/62352\/revisions\/62356"}],"wp:featuredmedia":[{"embeddable":true,"href":"https:\/\/mediagroup.mx\/index.php\/wp-json\/wp\/v2\/media\/62353"}],"wp:attachment":[{"href":"https:\/\/mediagroup.mx\/index.php\/wp-json\/wp\/v2\/media?parent=62352"}],"wp:term":[{"taxonomy":"category","embeddable":true,"href":"https:\/\/mediagroup.mx\/index.php\/wp-json\/wp\/v2\/categories?post=62352"},{"taxonomy":"post_tag","embeddable":true,"href":"https:\/\/mediagroup.mx\/index.php\/wp-json\/wp\/v2\/tags?post=62352"}],"curies":[{"name":"wp","href":"https:\/\/api.w.org\/{rel}","templated":true}]}}