{"id":62363,"date":"2025-02-05T12:31:54","date_gmt":"2025-02-05T18:31:54","guid":{"rendered":"https:\/\/mediagroup.mx\/?p=62363"},"modified":"2025-02-06T12:34:20","modified_gmt":"2025-02-06T18:34:20","slug":"necesario-trabajar-en-coordinacion-para-proteger-a-migrantes-michoacanos-remarca-la-diputada-jaqueline-aviles","status":"publish","type":"post","link":"https:\/\/mediagroup.mx\/index.php\/2025\/02\/05\/necesario-trabajar-en-coordinacion-para-proteger-a-migrantes-michoacanos-remarca-la-diputada-jaqueline-aviles\/","title":{"rendered":"Necesario trabajar en coordinaci\u00f3n para proteger a migrantes michoacanos, remarca la diputada Jaqueline Avil\u00e9s"},"content":{"rendered":"<p>Morelia, Michoac\u00e1n, 05 de febrero del 2025\u2013 La diputada Jaqueline Avil\u00e9s Osorio, presidenta de la Comisi\u00f3n de Migraci\u00f3n del Congreso del Estado, remarc\u00f3 que en la protecci\u00f3n de los derechos de los migrantes es fundamental trabajar de manera coordinada entre los distintos niveles de gobierno, as\u00ed como tambi\u00e9n hacerlo de la mano de las organizaciones migrantes tanto en Estados Unidos como en M\u00e9xico.<\/p>\n<p>En este contexto, y como parte del esfuerzo por fortalecer la atenci\u00f3n a las personas migrantes, la diputada inform\u00f3 que ha mantenido reuniones virtuales con l\u00edderes de organizaciones migrantes de ambas naciones.<\/p>\n<p>Explic\u00f3 que estos encuentros han servido como plataforma para escuchar las necesidades y preocupaciones de los migrantes, as\u00ed como para construir soluciones conjuntas que garanticen su bienestar.<\/p>\n<p>Adem\u00e1s, la legisladora sostuvo un encuentro con el Secretario del Migrante de Michoac\u00e1n, Antonio Soto S\u00e1nchez, donde se abordaron diversas estrategias para brindar apoyo a los migrantes michoacanos, tanto en su retorno como en su integraci\u00f3n en el estado.<\/p>\n<p>Asimismo, se llev\u00f3 a cabo una mesa de trabajo encabezada por el Secretario de Gobierno, Carlos Torres Pi\u00f1a, en la que se present\u00f3 un plan integral para recibir a los migrantes repatriados en Michoac\u00e1n; este plan incluye medidas para asegurar su dignidad, protecci\u00f3n de derechos humanos y apoyo en su reintegraci\u00f3n econ\u00f3mica y social.<\/p>\n<p>De esta manera la diputada Jaqueline \u00c1viles remarc\u00f3 su compromiso con la comunidad migrante y asever\u00f3 que continuar\u00e1 gestionando los recursos e impulsando los acuerdos necesarios para que las y los migrantes michoacanos reciban el apoyo y respeto con el que merecen ser tratados.<\/p>\n<p><img loading=\"lazy\" decoding=\"async\" class=\"alignnone size-medium wp-image-62364\" src=\"https:\/\/mediagroup.mx\/wp-content\/uploads\/2025\/02\/WhatsApp-Image-2025-02-06-at-9.45.48-AM-300x200.jpeg\" alt=\"\" width=\"300\" height=\"200\" srcset=\"https:\/\/mediagroup.mx\/wp-content\/uploads\/2025\/02\/WhatsApp-Image-2025-02-06-at-9.45.48-AM-300x200.jpeg 300w, https:\/\/mediagroup.mx\/wp-content\/uploads\/2025\/02\/WhatsApp-Image-2025-02-06-at-9.45.48-AM-1024x682.jpeg 1024w, https:\/\/mediagroup.mx\/wp-content\/uploads\/2025\/02\/WhatsApp-Image-2025-02-06-at-9.45.48-AM-768x512.jpeg 768w, https:\/\/mediagroup.mx\/wp-content\/uploads\/2025\/02\/WhatsApp-Image-2025-02-06-at-9.45.48-AM-1536x1023.jpeg 1536w, https:\/\/mediagroup.mx\/wp-content\/uploads\/2025\/02\/WhatsApp-Image-2025-02-06-at-9.45.48-AM-150x100.jpeg 150w, https:\/\/mediagroup.mx\/wp-content\/uploads\/2025\/02\/WhatsApp-Image-2025-02-06-at-9.45.48-AM-696x464.jpeg 696w, https:\/\/mediagroup.mx\/wp-content\/uploads\/2025\/02\/WhatsApp-Image-2025-02-06-at-9.45.48-AM-1068x712.jpeg 1068w, https:\/\/mediagroup.mx\/wp-content\/uploads\/2025\/02\/WhatsApp-Image-2025-02-06-at-9.45.48-AM.jpeg 1600w\" sizes=\"auto, (max-width: 300px) 100vw, 300px\" \/><\/p>\n","protected":false},"excerpt":{"rendered":"<p>Morelia, Michoac\u00e1n, 05 de febrero del 2025\u2013 La diputada Jaqueline Avil\u00e9s Osorio, presidenta de la Comisi\u00f3n de Migraci\u00f3n del Congreso del Estado, remarc\u00f3 que en la protecci\u00f3n de los derechos de los migrantes es fundamental trabajar de manera coordinada entre los distintos niveles de gobierno, as\u00ed como tambi\u00e9n hacerlo de la mano de las organizaciones [&hellip;]<\/p>\n","protected":false},"author":2,"featured_media":62364,"comment_status":"closed","ping_status":"closed","sticky":false,"template":"","format":"standard","meta":{"om_disable_all_campaigns":false,"_monsterinsights_skip_tracking":false,"_monsterinsights_sitenote_active":false,"_monsterinsights_sitenote_note":"","_monsterinsights_sitenote_category":0,"_uf_show_specific_survey":0,"_uf_disable_surveys":false,"_jetpack_memberships_contains_paid_content":false,"footnotes":"","jetpack_publicize_message":"Necesario trabajar en coordinaci\u00f3n para proteger a migrantes michoacanos, remarca la diputada Jaqueline Avil\u00e9s","jetpack_publicize_feature_enabled":true,"jetpack_social_post_already_shared":true,"jetpack_social_options":{"image_generator_settings":{"template":"highway","default_image_id":0,"enabled":false},"version":2}},"categories":[15,63],"tags":[],"class_list":{"0":"post-62363","1":"post","2":"type-post","3":"status-publish","4":"format-standard","5":"has-post-thumbnail","7":"category-michoacan","8":"category-politica"},"aioseo_notices":[],"jetpack_publicize_connections":[],"jetpack_featured_media_url":"https:\/\/mediagroup.mx\/wp-content\/uploads\/2025\/02\/WhatsApp-Image-2025-02-06-at-9.45.48-AM.jpeg","jetpack_sharing_enabled":true,"_links":{"self":[{"href":"https:\/\/mediagroup.mx\/index.php\/wp-json\/wp\/v2\/posts\/62363","targetHints":{"allow":["GET"]}}],"collection":[{"href":"https:\/\/mediagroup.mx\/index.php\/wp-json\/wp\/v2\/posts"}],"about":[{"href":"https:\/\/mediagroup.mx\/index.php\/wp-json\/wp\/v2\/types\/post"}],"author":[{"embeddable":true,"href":"https:\/\/mediagroup.mx\/index.php\/wp-json\/wp\/v2\/users\/2"}],"replies":[{"embeddable":true,"href":"https:\/\/mediagroup.mx\/index.php\/wp-json\/wp\/v2\/comments?post=62363"}],"version-history":[{"count":1,"href":"https:\/\/mediagroup.mx\/index.php\/wp-json\/wp\/v2\/posts\/62363\/revisions"}],"predecessor-version":[{"id":62365,"href":"https:\/\/mediagroup.mx\/index.php\/wp-json\/wp\/v2\/posts\/62363\/revisions\/62365"}],"wp:featuredmedia":[{"embeddable":true,"href":"https:\/\/mediagroup.mx\/index.php\/wp-json\/wp\/v2\/media\/62364"}],"wp:attachment":[{"href":"https:\/\/mediagroup.mx\/index.php\/wp-json\/wp\/v2\/media?parent=62363"}],"wp:term":[{"taxonomy":"category","embeddable":true,"href":"https:\/\/mediagroup.mx\/index.php\/wp-json\/wp\/v2\/categories?post=62363"},{"taxonomy":"post_tag","embeddable":true,"href":"https:\/\/mediagroup.mx\/index.php\/wp-json\/wp\/v2\/tags?post=62363"}],"curies":[{"name":"wp","href":"https:\/\/api.w.org\/{rel}","templated":true}]}}