{"id":62366,"date":"2025-02-05T13:13:38","date_gmt":"2025-02-05T19:13:38","guid":{"rendered":"https:\/\/mediagroup.mx\/?p=62366"},"modified":"2025-02-06T13:18:17","modified_gmt":"2025-02-06T19:18:17","slug":"desde-el-congreso-del-estado-vanhe-caratachea-buscara-fortalecer-los-nidos-en-michoacan","status":"publish","type":"post","link":"https:\/\/mediagroup.mx\/index.php\/2025\/02\/05\/desde-el-congreso-del-estado-vanhe-caratachea-buscara-fortalecer-los-nidos-en-michoacan\/","title":{"rendered":"Desde el Congreso del Estado Vanhe Caratachea buscar\u00e1 fortalecer los NIDOS en Michoac\u00e1n"},"content":{"rendered":"<p>Tanhuato, Michoac\u00e1n, a 05 de febrero de 2025.\u2013 La diputada local Vanhe Caratachea S\u00e1nchez, presidenta de la Comisi\u00f3n de la Protecci\u00f3n a la Ni\u00f1ez y la Adolescencia del Congreso de Michoac\u00e1n, visit\u00f3 la estancia infantil del programa N\u00facleos Infantiles para el Desarrollo Social (NIDOS) del Sistema DIF Estatal ubicada en el municipio de Tanhuato, con el objetivo de buscar los mecanismos para garantizar el desarrollo integral de la ni\u00f1ez michoacana.<\/p>\n<p>Durante el recorrido, la legisladora panista dialog\u00f3 con el personal de la estancia, quienes \u201cdiariamente trabajan en favor de las hijas e hijos de madres jornaleras\u201d, remarc\u00f3 la diputada.<\/p>\n<p>Caratachea S\u00e1nchez remarc\u00f3 que este programa tiene como objetivo contribuir al desarrollo integral de las infancias en situaci\u00f3n de vulnerabilidad mediante tres ejes fundamentales: el formativo, el educativo y el afectivo.<\/p>\n<p>\u201cDesde el Congreso y la Comisi\u00f3n que encabezo, tenemos el firme compromiso de fortalecer programas como NIDOS, que representan una oportunidad invaluable para mejorar la calidad de vida de nuestras ni\u00f1as y ni\u00f1os que son hijos de mujeres jornaleras del campo michoacano. Vamos a trabajar para que esta estancia funcione de manera \u00f3ptima, ampliando su capacidad y garantizando recursos que aseguren su sostenibilidad y mejora continua\u201d, destac\u00f3 Vanhe Caratachea.<\/p>\n<p>La diputada piedadense tambi\u00e9n subray\u00f3 la necesidad de llevar este programa a m\u00e1s municipios del estado. En este sentido, expres\u00f3 su intenci\u00f3n de promover desde el Congreso mecanismos que permita mayores estancias en lugares donde la agricultura sea un sector de desarrollo econ\u00f3mico prioritario.<\/p>\n<p>\u201cEstos menores necesitan un espacio seguro donde puedan desarrollarse integralmente, y NIDOS es clave para brindarles ese apoyo que tanto requieren mientras sus madres trabajan\u201d, enfatiz\u00f3.<\/p>\n<p>Adem\u00e1s, la legisladora local se comprometi\u00f3 a impulsar iniciativas legislativas y presupuestales que aseguren el fortalecimiento y la ampliaci\u00f3n de este programa, as\u00ed como a fomentar alianzas interinstitucionales que garanticen una mayor cobertura y calidad en los servicios ofrecidos por las estancias infantiles.<\/p>\n<p><img loading=\"lazy\" decoding=\"async\" class=\"alignnone size-medium wp-image-62367\" src=\"https:\/\/mediagroup.mx\/wp-content\/uploads\/2025\/02\/WhatsApp-Image-2025-02-06-at-9.45.49-AM-300x200.jpeg\" alt=\"\" width=\"300\" height=\"200\" srcset=\"https:\/\/mediagroup.mx\/wp-content\/uploads\/2025\/02\/WhatsApp-Image-2025-02-06-at-9.45.49-AM-300x200.jpeg 300w, https:\/\/mediagroup.mx\/wp-content\/uploads\/2025\/02\/WhatsApp-Image-2025-02-06-at-9.45.49-AM-1024x683.jpeg 1024w, https:\/\/mediagroup.mx\/wp-content\/uploads\/2025\/02\/WhatsApp-Image-2025-02-06-at-9.45.49-AM-768x512.jpeg 768w, https:\/\/mediagroup.mx\/wp-content\/uploads\/2025\/02\/WhatsApp-Image-2025-02-06-at-9.45.49-AM-1536x1024.jpeg 1536w, https:\/\/mediagroup.mx\/wp-content\/uploads\/2025\/02\/WhatsApp-Image-2025-02-06-at-9.45.49-AM-2048x1365.jpeg 2048w, https:\/\/mediagroup.mx\/wp-content\/uploads\/2025\/02\/WhatsApp-Image-2025-02-06-at-9.45.49-AM-150x100.jpeg 150w, https:\/\/mediagroup.mx\/wp-content\/uploads\/2025\/02\/WhatsApp-Image-2025-02-06-at-9.45.49-AM-696x464.jpeg 696w, https:\/\/mediagroup.mx\/wp-content\/uploads\/2025\/02\/WhatsApp-Image-2025-02-06-at-9.45.49-AM-1068x712.jpeg 1068w, https:\/\/mediagroup.mx\/wp-content\/uploads\/2025\/02\/WhatsApp-Image-2025-02-06-at-9.45.49-AM-1920x1280.jpeg 1920w\" sizes=\"auto, (max-width: 300px) 100vw, 300px\" \/><\/p>\n","protected":false},"excerpt":{"rendered":"<p>Tanhuato, Michoac\u00e1n, a 05 de febrero de 2025.\u2013 La diputada local Vanhe Caratachea S\u00e1nchez, presidenta de la Comisi\u00f3n de la Protecci\u00f3n a la Ni\u00f1ez y la Adolescencia del Congreso de Michoac\u00e1n, visit\u00f3 la estancia infantil del programa N\u00facleos Infantiles para el Desarrollo Social (NIDOS) del Sistema DIF Estatal ubicada en el municipio de Tanhuato, con [&hellip;]<\/p>\n","protected":false},"author":2,"featured_media":62367,"comment_status":"closed","ping_status":"closed","sticky":false,"template":"","format":"standard","meta":{"om_disable_all_campaigns":false,"_monsterinsights_skip_tracking":false,"_monsterinsights_sitenote_active":false,"_monsterinsights_sitenote_note":"","_monsterinsights_sitenote_category":0,"_uf_show_specific_survey":0,"_uf_disable_surveys":false,"_jetpack_memberships_contains_paid_content":false,"footnotes":"","jetpack_publicize_message":"Desde el Congreso del Estado Vanhe Caratachea buscar\u00e1 fortalecer los NIDOS en Michoac\u00e1n\r\n*La diputada local contin\u00faa con su compromiso con la infancia vulnerable de Michoac\u00e1n","jetpack_publicize_feature_enabled":true,"jetpack_social_post_already_shared":true,"jetpack_social_options":{"image_generator_settings":{"template":"highway","default_image_id":0,"enabled":false},"version":2}},"categories":[15,63],"tags":[],"class_list":{"0":"post-62366","1":"post","2":"type-post","3":"status-publish","4":"format-standard","5":"has-post-thumbnail","7":"category-michoacan","8":"category-politica"},"aioseo_notices":[],"jetpack_publicize_connections":[],"jetpack_featured_media_url":"https:\/\/mediagroup.mx\/wp-content\/uploads\/2025\/02\/WhatsApp-Image-2025-02-06-at-9.45.49-AM-scaled.jpeg","jetpack_sharing_enabled":true,"_links":{"self":[{"href":"https:\/\/mediagroup.mx\/index.php\/wp-json\/wp\/v2\/posts\/62366","targetHints":{"allow":["GET"]}}],"collection":[{"href":"https:\/\/mediagroup.mx\/index.php\/wp-json\/wp\/v2\/posts"}],"about":[{"href":"https:\/\/mediagroup.mx\/index.php\/wp-json\/wp\/v2\/types\/post"}],"author":[{"embeddable":true,"href":"https:\/\/mediagroup.mx\/index.php\/wp-json\/wp\/v2\/users\/2"}],"replies":[{"embeddable":true,"href":"https:\/\/mediagroup.mx\/index.php\/wp-json\/wp\/v2\/comments?post=62366"}],"version-history":[{"count":1,"href":"https:\/\/mediagroup.mx\/index.php\/wp-json\/wp\/v2\/posts\/62366\/revisions"}],"predecessor-version":[{"id":62368,"href":"https:\/\/mediagroup.mx\/index.php\/wp-json\/wp\/v2\/posts\/62366\/revisions\/62368"}],"wp:featuredmedia":[{"embeddable":true,"href":"https:\/\/mediagroup.mx\/index.php\/wp-json\/wp\/v2\/media\/62367"}],"wp:attachment":[{"href":"https:\/\/mediagroup.mx\/index.php\/wp-json\/wp\/v2\/media?parent=62366"}],"wp:term":[{"taxonomy":"category","embeddable":true,"href":"https:\/\/mediagroup.mx\/index.php\/wp-json\/wp\/v2\/categories?post=62366"},{"taxonomy":"post_tag","embeddable":true,"href":"https:\/\/mediagroup.mx\/index.php\/wp-json\/wp\/v2\/tags?post=62366"}],"curies":[{"name":"wp","href":"https:\/\/api.w.org\/{rel}","templated":true}]}}