{"id":62376,"date":"2025-02-06T13:51:44","date_gmt":"2025-02-06T19:51:44","guid":{"rendered":"https:\/\/mediagroup.mx\/?p=62376"},"modified":"2025-02-06T13:51:44","modified_gmt":"2025-02-06T19:51:44","slug":"exhorta-diputada-tere-herrera-a-ejecutivo-estatal-a-establecer-plan-emergente-en-michoacan","status":"publish","type":"post","link":"https:\/\/mediagroup.mx\/index.php\/2025\/02\/06\/exhorta-diputada-tere-herrera-a-ejecutivo-estatal-a-establecer-plan-emergente-en-michoacan\/","title":{"rendered":"Exhorta diputada Tere Herrera a Ejecutivo estatal a establecer plan emergente en Michoac\u00e1n"},"content":{"rendered":"<p>Morelia, Michoac\u00e1n, a 6 de febrero del 2025.- \u201cEs responsabilidad del estado mexicano y no de ning\u00fan otro pa\u00eds garantizar la seguridad de sus ciudadanos y defender nuestra soberan\u00eda\u201d, indic\u00f3 Teresita Herrera Maldonado, coordinadora de diputados del PAN en Michoac\u00e1n, esto al exhortar al Ejecutivo estatal a presentar un plan emergente \u201cque detenga la crisis migratoria, econ\u00f3mica y de seguridad\u201d.<\/p>\n<p>Al pronunciarse en sesi\u00f3n del Congreso ante lo que refiri\u00f3 como \u201cconstantes actos de violencia en diferentes puntos de la entidad\u201d, urgi\u00f3 a implementar estrategias que garanticen la paz y seguridad de las familias, que brinden condiciones de vida a los j\u00f3venes y detengan el desplazamiento forzado.<\/p>\n<p>\u201cLa violencia alcanza cada d\u00eda niveles m\u00e1s altos y lo podemos seguir postergando decisiones cruciales. Se necesita voluntad pol\u00edtica, coordinaci\u00f3n entre niveles de gobierno y una estrategia integral que no solo ataque las causas de violencia, sino que tambi\u00e9n haga valer el estado de derecho\u201d, apunt\u00f3.<\/p>\n<p>La diputada Tere Herrera se\u00f1al\u00f3 que \u201ces urgente dejar de culpar al pasado y asumir los retos que se viven actualmente en materia de seguridad en todo el pa\u00eds, mismos que han incrementado en los \u00faltimos a\u00f1os\u201d.<\/p>\n<p>\u201cSi bien se consigui\u00f3 una soluci\u00f3n temporal frente a la amenaza de los aranceles, lamentablemente en la frontera norte hay miles de michoacanas y michoacanos que pueden ser deportados en cualquier momento, y lo peor de todo es que cuando regresen a su tierra encontrar\u00e1n el mismo escenario de violencia, desempleo y abandono por el cual huyeron de nuestro pa\u00eds\u201d, insisti\u00f3.<\/p>\n<p>A nombre de los legisladores del PAN hizo un llamado a los diferentes niveles de gobierno \u201ca asumir, de manera conjunta, su responsabilidad frente a las condiciones en las que se encuentra M\u00e9xico\u201d.<\/p>\n<p><img loading=\"lazy\" decoding=\"async\" class=\"alignnone size-medium wp-image-62377\" src=\"https:\/\/mediagroup.mx\/wp-content\/uploads\/2025\/02\/WhatsApp-Image-2025-02-06-at-1.24.12-PM-300x200.jpeg\" alt=\"\" width=\"300\" height=\"200\" srcset=\"https:\/\/mediagroup.mx\/wp-content\/uploads\/2025\/02\/WhatsApp-Image-2025-02-06-at-1.24.12-PM-300x200.jpeg 300w, https:\/\/mediagroup.mx\/wp-content\/uploads\/2025\/02\/WhatsApp-Image-2025-02-06-at-1.24.12-PM-1024x682.jpeg 1024w, https:\/\/mediagroup.mx\/wp-content\/uploads\/2025\/02\/WhatsApp-Image-2025-02-06-at-1.24.12-PM-768x512.jpeg 768w, https:\/\/mediagroup.mx\/wp-content\/uploads\/2025\/02\/WhatsApp-Image-2025-02-06-at-1.24.12-PM-1536x1024.jpeg 1536w, https:\/\/mediagroup.mx\/wp-content\/uploads\/2025\/02\/WhatsApp-Image-2025-02-06-at-1.24.12-PM-2048x1365.jpeg 2048w, https:\/\/mediagroup.mx\/wp-content\/uploads\/2025\/02\/WhatsApp-Image-2025-02-06-at-1.24.12-PM-150x100.jpeg 150w, https:\/\/mediagroup.mx\/wp-content\/uploads\/2025\/02\/WhatsApp-Image-2025-02-06-at-1.24.12-PM-696x464.jpeg 696w, https:\/\/mediagroup.mx\/wp-content\/uploads\/2025\/02\/WhatsApp-Image-2025-02-06-at-1.24.12-PM-1068x712.jpeg 1068w, https:\/\/mediagroup.mx\/wp-content\/uploads\/2025\/02\/WhatsApp-Image-2025-02-06-at-1.24.12-PM-1920x1279.jpeg 1920w\" sizes=\"auto, (max-width: 300px) 100vw, 300px\" \/><\/p>\n","protected":false},"excerpt":{"rendered":"<p>Morelia, Michoac\u00e1n, a 6 de febrero del 2025.- \u201cEs responsabilidad del estado mexicano y no de ning\u00fan otro pa\u00eds garantizar la seguridad de sus ciudadanos y defender nuestra soberan\u00eda\u201d, indic\u00f3 Teresita Herrera Maldonado, coordinadora de diputados del PAN en Michoac\u00e1n, esto al exhortar al Ejecutivo estatal a presentar un plan emergente \u201cque detenga la crisis [&hellip;]<\/p>\n","protected":false},"author":2,"featured_media":62377,"comment_status":"closed","ping_status":"closed","sticky":false,"template":"","format":"standard","meta":{"om_disable_all_campaigns":false,"_monsterinsights_skip_tracking":false,"_monsterinsights_sitenote_active":false,"_monsterinsights_sitenote_note":"","_monsterinsights_sitenote_category":0,"_uf_show_specific_survey":0,"_uf_disable_surveys":false,"_jetpack_memberships_contains_paid_content":false,"footnotes":"","jetpack_publicize_message":"Exhorta diputada Tere Herrera a Ejecutivo estatal a establecer plan emergente en Michoac\u00e1n\r\n*\u201c\u2060Urgente frenar crisis migratoria, econ\u00f3mica y de seguridad\u201d, remarca la l\u00edder parlamentaria","jetpack_publicize_feature_enabled":true,"jetpack_social_post_already_shared":true,"jetpack_social_options":{"image_generator_settings":{"template":"highway","default_image_id":0,"enabled":false},"version":2}},"categories":[15,63],"tags":[],"class_list":{"0":"post-62376","1":"post","2":"type-post","3":"status-publish","4":"format-standard","5":"has-post-thumbnail","7":"category-michoacan","8":"category-politica"},"aioseo_notices":[],"jetpack_publicize_connections":[],"jetpack_featured_media_url":"https:\/\/mediagroup.mx\/wp-content\/uploads\/2025\/02\/WhatsApp-Image-2025-02-06-at-1.24.12-PM-scaled.jpeg","jetpack_sharing_enabled":true,"_links":{"self":[{"href":"https:\/\/mediagroup.mx\/index.php\/wp-json\/wp\/v2\/posts\/62376","targetHints":{"allow":["GET"]}}],"collection":[{"href":"https:\/\/mediagroup.mx\/index.php\/wp-json\/wp\/v2\/posts"}],"about":[{"href":"https:\/\/mediagroup.mx\/index.php\/wp-json\/wp\/v2\/types\/post"}],"author":[{"embeddable":true,"href":"https:\/\/mediagroup.mx\/index.php\/wp-json\/wp\/v2\/users\/2"}],"replies":[{"embeddable":true,"href":"https:\/\/mediagroup.mx\/index.php\/wp-json\/wp\/v2\/comments?post=62376"}],"version-history":[{"count":1,"href":"https:\/\/mediagroup.mx\/index.php\/wp-json\/wp\/v2\/posts\/62376\/revisions"}],"predecessor-version":[{"id":62378,"href":"https:\/\/mediagroup.mx\/index.php\/wp-json\/wp\/v2\/posts\/62376\/revisions\/62378"}],"wp:featuredmedia":[{"embeddable":true,"href":"https:\/\/mediagroup.mx\/index.php\/wp-json\/wp\/v2\/media\/62377"}],"wp:attachment":[{"href":"https:\/\/mediagroup.mx\/index.php\/wp-json\/wp\/v2\/media?parent=62376"}],"wp:term":[{"taxonomy":"category","embeddable":true,"href":"https:\/\/mediagroup.mx\/index.php\/wp-json\/wp\/v2\/categories?post=62376"},{"taxonomy":"post_tag","embeddable":true,"href":"https:\/\/mediagroup.mx\/index.php\/wp-json\/wp\/v2\/tags?post=62376"}],"curies":[{"name":"wp","href":"https:\/\/api.w.org\/{rel}","templated":true}]}}