{"id":62380,"date":"2025-02-06T14:02:52","date_gmt":"2025-02-06T20:02:52","guid":{"rendered":"https:\/\/mediagroup.mx\/?p=62380"},"modified":"2025-02-06T14:02:52","modified_gmt":"2025-02-06T20:02:52","slug":"busca-belinda-iturbide-que-actas-de-defuncion-de-personas-desaparecidas-sea-expedita","status":"publish","type":"post","link":"https:\/\/mediagroup.mx\/index.php\/2025\/02\/06\/busca-belinda-iturbide-que-actas-de-defuncion-de-personas-desaparecidas-sea-expedita\/","title":{"rendered":"Busca Belinda Iturbide que actas de defunci\u00f3n de personas desaparecidas sea expedita"},"content":{"rendered":"<p>Morelia, Michoac\u00e1n, a 6 de febrero de 2025.- Como un acto solidario y de humanidad hacia las v\u00edctimas de la desaparici\u00f3n forzada, la diputada local de extracci\u00f3n morenista, Belinda Iturbide D\u00edaz, present\u00f3 la iniciativa de reforma al art\u00edculo 118 del C\u00f3digo Familiar para el Estado de Michoac\u00e1n y al art\u00edculo 20 de la Ley Org\u00e1nica del Registro Civil de Michoac\u00e1n, para que las familias de personas desaparecidas fallecidas, realicen el registro del Acta de Defunci\u00f3n de manera pronta y expedita sin traba alguna.<\/p>\n<p>Y es que anteriormente, explic\u00f3, se impon\u00eda un plazo de seis meses, tras el fallecimiento de una persona, y este requisito resultaba inviable para los familiares de las personas desaparecidas, quienes, al localizar los restos de sus seres queridos, despu\u00e9s de este periodo, deb\u00edan enfrentar tr\u00e1mites burocr\u00e1ticos complejos y revictimizantes, incluyendo la necesidad de obtener una orden judicial para proceder.<\/p>\n<p>En rueda de prensa, y acompa\u00f1ada del presidente de la Comisi\u00f3n Estatal de Derechos Humanos, Marco Antonio Tinoco \u00c1lvarez, Belinda Iturbide explic\u00f3 que con esta reforma, se busca la dignidad p\u00f3stuma de las personas, es por ello que el plazo de los seis meses ya no se tomar\u00e1 en cuenta, cuando se trate de cad\u00e1veres o restos humanos identificados, con el apoyo del Centro de Inteligencia en Salud (CIS) y Comisi\u00f3n Estatal para la Protecci\u00f3n contra Riesgos Sanitarios (Coepris), autoridades responsables del certificado de defunci\u00f3n, documento necesario para la tramitaci\u00f3n del acta de defunci\u00f3n, ante el Registro Civil.<\/p>\n<p>Con lo anterior se garantiza, a\u00f1adi\u00f3 Iturbide D\u00edaz, el derecho del registro de actas de defunci\u00f3n, cuando se trate de cad\u00e1veres o restos humanos identificados, identificados no reclamados y no identificados, de las personas que el Ministerio P\u00fablico solicite la expedici\u00f3n del acta del Acta de Defunci\u00f3n al Registro Civil, con independencia de la fecha de fallecimiento que establezca el certificado de defunci\u00f3n que emita el m\u00e9dico de la Fiscal\u00eda General del Estado de Michoac\u00e1n.<\/p>\n<p>En la rueda de prensa estuvieron presentes los titulares de la Coepris y del CIS, Hebert Flores Leal e Hirepan Galv\u00e1n Quezada, quienes manifestaron que con la iniciativa los familiares puedan registrar el fallecimiento de manera \u00e1gil y digna, sin necesidad de recurrir a procedimientos judiciales adicionales.<\/p>\n<p>\u201cHacemos un llamado urgente a las y los legisladores, as\u00ed como a la sociedad en general, para que respalden esta reforma que representa un paso crucial hacia la justicia y el respeto a los derechos humanos en Michoac\u00e1n\u201d, finaliz\u00f3 Belinda Iturbide.<\/p>\n<p><img loading=\"lazy\" decoding=\"async\" class=\"alignnone size-medium wp-image-62381\" src=\"https:\/\/mediagroup.mx\/wp-content\/uploads\/2025\/02\/WhatsApp-Image-2025-02-06-at-1.31.24-PM-300x200.jpeg\" alt=\"\" width=\"300\" height=\"200\" srcset=\"https:\/\/mediagroup.mx\/wp-content\/uploads\/2025\/02\/WhatsApp-Image-2025-02-06-at-1.31.24-PM-300x200.jpeg 300w, https:\/\/mediagroup.mx\/wp-content\/uploads\/2025\/02\/WhatsApp-Image-2025-02-06-at-1.31.24-PM-1024x682.jpeg 1024w, https:\/\/mediagroup.mx\/wp-content\/uploads\/2025\/02\/WhatsApp-Image-2025-02-06-at-1.31.24-PM-768x512.jpeg 768w, https:\/\/mediagroup.mx\/wp-content\/uploads\/2025\/02\/WhatsApp-Image-2025-02-06-at-1.31.24-PM-150x100.jpeg 150w, https:\/\/mediagroup.mx\/wp-content\/uploads\/2025\/02\/WhatsApp-Image-2025-02-06-at-1.31.24-PM-696x464.jpeg 696w, https:\/\/mediagroup.mx\/wp-content\/uploads\/2025\/02\/WhatsApp-Image-2025-02-06-at-1.31.24-PM-1068x712.jpeg 1068w, https:\/\/mediagroup.mx\/wp-content\/uploads\/2025\/02\/WhatsApp-Image-2025-02-06-at-1.31.24-PM.jpeg 1280w\" sizes=\"auto, (max-width: 300px) 100vw, 300px\" \/><\/p>\n","protected":false},"excerpt":{"rendered":"<p>Morelia, Michoac\u00e1n, a 6 de febrero de 2025.- Como un acto solidario y de humanidad hacia las v\u00edctimas de la desaparici\u00f3n forzada, la diputada local de extracci\u00f3n morenista, Belinda Iturbide D\u00edaz, present\u00f3 la iniciativa de reforma al art\u00edculo 118 del C\u00f3digo Familiar para el Estado de Michoac\u00e1n y al art\u00edculo 20 de la Ley Org\u00e1nica [&hellip;]<\/p>\n","protected":false},"author":2,"featured_media":62381,"comment_status":"closed","ping_status":"closed","sticky":false,"template":"","format":"standard","meta":{"om_disable_all_campaigns":false,"_monsterinsights_skip_tracking":false,"_monsterinsights_sitenote_active":false,"_monsterinsights_sitenote_note":"","_monsterinsights_sitenote_category":0,"_uf_show_specific_survey":0,"_uf_disable_surveys":false,"_jetpack_memberships_contains_paid_content":false,"footnotes":"","jetpack_publicize_message":"Busca Belinda Iturbide que actas de defunci\u00f3n de personas desaparecidas sea expedita\r\n*La propuesta es \u201cpara que no existan trabas para sepultar a sus difuntos\u201d, destaca.","jetpack_publicize_feature_enabled":true,"jetpack_social_post_already_shared":true,"jetpack_social_options":{"image_generator_settings":{"template":"highway","default_image_id":0,"enabled":false},"version":2}},"categories":[15,63],"tags":[],"class_list":{"0":"post-62380","1":"post","2":"type-post","3":"status-publish","4":"format-standard","5":"has-post-thumbnail","7":"category-michoacan","8":"category-politica"},"aioseo_notices":[],"jetpack_publicize_connections":[],"jetpack_featured_media_url":"https:\/\/mediagroup.mx\/wp-content\/uploads\/2025\/02\/WhatsApp-Image-2025-02-06-at-1.31.24-PM.jpeg","jetpack_sharing_enabled":true,"_links":{"self":[{"href":"https:\/\/mediagroup.mx\/index.php\/wp-json\/wp\/v2\/posts\/62380","targetHints":{"allow":["GET"]}}],"collection":[{"href":"https:\/\/mediagroup.mx\/index.php\/wp-json\/wp\/v2\/posts"}],"about":[{"href":"https:\/\/mediagroup.mx\/index.php\/wp-json\/wp\/v2\/types\/post"}],"author":[{"embeddable":true,"href":"https:\/\/mediagroup.mx\/index.php\/wp-json\/wp\/v2\/users\/2"}],"replies":[{"embeddable":true,"href":"https:\/\/mediagroup.mx\/index.php\/wp-json\/wp\/v2\/comments?post=62380"}],"version-history":[{"count":1,"href":"https:\/\/mediagroup.mx\/index.php\/wp-json\/wp\/v2\/posts\/62380\/revisions"}],"predecessor-version":[{"id":62382,"href":"https:\/\/mediagroup.mx\/index.php\/wp-json\/wp\/v2\/posts\/62380\/revisions\/62382"}],"wp:featuredmedia":[{"embeddable":true,"href":"https:\/\/mediagroup.mx\/index.php\/wp-json\/wp\/v2\/media\/62381"}],"wp:attachment":[{"href":"https:\/\/mediagroup.mx\/index.php\/wp-json\/wp\/v2\/media?parent=62380"}],"wp:term":[{"taxonomy":"category","embeddable":true,"href":"https:\/\/mediagroup.mx\/index.php\/wp-json\/wp\/v2\/categories?post=62380"},{"taxonomy":"post_tag","embeddable":true,"href":"https:\/\/mediagroup.mx\/index.php\/wp-json\/wp\/v2\/tags?post=62380"}],"curies":[{"name":"wp","href":"https:\/\/api.w.org\/{rel}","templated":true}]}}