{"id":62383,"date":"2025-02-06T14:08:00","date_gmt":"2025-02-06T20:08:00","guid":{"rendered":"https:\/\/mediagroup.mx\/?p=62383"},"modified":"2025-02-06T14:08:00","modified_gmt":"2025-02-06T20:08:00","slug":"iniciamos-segundo-periodo-de-sesiones-con-el-compromiso-de-consolidar-la-cuarta-transformacion-juan-pablo-celis","status":"publish","type":"post","link":"https:\/\/mediagroup.mx\/index.php\/2025\/02\/06\/iniciamos-segundo-periodo-de-sesiones-con-el-compromiso-de-consolidar-la-cuarta-transformacion-juan-pablo-celis\/","title":{"rendered":"Iniciamos Segundo Periodo de Sesiones con el compromiso de consolidar la Cuarta Transformaci\u00f3n: Juan Pablo Celis"},"content":{"rendered":"<p>Morelia, Michoac\u00e1n, a 6 de febrero del 2025.- En el marco del inicio del Segundo Periodo de Sesiones, el diputado local Juan Pablo Celis Silva dijo reafirmar su compromiso \u201cde seguir legislando en favor del pueblo michoacano y en defensa de los principios de la Cuarta Transformaci\u00f3n\u201d.<\/p>\n<p>\u00abHoy comenzamos una nueva etapa en la construcci\u00f3n de un Michoac\u00e1n m\u00e1s justo, m\u00e1s fuerte y con m\u00e1s oportunidades para todas y todos. Como legislador de Morena, asumimos con responsabilidad el reto de seguir consolidando la Cuarta Transformaci\u00f3n con leyes y acciones que realmente beneficien al pueblo\u00bb, declar\u00f3 Celis Silva.<\/p>\n<p>En ese sentido, el legislador adelant\u00f3 que \u201crespaldar\u00e1 con firmeza las reformas anunciadas por la presidenta Claudia Sheinbaum, cuyo objetivo es garantizar que el poder sea del pueblo y para el pueblo\u201d.<\/p>\n<p>\u00abDecimos no a la reelecci\u00f3n y no al nepotismo, porque la pol\u00edtica debe servir, no servirse\u00bb, enfatiz\u00f3.<\/p>\n<p>A nivel estatal, el diputado local reiter\u00f3 su compromiso \u201ccon la consolidaci\u00f3n del Plan Morelos, una visi\u00f3n de transformaci\u00f3n impulsada por el gobernador Alfredo Ram\u00edrez Bedolla, que traer\u00e1 bienestar y desarrollo a Michoac\u00e1n\u201d.<\/p>\n<p>Celis Silva destac\u00f3 que \u201ces un momento clave para el estado y el pa\u00eds, por lo que la labor legislativa estar\u00e1 enfocada en respaldar iniciativas que fortalezcan la democracia y combatan las malas pr\u00e1cticas en el ejercicio del poder\u201d.<\/p>\n<p>\u00abEstamos comprometidos con las reformas que nos permitan consolidar un pa\u00eds m\u00e1s justo y democr\u00e1tico, insisti\u00f3 el diputado local.<\/p>\n<p>Asimismo, reiter\u00f3 su apoyo al Plan M\u00e9xico, \u201cuna estrategia que busca consolidar el desarrollo y bienestar del pa\u00eds, en sinton\u00eda con las acciones emprendidas en Michoac\u00e1n\u201d.<\/p>\n<p>Para concluir, el diputado enfatiz\u00f3 que este segundo periodo legislativo representar\u00e1 grandes retos, pero que est\u00e1 listo para enfrentarlos con responsabilidad y compromiso\u201d, y refiri\u00f3 que legislar\u00e1 \u00abobedeciendo al pueblo, con convicci\u00f3n y trabajo firme para responder a la confianza que han depositado en Morena y consolidar la Cuarta Transformaci\u00f3n en Michoac\u00e1n y en todo M\u00e9xico\u00bb.<\/p>\n<p><img loading=\"lazy\" decoding=\"async\" class=\"alignnone size-medium wp-image-62384\" src=\"https:\/\/mediagroup.mx\/wp-content\/uploads\/2025\/02\/WhatsApp-Image-2025-02-06-at-1.47.13-PM-300x200.jpeg\" alt=\"\" width=\"300\" height=\"200\" srcset=\"https:\/\/mediagroup.mx\/wp-content\/uploads\/2025\/02\/WhatsApp-Image-2025-02-06-at-1.47.13-PM-300x200.jpeg 300w, https:\/\/mediagroup.mx\/wp-content\/uploads\/2025\/02\/WhatsApp-Image-2025-02-06-at-1.47.13-PM-1024x683.jpeg 1024w, https:\/\/mediagroup.mx\/wp-content\/uploads\/2025\/02\/WhatsApp-Image-2025-02-06-at-1.47.13-PM-768x512.jpeg 768w, https:\/\/mediagroup.mx\/wp-content\/uploads\/2025\/02\/WhatsApp-Image-2025-02-06-at-1.47.13-PM-1536x1024.jpeg 1536w, https:\/\/mediagroup.mx\/wp-content\/uploads\/2025\/02\/WhatsApp-Image-2025-02-06-at-1.47.13-PM-2048x1365.jpeg 2048w, https:\/\/mediagroup.mx\/wp-content\/uploads\/2025\/02\/WhatsApp-Image-2025-02-06-at-1.47.13-PM-150x100.jpeg 150w, https:\/\/mediagroup.mx\/wp-content\/uploads\/2025\/02\/WhatsApp-Image-2025-02-06-at-1.47.13-PM-696x464.jpeg 696w, https:\/\/mediagroup.mx\/wp-content\/uploads\/2025\/02\/WhatsApp-Image-2025-02-06-at-1.47.13-PM-1068x712.jpeg 1068w, https:\/\/mediagroup.mx\/wp-content\/uploads\/2025\/02\/WhatsApp-Image-2025-02-06-at-1.47.13-PM-1920x1280.jpeg 1920w\" sizes=\"auto, (max-width: 300px) 100vw, 300px\" \/><\/p>\n","protected":false},"excerpt":{"rendered":"<p>Morelia, Michoac\u00e1n, a 6 de febrero del 2025.- En el marco del inicio del Segundo Periodo de Sesiones, el diputado local Juan Pablo Celis Silva dijo reafirmar su compromiso \u201cde seguir legislando en favor del pueblo michoacano y en defensa de los principios de la Cuarta Transformaci\u00f3n\u201d. \u00abHoy comenzamos una nueva etapa en la construcci\u00f3n [&hellip;]<\/p>\n","protected":false},"author":2,"featured_media":62384,"comment_status":"closed","ping_status":"closed","sticky":false,"template":"","format":"standard","meta":{"om_disable_all_campaigns":false,"_monsterinsights_skip_tracking":false,"_monsterinsights_sitenote_active":false,"_monsterinsights_sitenote_note":"","_monsterinsights_sitenote_category":0,"_uf_show_specific_survey":0,"_uf_disable_surveys":false,"_jetpack_memberships_contains_paid_content":false,"footnotes":"","jetpack_publicize_message":"Iniciamos Segundo Periodo de Sesiones con el compromiso de consolidar la Cuarta Transformaci\u00f3n: Juan Pablo Celis","jetpack_publicize_feature_enabled":true,"jetpack_social_post_already_shared":true,"jetpack_social_options":{"image_generator_settings":{"template":"highway","default_image_id":0,"enabled":false},"version":2}},"categories":[15,63],"tags":[],"class_list":{"0":"post-62383","1":"post","2":"type-post","3":"status-publish","4":"format-standard","5":"has-post-thumbnail","7":"category-michoacan","8":"category-politica"},"aioseo_notices":[],"jetpack_publicize_connections":[],"jetpack_featured_media_url":"https:\/\/mediagroup.mx\/wp-content\/uploads\/2025\/02\/WhatsApp-Image-2025-02-06-at-1.47.13-PM-scaled.jpeg","jetpack_sharing_enabled":true,"_links":{"self":[{"href":"https:\/\/mediagroup.mx\/index.php\/wp-json\/wp\/v2\/posts\/62383","targetHints":{"allow":["GET"]}}],"collection":[{"href":"https:\/\/mediagroup.mx\/index.php\/wp-json\/wp\/v2\/posts"}],"about":[{"href":"https:\/\/mediagroup.mx\/index.php\/wp-json\/wp\/v2\/types\/post"}],"author":[{"embeddable":true,"href":"https:\/\/mediagroup.mx\/index.php\/wp-json\/wp\/v2\/users\/2"}],"replies":[{"embeddable":true,"href":"https:\/\/mediagroup.mx\/index.php\/wp-json\/wp\/v2\/comments?post=62383"}],"version-history":[{"count":1,"href":"https:\/\/mediagroup.mx\/index.php\/wp-json\/wp\/v2\/posts\/62383\/revisions"}],"predecessor-version":[{"id":62385,"href":"https:\/\/mediagroup.mx\/index.php\/wp-json\/wp\/v2\/posts\/62383\/revisions\/62385"}],"wp:featuredmedia":[{"embeddable":true,"href":"https:\/\/mediagroup.mx\/index.php\/wp-json\/wp\/v2\/media\/62384"}],"wp:attachment":[{"href":"https:\/\/mediagroup.mx\/index.php\/wp-json\/wp\/v2\/media?parent=62383"}],"wp:term":[{"taxonomy":"category","embeddable":true,"href":"https:\/\/mediagroup.mx\/index.php\/wp-json\/wp\/v2\/categories?post=62383"},{"taxonomy":"post_tag","embeddable":true,"href":"https:\/\/mediagroup.mx\/index.php\/wp-json\/wp\/v2\/tags?post=62383"}],"curies":[{"name":"wp","href":"https:\/\/api.w.org\/{rel}","templated":true}]}}