{"id":62389,"date":"2025-02-06T15:11:00","date_gmt":"2025-02-06T21:11:00","guid":{"rendered":"https:\/\/mediagroup.mx\/?p=62389"},"modified":"2025-02-06T15:11:00","modified_gmt":"2025-02-06T21:11:00","slug":"propone-sandra-arreola-reforma-a-la-ley-para-atacar-la-problematica-de-deudores-alimentarios","status":"publish","type":"post","link":"https:\/\/mediagroup.mx\/index.php\/2025\/02\/06\/propone-sandra-arreola-reforma-a-la-ley-para-atacar-la-problematica-de-deudores-alimentarios\/","title":{"rendered":"Propone Sandra Arreola reforma a la ley para atacar la problem\u00e1tica de deudores alimentarios"},"content":{"rendered":"<p>Morelia, Michoac\u00e1n, a 06 de febrero de 2025.- \u201cUno de los problemas m\u00e1s grandes que enfrentan las mam\u00e1s y por consecuencia, las ni\u00f1as, ni\u00f1os y adolescentes de nuestro estado es el incumplimiento de las sentencias de pensi\u00f3n alimenticia\u201d, destac\u00f3 la diputada Sandra Arreola Ru\u00edz al presentar una iniciativa con Proyecto de Decreto por el que se adicionan los art\u00edculos 856 Bis, 856 Ter y 856 Quater al C\u00f3digo Familiar para el Estado de Michoac\u00e1n de Ocampo.<\/p>\n<p>Al presentar la propuesta, la representante de la bancada del Partido Verde Ecologista de M\u00e9xico en Michoac\u00e1n (PVEM), resalt\u00f3 que \u201cproteger el inter\u00e9s superior de los menores es deber del estado, y nosotros representantes del pueblo, los integrantes de la LXXVI Legislatura deben darles un efectivo acceso a la justicia a las v\u00edctimas de abandono parental\u201d.<\/p>\n<p>Las estad\u00edsticas acerca de esta situaci\u00f3n son claras, asever\u00f3, y dijo que \u201cseg\u00fan un informe del Consejo Nacional de la Judicatura, m\u00e1s de 3 millones de ni\u00f1os en M\u00e9xico no reciben pensi\u00f3n alimenticia de uno de sus padres, generalmente del padre, que es quien m\u00e1s com\u00fanmente incumple con su obligaci\u00f3n. Mientras que seg\u00fan informes del INEGI reportan que m\u00e1s del 50% de los padres obligados por ley a pagar pensiones alimenticias, no las cumplen regularmente\u201d.<\/p>\n<p>\u201cEl incumplimiento de las pensiones alimentarias tiene consecuencias devastadoras para los menores, se ve afectado su acceso a la educaci\u00f3n, salud y alimentaci\u00f3n. Adem\u00e1s de comprometer el desarrollo f\u00edsico y emocional de los ni\u00f1os, perpetuando ciclos de pobreza en las familias que dependen de estas pensiones. La pensi\u00f3n alimenticia no es un capricho, es la obligaci\u00f3n que tienen los padres con sus hijos\u201d, expuso la legisladora.<\/p>\n<p>Areola Ru\u00edz, agreg\u00f3 que \u201caunado al incumplimiento en el pago de la pensi\u00f3n, miles de deudores alimentarios despliegan intencionalmente conductas destinadas a evitar su llamamiento a juicio, proporcionando domicilios falsos, incluso frente a las autoridades ante quienes hacen tr\u00e1mites legales o incluso sirvi\u00e9ndose de que niegan conocer su paradero para evitar su llamamiento a juicio y terminan evadiendo sus obligaciones parentales\u201d.<\/p>\n<p>Por ello, la iniciativa que present\u00f3 tiene varios objetivos en el mismo sentido, primordialmente busca salvaguardar el inter\u00e9s superior de los menores y acabar con la evasi\u00f3n de responsabilidades por parte de los deudores alimentarios, adem\u00e1s de que la carga de localizaci\u00f3n del demandado no caiga sobre el acreedor alimentario que en muchas ocasiones carece de medios para llevarlo a cabo y que tampoco recaiga \u00fanicamente en los jueces y actuarios, que si bien, es parte de sus funciones, llega a ser una carga desproporcionada que tambi\u00e9n deriva en el retardo de la administraci\u00f3n de justicia.<\/p>\n<p>\u201cEsta reforma se instruye para que la Unidad de Medidas Cautelares coadyuve con las v\u00edctimas de violencia econ\u00f3mica en la localizaci\u00f3n de los deudores, con el prop\u00f3sito de permitir a los justiciables que soliciten la intervenci\u00f3n de dicha unidad especializada y para que dictamine si un deudor es localizable y el lugar donde debe ser notificado; o si bien, no es localizado, se inicie el juicio en su contra directamente con la citaci\u00f3n por edictos, que, adem\u00e1s, deber\u00e1n ser pagados por las v\u00edctimas con arreglo a la posibilidad econ\u00f3mica que arroje el propio dictamen de la Unidad de Medidas Cautelares, debiendo ser exceptuadas de dicha carga econ\u00f3mica las personas en situaci\u00f3n de precariedad\u201d, agreg\u00f3.<\/p>\n<p>Hizo un llamado a los legisladores a avalar esta reforma que \u201cconstituir\u00e1 un avance significativo en la tutela de los menores, que se convierten en las v\u00edctimas de los casos de incumplimiento y contribuir\u00e1 al derecho de igualdad de todas las mujeres que asumen en soledad la condici\u00f3n de madres y padres de familia\u201d.<\/p>\n<p><img loading=\"lazy\" decoding=\"async\" class=\"alignnone size-medium wp-image-62390\" src=\"https:\/\/mediagroup.mx\/wp-content\/uploads\/2025\/02\/WhatsApp-Image-2025-02-06-at-2.25.29-PM-300x204.jpeg\" alt=\"\" width=\"300\" height=\"204\" srcset=\"https:\/\/mediagroup.mx\/wp-content\/uploads\/2025\/02\/WhatsApp-Image-2025-02-06-at-2.25.29-PM-300x204.jpeg 300w, https:\/\/mediagroup.mx\/wp-content\/uploads\/2025\/02\/WhatsApp-Image-2025-02-06-at-2.25.29-PM-1024x695.jpeg 1024w, https:\/\/mediagroup.mx\/wp-content\/uploads\/2025\/02\/WhatsApp-Image-2025-02-06-at-2.25.29-PM-768x521.jpeg 768w, https:\/\/mediagroup.mx\/wp-content\/uploads\/2025\/02\/WhatsApp-Image-2025-02-06-at-2.25.29-PM-1536x1043.jpeg 1536w, https:\/\/mediagroup.mx\/wp-content\/uploads\/2025\/02\/WhatsApp-Image-2025-02-06-at-2.25.29-PM-150x102.jpeg 150w, https:\/\/mediagroup.mx\/wp-content\/uploads\/2025\/02\/WhatsApp-Image-2025-02-06-at-2.25.29-PM-696x472.jpeg 696w, https:\/\/mediagroup.mx\/wp-content\/uploads\/2025\/02\/WhatsApp-Image-2025-02-06-at-2.25.29-PM-1068x725.jpeg 1068w, https:\/\/mediagroup.mx\/wp-content\/uploads\/2025\/02\/WhatsApp-Image-2025-02-06-at-2.25.29-PM.jpeg 1600w\" sizes=\"auto, (max-width: 300px) 100vw, 300px\" \/><\/p>\n","protected":false},"excerpt":{"rendered":"<p>Morelia, Michoac\u00e1n, a 06 de febrero de 2025.- \u201cUno de los problemas m\u00e1s grandes que enfrentan las mam\u00e1s y por consecuencia, las ni\u00f1as, ni\u00f1os y adolescentes de nuestro estado es el incumplimiento de las sentencias de pensi\u00f3n alimenticia\u201d, destac\u00f3 la diputada Sandra Arreola Ru\u00edz al presentar una iniciativa con Proyecto de Decreto por el que [&hellip;]<\/p>\n","protected":false},"author":2,"featured_media":62390,"comment_status":"closed","ping_status":"closed","sticky":false,"template":"","format":"standard","meta":{"om_disable_all_campaigns":false,"_monsterinsights_skip_tracking":false,"_monsterinsights_sitenote_active":false,"_monsterinsights_sitenote_note":"","_monsterinsights_sitenote_category":0,"_uf_show_specific_survey":0,"_uf_disable_surveys":false,"_jetpack_memberships_contains_paid_content":false,"footnotes":"","jetpack_publicize_message":"Propone Sandra Arreola reforma a la ley para atacar la problem\u00e1tica de deudores alimentarios\r\n-\u201cLa pensi\u00f3n alimenticia no es un capricho, es la obligaci\u00f3n que tienen los padres con sus hijos\u201d, sentenci\u00f3 la legisladora emanada del PVEM.","jetpack_publicize_feature_enabled":true,"jetpack_social_post_already_shared":true,"jetpack_social_options":{"image_generator_settings":{"template":"highway","default_image_id":0,"enabled":false},"version":2}},"categories":[15,63],"tags":[],"class_list":{"0":"post-62389","1":"post","2":"type-post","3":"status-publish","4":"format-standard","5":"has-post-thumbnail","7":"category-michoacan","8":"category-politica"},"aioseo_notices":[],"jetpack_publicize_connections":[],"jetpack_featured_media_url":"https:\/\/mediagroup.mx\/wp-content\/uploads\/2025\/02\/WhatsApp-Image-2025-02-06-at-2.25.29-PM.jpeg","jetpack_sharing_enabled":true,"_links":{"self":[{"href":"https:\/\/mediagroup.mx\/index.php\/wp-json\/wp\/v2\/posts\/62389","targetHints":{"allow":["GET"]}}],"collection":[{"href":"https:\/\/mediagroup.mx\/index.php\/wp-json\/wp\/v2\/posts"}],"about":[{"href":"https:\/\/mediagroup.mx\/index.php\/wp-json\/wp\/v2\/types\/post"}],"author":[{"embeddable":true,"href":"https:\/\/mediagroup.mx\/index.php\/wp-json\/wp\/v2\/users\/2"}],"replies":[{"embeddable":true,"href":"https:\/\/mediagroup.mx\/index.php\/wp-json\/wp\/v2\/comments?post=62389"}],"version-history":[{"count":1,"href":"https:\/\/mediagroup.mx\/index.php\/wp-json\/wp\/v2\/posts\/62389\/revisions"}],"predecessor-version":[{"id":62391,"href":"https:\/\/mediagroup.mx\/index.php\/wp-json\/wp\/v2\/posts\/62389\/revisions\/62391"}],"wp:featuredmedia":[{"embeddable":true,"href":"https:\/\/mediagroup.mx\/index.php\/wp-json\/wp\/v2\/media\/62390"}],"wp:attachment":[{"href":"https:\/\/mediagroup.mx\/index.php\/wp-json\/wp\/v2\/media?parent=62389"}],"wp:term":[{"taxonomy":"category","embeddable":true,"href":"https:\/\/mediagroup.mx\/index.php\/wp-json\/wp\/v2\/categories?post=62389"},{"taxonomy":"post_tag","embeddable":true,"href":"https:\/\/mediagroup.mx\/index.php\/wp-json\/wp\/v2\/tags?post=62389"}],"curies":[{"name":"wp","href":"https:\/\/api.w.org\/{rel}","templated":true}]}}