{"id":62397,"date":"2025-02-06T15:31:42","date_gmt":"2025-02-06T21:31:42","guid":{"rendered":"https:\/\/mediagroup.mx\/?p=62397"},"modified":"2025-02-06T15:31:42","modified_gmt":"2025-02-06T21:31:42","slug":"fuga-masiva-de-carcel-en-congo-deja-163-mujeres-violadas-y-quemadas-vivas","status":"publish","type":"post","link":"https:\/\/mediagroup.mx\/index.php\/2025\/02\/06\/fuga-masiva-de-carcel-en-congo-deja-163-mujeres-violadas-y-quemadas-vivas\/","title":{"rendered":"Fuga masiva de c\u00e1rcel en Congo deja 163 mujeres violadas y quemadas vivas"},"content":{"rendered":"<p style=\"text-align: justify;\">Al menos\u00a0<strong>163 mujeres fueron violadas y quemadas vivas<\/strong>\u00a0el pasado 27 de enero durante la fuga de\u00a0<strong>m\u00e1s de tres mil presos<\/strong>\u00a0de la c\u00e1rcel central de Goma despu\u00e9s de que esa ciudad del noreste de la\u00a0<strong>Rep\u00fablica Democr\u00e1tica del Congo<\/strong>\u00a0(RDC) fuera tomada por el rebelde\u00a0<strong>Movimiento 23 de Marzo<\/strong>\u00a0(M23), seg\u00fan un informe remitido a\u00a0<em>EFE<\/em>\u00a0por la misi\u00f3n de paz de la ONU en el pa\u00eds (Monusco).<\/p>\n<p style=\"text-align: justify;\">El documento contiene alegaciones presentadas por el Gobierno congole\u00f1o este martes ante el Comit\u00e9 de la ONU para la Eliminaci\u00f3n de la Discriminaci\u00f3n contra la Mujer (CEDAW, en sus siglas en ingl\u00e9s) en Ginebra.<\/p>\n<div style=\"text-align: justify;\">\n<p>En esa comparecencia, la ministra congole\u00f1a de Derechos Humanos,\u00a0<strong>Chantal Chambu Mwavita<\/strong>, se\u00f1al\u00f3 que la ofensiva del M23 provoc\u00f3 \u201cla fuga de m\u00e1s de tres mil prisioneros de la prisi\u00f3n central de Goma\u201d y \u201cviolaciones de 163 mujeres detenidas en la prisi\u00f3n a las que\u00a0<strong>se les prendi\u00f3 fuego mientras estaban vivas<\/strong>\u201c.<\/p>\n<\/div>\n<div style=\"text-align: justify;\">\n<p><a href=\"https:\/\/editorial.aristeguinoticias.com\/wp-content\/uploads\/2025\/02\/2025-02-06T121135Z_791746454_RC2XOCAS80BI_RTRMADP_3_CONGO-SECURITY-scaled.jpg\"><img loading=\"lazy\" decoding=\"async\" class=\"aligncenter size-large wp-image-1450603\" src=\"https:\/\/editorial.aristeguinoticias.com\/wp-content\/uploads\/2025\/02\/2025-02-06T121135Z_791746454_RC2XOCAS80BI_RTRMADP_3_CONGO-SECURITY-700x467.jpg\" sizes=\"auto, (max-width: 700px) 100vw, 700px\" srcset=\"https:\/\/editorial.aristeguinoticias.com\/wp-content\/uploads\/2025\/02\/2025-02-06T121135Z_791746454_RC2XOCAS80BI_RTRMADP_3_CONGO-SECURITY-700x467.jpg 700w, https:\/\/editorial.aristeguinoticias.com\/wp-content\/uploads\/2025\/02\/2025-02-06T121135Z_791746454_RC2XOCAS80BI_RTRMADP_3_CONGO-SECURITY-250x167.jpg 250w, https:\/\/editorial.aristeguinoticias.com\/wp-content\/uploads\/2025\/02\/2025-02-06T121135Z_791746454_RC2XOCAS80BI_RTRMADP_3_CONGO-SECURITY-768x512.jpg 768w, https:\/\/editorial.aristeguinoticias.com\/wp-content\/uploads\/2025\/02\/2025-02-06T121135Z_791746454_RC2XOCAS80BI_RTRMADP_3_CONGO-SECURITY-628x419.jpg 628w, https:\/\/editorial.aristeguinoticias.com\/wp-content\/uploads\/2025\/02\/2025-02-06T121135Z_791746454_RC2XOCAS80BI_RTRMADP_3_CONGO-SECURITY-298x199.jpg 298w, https:\/\/editorial.aristeguinoticias.com\/wp-content\/uploads\/2025\/02\/2025-02-06T121135Z_791746454_RC2XOCAS80BI_RTRMADP_3_CONGO-SECURITY-295x197.jpg 295w, https:\/\/editorial.aristeguinoticias.com\/wp-content\/uploads\/2025\/02\/2025-02-06T121135Z_791746454_RC2XOCAS80BI_RTRMADP_3_CONGO-SECURITY-205x137.jpg 205w, https:\/\/editorial.aristeguinoticias.com\/wp-content\/uploads\/2025\/02\/2025-02-06T121135Z_791746454_RC2XOCAS80BI_RTRMADP_3_CONGO-SECURITY-1536x1025.jpg 1536w, https:\/\/editorial.aristeguinoticias.com\/wp-content\/uploads\/2025\/02\/2025-02-06T121135Z_791746454_RC2XOCAS80BI_RTRMADP_3_CONGO-SECURITY-2048x1366.jpg 2048w, https:\/\/editorial.aristeguinoticias.com\/wp-content\/uploads\/2025\/02\/2025-02-06T121135Z_791746454_RC2XOCAS80BI_RTRMADP_3_CONGO-SECURITY-120x80.jpg 120w\" alt=\"\" width=\"700\" height=\"467\" \/><\/a><\/p>\n<\/div>\n<div style=\"text-align: justify;\">\n<p>La c\u00e1rcel, que fue incendiada, ten\u00eda recluidas a \u201cmuchas personas condenadas por\u00a0<strong>violencia sexual<\/strong>\u00a0contra mujeres\u201d, subray\u00f3 Mwavita, de acuerdo con el citado informe.<\/p>\n<\/div>\n<div>\n<p style=\"text-align: justify;\">Aparte de la muerte de las 163 reclusas, la evasi\u00f3n caus\u00f3 la<strong>\u00a0\u201cproliferaci\u00f3n de armas ligeras\u201d<\/strong>, as\u00ed como \u201csaqueos de edificios legales, ataques a mujeres que defend\u00edan a mujeres v\u00edctimas de violencia y el bombardeo del hospital materno de Goma, que provoc\u00f3 la muerte de mujeres embarazadas y mujeres que acababan de dar a luz\u201d, dijo la ministra ante el CEDAW.<\/p>\n<div style=\"text-align: justify;\">\n<p>Los esfuerzos para proteger a las v\u00edctimas de la violencia sexual, concluy\u00f3, \u201cse vieron socavados por el\u00a0<strong>aumento de los ataques del Ej\u00e9rcito ruand\u00e9s<\/strong>\u00a0y el M23, que hab\u00edan intensificado sus esfuerzos militares y ataques contra civiles\u201d.<\/p>\n<\/div>\n<div style=\"text-align: justify;\">\n<p>El M23 tom\u00f3 Goma, capital de la provincia de Kivu del Norte, tras d\u00edas de intensos combates con el Ej\u00e9rcito de la RDC y sus milicias aliadas que han causado\u00a0<strong>casi tres mil muertos y cientos de miles de desplazados<\/strong>, seg\u00fan cifras de la ONU.<\/p>\n<div>\n<p>La ofensiva del M23 -grupo armado formado principalmente por tutsis que sufrieron el genocidio ruand\u00e9s de 1994- ha incrementado la tensi\u00f3n con la vecina Ruanda, ya que el Gobierno congole\u00f1o acusa a Kigali de apoyar al M23, un extremo que ha confirmado la ONU.<\/p>\n<\/div>\n<div>\n<p>Por su parte, Ruanda y el M23 acusan al Ej\u00e9rcito congole\u00f1o de cooperar con las Fuerzas Democr\u00e1ticas para la Liberaci\u00f3n de Ruanda (FDLR), un grupo fundado en 2000 por cabecillas del\u00a0<strong>genocidio<\/strong>\u00a0y otros ruandeses exiliados para recuperar el poder pol\u00edtico en su pa\u00eds, una colaboraci\u00f3n tambi\u00e9n corroborada por las Naciones Unidas.<\/p>\n<\/div>\n<div>\n<p>La actividad armada del M23 se reanud\u00f3 en noviembre de 2021 con ataques rel\u00e1mpago contra el Ej\u00e9rcito congole\u00f1o en Kivu del Norte, provincia fronteriza con Ruanda.<\/p>\n<\/div>\n<div>\n<p><a href=\"https:\/\/editorial.aristeguinoticias.com\/wp-content\/uploads\/2025\/02\/2025-02-05T172353Z_765830437_RC22OCAQL3NZ_RTRMADP_3_CONGO-SECURITY-scaled.jpg\"><img loading=\"lazy\" decoding=\"async\" class=\"aligncenter size-large wp-image-1450601\" src=\"https:\/\/editorial.aristeguinoticias.com\/wp-content\/uploads\/2025\/02\/2025-02-05T172353Z_765830437_RC22OCAQL3NZ_RTRMADP_3_CONGO-SECURITY-700x467.jpg\" sizes=\"auto, (max-width: 700px) 100vw, 700px\" srcset=\"https:\/\/editorial.aristeguinoticias.com\/wp-content\/uploads\/2025\/02\/2025-02-05T172353Z_765830437_RC22OCAQL3NZ_RTRMADP_3_CONGO-SECURITY-700x467.jpg 700w, https:\/\/editorial.aristeguinoticias.com\/wp-content\/uploads\/2025\/02\/2025-02-05T172353Z_765830437_RC22OCAQL3NZ_RTRMADP_3_CONGO-SECURITY-250x167.jpg 250w, https:\/\/editorial.aristeguinoticias.com\/wp-content\/uploads\/2025\/02\/2025-02-05T172353Z_765830437_RC22OCAQL3NZ_RTRMADP_3_CONGO-SECURITY-768x512.jpg 768w, https:\/\/editorial.aristeguinoticias.com\/wp-content\/uploads\/2025\/02\/2025-02-05T172353Z_765830437_RC22OCAQL3NZ_RTRMADP_3_CONGO-SECURITY-628x419.jpg 628w, https:\/\/editorial.aristeguinoticias.com\/wp-content\/uploads\/2025\/02\/2025-02-05T172353Z_765830437_RC22OCAQL3NZ_RTRMADP_3_CONGO-SECURITY-298x199.jpg 298w, https:\/\/editorial.aristeguinoticias.com\/wp-content\/uploads\/2025\/02\/2025-02-05T172353Z_765830437_RC22OCAQL3NZ_RTRMADP_3_CONGO-SECURITY-295x197.jpg 295w, https:\/\/editorial.aristeguinoticias.com\/wp-content\/uploads\/2025\/02\/2025-02-05T172353Z_765830437_RC22OCAQL3NZ_RTRMADP_3_CONGO-SECURITY-205x137.jpg 205w, https:\/\/editorial.aristeguinoticias.com\/wp-content\/uploads\/2025\/02\/2025-02-05T172353Z_765830437_RC22OCAQL3NZ_RTRMADP_3_CONGO-SECURITY-1536x1024.jpg 1536w, https:\/\/editorial.aristeguinoticias.com\/wp-content\/uploads\/2025\/02\/2025-02-05T172353Z_765830437_RC22OCAQL3NZ_RTRMADP_3_CONGO-SECURITY-2048x1365.jpg 2048w, https:\/\/editorial.aristeguinoticias.com\/wp-content\/uploads\/2025\/02\/2025-02-05T172353Z_765830437_RC22OCAQL3NZ_RTRMADP_3_CONGO-SECURITY-120x80.jpg 120w\" alt=\"\" width=\"700\" height=\"467\" \/><\/a><\/p>\n<\/div>\n<div>\n<p>Desde entonces, avanz\u00f3 por varios frentes hasta alcanzar Goma, capital de unos dos millones de habitantes donde tienen su sede ONG internacionales e instituciones de la ONU.<\/p>\n<\/div>\n<div>\n<p><strong>Esta no es la primera vez que el M23 ocupa Goma<\/strong>: los rebeldes ya tomaron el control de la ciudad durante diez d\u00edas en 2012, antes de que la presi\u00f3n internacional forzara su retirada.<\/p>\n<\/div>\n<div>\n<p>Desde 1998, el este de la RDC est\u00e1 sumido en un conflicto alimentado por milicias rebeldes y el Ej\u00e9rcito, a pesar de la presencia de la Monusco.<\/p>\n<\/div>\n<div><\/div>\n<\/div>\n<div id=\"div-gpt-ad-ddnotamundoZA_box_c\" class=\"box_c\" style=\"text-align: justify;\" data-google-query-id=\"CM2b9KT_r4sDFXaIpgQdyZYJSw\">\u00a0V\u00eda: Aristegui Noticias<\/div>\n<\/div>\n","protected":false},"excerpt":{"rendered":"<p>Al menos\u00a0163 mujeres fueron violadas y quemadas vivas\u00a0el pasado 27 de enero durante la fuga de\u00a0m\u00e1s de tres mil presos\u00a0de la c\u00e1rcel central de Goma despu\u00e9s de que esa ciudad del noreste de la\u00a0Rep\u00fablica Democr\u00e1tica del Congo\u00a0(RDC) fuera tomada por el rebelde\u00a0Movimiento 23 de Marzo\u00a0(M23), seg\u00fan un informe remitido a\u00a0EFE\u00a0por la misi\u00f3n de paz de [&hellip;]<\/p>\n","protected":false},"author":2,"featured_media":62398,"comment_status":"closed","ping_status":"closed","sticky":false,"template":"","format":"standard","meta":{"om_disable_all_campaigns":false,"_monsterinsights_skip_tracking":false,"_monsterinsights_sitenote_active":false,"_monsterinsights_sitenote_note":"","_monsterinsights_sitenote_category":0,"_uf_show_specific_survey":0,"_uf_disable_surveys":false,"_jetpack_memberships_contains_paid_content":false,"footnotes":"","jetpack_publicize_message":"Fuga masiva de c\u00e1rcel en Congo deja 163 mujeres violadas y quemadas vivas","jetpack_publicize_feature_enabled":true,"jetpack_social_post_already_shared":true,"jetpack_social_options":{"image_generator_settings":{"template":"highway","default_image_id":0,"enabled":false},"version":2}},"categories":[6,18],"tags":[],"class_list":{"0":"post-62397","1":"post","2":"type-post","3":"status-publish","4":"format-standard","5":"has-post-thumbnail","7":"category-global","8":"category-internacional"},"aioseo_notices":[],"jetpack_publicize_connections":[],"jetpack_featured_media_url":"https:\/\/mediagroup.mx\/wp-content\/uploads\/2025\/02\/Captura-de-pantalla-2025-02-06-a-las-15.30.05.png","jetpack_sharing_enabled":true,"_links":{"self":[{"href":"https:\/\/mediagroup.mx\/index.php\/wp-json\/wp\/v2\/posts\/62397","targetHints":{"allow":["GET"]}}],"collection":[{"href":"https:\/\/mediagroup.mx\/index.php\/wp-json\/wp\/v2\/posts"}],"about":[{"href":"https:\/\/mediagroup.mx\/index.php\/wp-json\/wp\/v2\/types\/post"}],"author":[{"embeddable":true,"href":"https:\/\/mediagroup.mx\/index.php\/wp-json\/wp\/v2\/users\/2"}],"replies":[{"embeddable":true,"href":"https:\/\/mediagroup.mx\/index.php\/wp-json\/wp\/v2\/comments?post=62397"}],"version-history":[{"count":1,"href":"https:\/\/mediagroup.mx\/index.php\/wp-json\/wp\/v2\/posts\/62397\/revisions"}],"predecessor-version":[{"id":62399,"href":"https:\/\/mediagroup.mx\/index.php\/wp-json\/wp\/v2\/posts\/62397\/revisions\/62399"}],"wp:featuredmedia":[{"embeddable":true,"href":"https:\/\/mediagroup.mx\/index.php\/wp-json\/wp\/v2\/media\/62398"}],"wp:attachment":[{"href":"https:\/\/mediagroup.mx\/index.php\/wp-json\/wp\/v2\/media?parent=62397"}],"wp:term":[{"taxonomy":"category","embeddable":true,"href":"https:\/\/mediagroup.mx\/index.php\/wp-json\/wp\/v2\/categories?post=62397"},{"taxonomy":"post_tag","embeddable":true,"href":"https:\/\/mediagroup.mx\/index.php\/wp-json\/wp\/v2\/tags?post=62397"}],"curies":[{"name":"wp","href":"https:\/\/api.w.org\/{rel}","templated":true}]}}