{"id":62400,"date":"2025-02-06T18:39:44","date_gmt":"2025-02-07T00:39:44","guid":{"rendered":"https:\/\/mediagroup.mx\/?p=62400"},"modified":"2025-02-06T18:39:44","modified_gmt":"2025-02-07T00:39:44","slug":"respalda-bedolla-iniciativas-de-sheinbaum-para-prohibir-la-reeleccion-y-nepotismo","status":"publish","type":"post","link":"https:\/\/mediagroup.mx\/index.php\/2025\/02\/06\/respalda-bedolla-iniciativas-de-sheinbaum-para-prohibir-la-reeleccion-y-nepotismo\/","title":{"rendered":"Respalda Bedolla iniciativas de Sheinbaum para prohibir la reelecci\u00f3n y nepotismo"},"content":{"rendered":"<p>El gobernador Alfredo Ram\u00edrez Bedolla consider\u00f3 que las iniciativas anunciadas por la presidenta Claudia Sheinbaum, para prohibir la reelecci\u00f3n y el nepotismo, son adecuadas por el momento hist\u00f3rico que vive el pa\u00eds, por lo que expres\u00f3 su respaldo a ese par de propuestas que revitalizar\u00e1n la democracia en M\u00e9xico.<\/p>\n<p>Se\u00f1al\u00f3 que estas ayudar\u00e1n a reconducir y relanzar la democracia electoral, al cerrar la puerta a pr\u00e1cticas pol\u00edticas que datan del periodo del Porfiriato.<\/p>\n<p>Ram\u00edrez Bedolla puntualiz\u00f3 que las iniciativas anunciadas por la mandataria federal durante el Aniversario de la Promulgaci\u00f3n de la Constituci\u00f3n de 1917 en Quer\u00e9taro, contemplan la no reelecci\u00f3n a cualquier puesto de elecci\u00f3n popular y la prohibici\u00f3n expresa de que ning\u00fan familiar pueda suceder de forma inmediata a otro en un puesto de competencia por voto.<\/p>\n<p>En este contexto, dijo que Michoac\u00e1n est\u00e1 preparado para impulsar los cambios legislativos necesarios con el prop\u00f3sito de armonizar la ley local con las reformas que se abordar\u00e1n a nivel federal, en las c\u00e1maras de diputados y senadores. Sobre la primera de estas iniciativas, Bedolla record\u00f3 que en el caso particular de la entidad est\u00e1 contenida dentro del Plan Morelos, anunciado en agosto del a\u00f1o pasado.<\/p>\n<p>Para finalizar, se\u00f1al\u00f3 que en Michoac\u00e1n hay la suficiente madurez pol\u00edtica y la entidad est\u00e1 a la altura de las circunstancias para emprender los cambios necesarios y dotar de calidad a la democracia electoral; con esto, consider\u00f3 que se evitar\u00e1 que los actores pol\u00edticos se enquisten o permanezcan en los puestos populares por m\u00e1s tiempo de lo socialmente \u00fatil.<\/p>\n","protected":false},"excerpt":{"rendered":"<p>El gobernador Alfredo Ram\u00edrez Bedolla consider\u00f3 que las iniciativas anunciadas por la presidenta Claudia Sheinbaum, para prohibir la reelecci\u00f3n y el nepotismo, son adecuadas por el momento hist\u00f3rico que vive el pa\u00eds, por lo que expres\u00f3 su respaldo a ese par de propuestas que revitalizar\u00e1n la democracia en M\u00e9xico. Se\u00f1al\u00f3 que estas ayudar\u00e1n a reconducir [&hellip;]<\/p>\n","protected":false},"author":2,"featured_media":62401,"comment_status":"closed","ping_status":"closed","sticky":false,"template":"","format":"standard","meta":{"om_disable_all_campaigns":false,"_monsterinsights_skip_tracking":false,"_monsterinsights_sitenote_active":false,"_monsterinsights_sitenote_note":"","_monsterinsights_sitenote_category":0,"_uf_show_specific_survey":0,"_uf_disable_surveys":false,"_jetpack_memberships_contains_paid_content":false,"footnotes":"","jetpack_publicize_message":"Respalda Bedolla iniciativas de Sheinbaum para prohibir la reelecci\u00f3n y nepotismo","jetpack_publicize_feature_enabled":true,"jetpack_social_post_already_shared":true,"jetpack_social_options":{"image_generator_settings":{"template":"highway","default_image_id":0,"enabled":false},"version":2}},"categories":[15],"tags":[],"class_list":{"0":"post-62400","1":"post","2":"type-post","3":"status-publish","4":"format-standard","5":"has-post-thumbnail","7":"category-michoacan"},"aioseo_notices":[],"jetpack_publicize_connections":[],"jetpack_featured_media_url":"https:\/\/mediagroup.mx\/wp-content\/uploads\/2025\/02\/b4c06823-eb06-432b-9820-4f926e1177f4.jpeg","jetpack_sharing_enabled":true,"_links":{"self":[{"href":"https:\/\/mediagroup.mx\/index.php\/wp-json\/wp\/v2\/posts\/62400","targetHints":{"allow":["GET"]}}],"collection":[{"href":"https:\/\/mediagroup.mx\/index.php\/wp-json\/wp\/v2\/posts"}],"about":[{"href":"https:\/\/mediagroup.mx\/index.php\/wp-json\/wp\/v2\/types\/post"}],"author":[{"embeddable":true,"href":"https:\/\/mediagroup.mx\/index.php\/wp-json\/wp\/v2\/users\/2"}],"replies":[{"embeddable":true,"href":"https:\/\/mediagroup.mx\/index.php\/wp-json\/wp\/v2\/comments?post=62400"}],"version-history":[{"count":1,"href":"https:\/\/mediagroup.mx\/index.php\/wp-json\/wp\/v2\/posts\/62400\/revisions"}],"predecessor-version":[{"id":62402,"href":"https:\/\/mediagroup.mx\/index.php\/wp-json\/wp\/v2\/posts\/62400\/revisions\/62402"}],"wp:featuredmedia":[{"embeddable":true,"href":"https:\/\/mediagroup.mx\/index.php\/wp-json\/wp\/v2\/media\/62401"}],"wp:attachment":[{"href":"https:\/\/mediagroup.mx\/index.php\/wp-json\/wp\/v2\/media?parent=62400"}],"wp:term":[{"taxonomy":"category","embeddable":true,"href":"https:\/\/mediagroup.mx\/index.php\/wp-json\/wp\/v2\/categories?post=62400"},{"taxonomy":"post_tag","embeddable":true,"href":"https:\/\/mediagroup.mx\/index.php\/wp-json\/wp\/v2\/tags?post=62400"}],"curies":[{"name":"wp","href":"https:\/\/api.w.org\/{rel}","templated":true}]}}