{"id":62434,"date":"2025-02-06T21:04:40","date_gmt":"2025-02-07T03:04:40","guid":{"rendered":"https:\/\/mediagroup.mx\/?p=62434"},"modified":"2025-02-08T21:07:58","modified_gmt":"2025-02-09T03:07:58","slug":"congreso-del-estado-reduce-la-edad-para-quien-asuma-la-direccion-del-dif-2","status":"publish","type":"post","link":"https:\/\/mediagroup.mx\/index.php\/2025\/02\/06\/congreso-del-estado-reduce-la-edad-para-quien-asuma-la-direccion-del-dif-2\/","title":{"rendered":"Congreso del Estado reduce la edad para quien asuma la Direcci\u00f3n del DIF"},"content":{"rendered":"<p>*Morelia, Michoac\u00e1n, 06 de febrero 2025*.- El pleno de la 76 Legislatura del Congreso del Estado aprob\u00f3 reducir la edad m\u00ednima requerida en el marco jur\u00eddico, a los ciudadanos michoacanos que cubran con los requisitos para ocupar el cargo de Director General del Sistema para el Desarrollo Integral de la Familia; pasando de 30 a 25 a\u00f1os.<\/p>\n<p>En Sesi\u00f3n Ordinaria, las y los diputados michoacanos votaron a favor de la reforma al Art\u00edculo 10 del Decreto Legislativo N\u00famero 139, as\u00ed como al art\u00edculo 22 de la Ley de Asistencia Social del Estado de Michoac\u00e1n de Ocampo, para reducir la edad de quienes puedan asumir su titularidad.<\/p>\n<p>Conforme al Dictamen puesto a consideraci\u00f3n del Pleno por parte de la Comisi\u00f3n de Justicia, ambas reformas tienen por objeto optimizar la incorporaci\u00f3n de nuevos talentos, j\u00f3venes con visi\u00f3n innovadora y enfoques din\u00e1micos en la gesti\u00f3n de pol\u00edticas p\u00fablicas sociales, particularmente de aquellas dirigidas a la infancia, las madres gestantes y las familias en situaci\u00f3n vulnerable.<\/p>\n<p>\u201cLa juventud, cuando se combina con la experiencia, puede ser un motor de cambio significativo, aportando nuevas perspectivas y energ\u00eda\u201d, establece el dictamen.<\/p>\n<p>De igual forma, con el voto a favor, las y los legisladores michoacanos, al reducir la edad m\u00ednima, pretenden fomentar una mayor inclusi\u00f3n de j\u00f3venes profesionales comprometidos con el bienestar social, promoviendo su participaci\u00f3n activa en la toma de decisiones y en la implementaci\u00f3n de programas sociales.<\/p>\n<p>Con ello, se contribuir\u00e1 a una gesti\u00f3n p\u00fablica m\u00e1s \u00e1gil, moderna y adaptada a las necesidades de las nuevas generaciones, al mismo tiempo que se garantiza la continuidad y efectividad de los programas del Sistema DIF.<\/p>\n<p>En el dictamen, tambi\u00e9n se establece que la incorporaci\u00f3n de personal joven y capacitado permitir\u00e1 fortalecer los servicios asistenciales, ampliar el alcance de los proyectos y asegurar que las pol\u00edticas p\u00fablicas sean m\u00e1s sensibles y cercanas a las realidades actuales del Estado.<\/p>\n<p>Conforme a ello, el voto fue a favor de reformar la fracci\u00f3n II del Art\u00edculo 10 del Decreto Legislativo N\u00famero 139, mediante el cual se crea un organismo p\u00fablico descentralizado con personalidad jur\u00eddica y patrimonio propio que se denomina Sistema para el Desarrollo Integral de la Familia; as\u00ed como a la fracci\u00f3n II del art\u00edculo 22 de la Ley de Asistencia Social del Estado de Michoac\u00e1n de Ocampo, para definir que para ser Director General se requiere tener 25 a\u00f1os cumplidos en la fecha de su nombramiento.<br \/>\n<img loading=\"lazy\" decoding=\"async\" class=\"alignnone size-medium wp-image-62435\" src=\"https:\/\/mediagroup.mx\/wp-content\/uploads\/2025\/02\/114acdf9-1ef4-466f-9213-ab5d964a0d71-300x200.jpeg\" alt=\"\" width=\"300\" height=\"200\" srcset=\"https:\/\/mediagroup.mx\/wp-content\/uploads\/2025\/02\/114acdf9-1ef4-466f-9213-ab5d964a0d71-300x200.jpeg 300w, https:\/\/mediagroup.mx\/wp-content\/uploads\/2025\/02\/114acdf9-1ef4-466f-9213-ab5d964a0d71-1024x682.jpeg 1024w, https:\/\/mediagroup.mx\/wp-content\/uploads\/2025\/02\/114acdf9-1ef4-466f-9213-ab5d964a0d71-768x512.jpeg 768w, https:\/\/mediagroup.mx\/wp-content\/uploads\/2025\/02\/114acdf9-1ef4-466f-9213-ab5d964a0d71-150x100.jpeg 150w, https:\/\/mediagroup.mx\/wp-content\/uploads\/2025\/02\/114acdf9-1ef4-466f-9213-ab5d964a0d71-696x464.jpeg 696w, https:\/\/mediagroup.mx\/wp-content\/uploads\/2025\/02\/114acdf9-1ef4-466f-9213-ab5d964a0d71-1068x712.jpeg 1068w, https:\/\/mediagroup.mx\/wp-content\/uploads\/2025\/02\/114acdf9-1ef4-466f-9213-ab5d964a0d71.jpeg 1280w\" sizes=\"auto, (max-width: 300px) 100vw, 300px\" \/><\/p>\n","protected":false},"excerpt":{"rendered":"<p>*Morelia, Michoac\u00e1n, 06 de febrero 2025*.- El pleno de la 76 Legislatura del Congreso del Estado aprob\u00f3 reducir la edad m\u00ednima requerida en el marco jur\u00eddico, a los ciudadanos michoacanos que cubran con los requisitos para ocupar el cargo de Director General del Sistema para el Desarrollo Integral de la Familia; pasando de 30 a [&hellip;]<\/p>\n","protected":false},"author":2,"featured_media":62435,"comment_status":"closed","ping_status":"closed","sticky":false,"template":"","format":"standard","meta":{"om_disable_all_campaigns":false,"_monsterinsights_skip_tracking":false,"_monsterinsights_sitenote_active":false,"_monsterinsights_sitenote_note":"","_monsterinsights_sitenote_category":0,"_uf_show_specific_survey":0,"_uf_disable_surveys":false,"_jetpack_memberships_contains_paid_content":false,"footnotes":"","jetpack_publicize_message":"Congreso del Estado reduce la edad para quien asuma la Direcci\u00f3n del DIF\r\n\r\n\u2022\u2060 Establece que \u2060j\u00f3venes de 25 a\u00f1os podr\u00edan ostentar el cargo","jetpack_publicize_feature_enabled":true,"jetpack_social_post_already_shared":true,"jetpack_social_options":{"image_generator_settings":{"template":"highway","default_image_id":0,"enabled":false},"version":2}},"categories":[15,63],"tags":[],"class_list":{"0":"post-62434","1":"post","2":"type-post","3":"status-publish","4":"format-standard","5":"has-post-thumbnail","7":"category-michoacan","8":"category-politica"},"aioseo_notices":[],"jetpack_publicize_connections":[],"jetpack_featured_media_url":"https:\/\/mediagroup.mx\/wp-content\/uploads\/2025\/02\/114acdf9-1ef4-466f-9213-ab5d964a0d71.jpeg","jetpack_sharing_enabled":true,"_links":{"self":[{"href":"https:\/\/mediagroup.mx\/index.php\/wp-json\/wp\/v2\/posts\/62434","targetHints":{"allow":["GET"]}}],"collection":[{"href":"https:\/\/mediagroup.mx\/index.php\/wp-json\/wp\/v2\/posts"}],"about":[{"href":"https:\/\/mediagroup.mx\/index.php\/wp-json\/wp\/v2\/types\/post"}],"author":[{"embeddable":true,"href":"https:\/\/mediagroup.mx\/index.php\/wp-json\/wp\/v2\/users\/2"}],"replies":[{"embeddable":true,"href":"https:\/\/mediagroup.mx\/index.php\/wp-json\/wp\/v2\/comments?post=62434"}],"version-history":[{"count":1,"href":"https:\/\/mediagroup.mx\/index.php\/wp-json\/wp\/v2\/posts\/62434\/revisions"}],"predecessor-version":[{"id":62436,"href":"https:\/\/mediagroup.mx\/index.php\/wp-json\/wp\/v2\/posts\/62434\/revisions\/62436"}],"wp:featuredmedia":[{"embeddable":true,"href":"https:\/\/mediagroup.mx\/index.php\/wp-json\/wp\/v2\/media\/62435"}],"wp:attachment":[{"href":"https:\/\/mediagroup.mx\/index.php\/wp-json\/wp\/v2\/media?parent=62434"}],"wp:term":[{"taxonomy":"category","embeddable":true,"href":"https:\/\/mediagroup.mx\/index.php\/wp-json\/wp\/v2\/categories?post=62434"},{"taxonomy":"post_tag","embeddable":true,"href":"https:\/\/mediagroup.mx\/index.php\/wp-json\/wp\/v2\/tags?post=62434"}],"curies":[{"name":"wp","href":"https:\/\/api.w.org\/{rel}","templated":true}]}}