{"id":62443,"date":"2025-02-06T21:18:11","date_gmt":"2025-02-07T03:18:11","guid":{"rendered":"https:\/\/mediagroup.mx\/?p=62443"},"modified":"2025-02-08T21:22:20","modified_gmt":"2025-02-09T03:22:20","slug":"plantea-reyes-galindo-a-la-presidenta-sheinbaum-incorporar-a-municipios-de-tierra-caliente-en-programas-del-campo","status":"publish","type":"post","link":"https:\/\/mediagroup.mx\/index.php\/2025\/02\/06\/plantea-reyes-galindo-a-la-presidenta-sheinbaum-incorporar-a-municipios-de-tierra-caliente-en-programas-del-campo\/","title":{"rendered":"Plantea Reyes Galindo a la presidenta Sheinbaum incorporar a municipios de Tierra Caliente en programas del campo"},"content":{"rendered":"<p>Morelia, Mich., 6 de febrero de 2025.- Reyes Galindo Pedraza, coordinador parlamentario del Partido del Trabajo en el Congreso de Michoac\u00e1n, hizo un llamado urgente a la presidenta de la Rep\u00fablica, Claudia Sheinbaum Pardo, para que tambi\u00e9n los municipios de la regi\u00f3n de la Tierra Caliente, sobre todo de la zona de la Huacana y alrededores, sean tomados en cuenta para los programas agroalimentarios como Sembrando Vida.<\/p>\n<p>Luego de que se anunciara la visita de la doctora Sheinbaum a tierras michoacanas para este fin de semana en donde, seg\u00fan la agenda oficial, la titular del Ejecutivo Federal dar\u00e1 inicio al Programa Nacional de Fertilizantes en Cuitzeo y Zirahu\u00e9n, Reyes Galindo record\u00f3 que la regi\u00f3n que representa en el Distrito 22 a\u00fan no se ha visto beneficiada con este tipo de planes.<\/p>\n<p>\u00abHoy hago un respetuoso llamado a nuestra presidenta para que se apoye al sector agroalimentario de nuestra regi\u00f3n, que cuentan con productos de alta calidad, en su mayor\u00eda de importaci\u00f3n.Tenemos la confianza puesta en ella y s\u00e9 que muy pronto nuestra gente del campo, de los municipios de Churumuco, Arteaga, La Huacana, M\u00fagica, Nuevo Urecho, Tumbiscat\u00edo, Gabriel Zamora, Tarentan y Ziracuaretiro, tambi\u00e9n tendr\u00e1n acceso a los proyectos de bienestar que ha implementado la Federaci\u00f3n\u00bb, mencion\u00f3 el congresista.<\/p>\n<p>Asimismo, dijo que es momento de voltear los ojos hac\u00eda la regi\u00f3n calentana para que el campo michoacano siga cosechando productos de alto valor y que adem\u00e1s, sirva como plataforma para recibir y brindar un espacio laboral a nuestros hermanos migrantes, que pudieran verse afectados ante el cambio de gobierno estadounidense.<\/p>\n<p>\u00abDesde aqu\u00ed le decimos a la doctora Sheinbaum, que en Michoac\u00e1n la recibimos con los brazos abiertos, que cuenta con las y los michoacanos, y que estamos dispuestos a trabajar siempre a favor de quienes m\u00e1s lo necesitan\u00bb, concluy\u00f3 Galindo Pedraza.<br \/>\n<img loading=\"lazy\" decoding=\"async\" class=\"alignnone size-medium wp-image-62444\" src=\"https:\/\/mediagroup.mx\/wp-content\/uploads\/2025\/02\/e10c9b53-dcb2-4c01-aa73-b6402468fe92-300x200.jpeg\" alt=\"\" width=\"300\" height=\"200\" srcset=\"https:\/\/mediagroup.mx\/wp-content\/uploads\/2025\/02\/e10c9b53-dcb2-4c01-aa73-b6402468fe92-300x200.jpeg 300w, https:\/\/mediagroup.mx\/wp-content\/uploads\/2025\/02\/e10c9b53-dcb2-4c01-aa73-b6402468fe92-1024x684.jpeg 1024w, https:\/\/mediagroup.mx\/wp-content\/uploads\/2025\/02\/e10c9b53-dcb2-4c01-aa73-b6402468fe92-768x513.jpeg 768w, https:\/\/mediagroup.mx\/wp-content\/uploads\/2025\/02\/e10c9b53-dcb2-4c01-aa73-b6402468fe92-150x100.jpeg 150w, https:\/\/mediagroup.mx\/wp-content\/uploads\/2025\/02\/e10c9b53-dcb2-4c01-aa73-b6402468fe92-696x465.jpeg 696w, https:\/\/mediagroup.mx\/wp-content\/uploads\/2025\/02\/e10c9b53-dcb2-4c01-aa73-b6402468fe92-1068x713.jpeg 1068w, https:\/\/mediagroup.mx\/wp-content\/uploads\/2025\/02\/e10c9b53-dcb2-4c01-aa73-b6402468fe92.jpeg 1080w\" sizes=\"auto, (max-width: 300px) 100vw, 300px\" \/><\/p>\n","protected":false},"excerpt":{"rendered":"<p>Morelia, Mich., 6 de febrero de 2025.- Reyes Galindo Pedraza, coordinador parlamentario del Partido del Trabajo en el Congreso de Michoac\u00e1n, hizo un llamado urgente a la presidenta de la Rep\u00fablica, Claudia Sheinbaum Pardo, para que tambi\u00e9n los municipios de la regi\u00f3n de la Tierra Caliente, sobre todo de la zona de la Huacana y [&hellip;]<\/p>\n","protected":false},"author":2,"featured_media":62444,"comment_status":"closed","ping_status":"closed","sticky":false,"template":"","format":"standard","meta":{"om_disable_all_campaigns":false,"_monsterinsights_skip_tracking":false,"_monsterinsights_sitenote_active":false,"_monsterinsights_sitenote_note":"","_monsterinsights_sitenote_category":0,"_uf_show_specific_survey":0,"_uf_disable_surveys":false,"_jetpack_memberships_contains_paid_content":false,"footnotes":"","jetpack_publicize_message":"Plantea Reyes Galindo a la presidenta Sheinbaum incorporar a municipios de Tierra Caliente en programas del campo\r\n\r\n*Destac\u00f3 que la producci\u00f3n de los municipios de la regi\u00f3n, se consolidar\u00eda con el programa Sembrando Vida.","jetpack_publicize_feature_enabled":true,"jetpack_social_post_already_shared":true,"jetpack_social_options":{"image_generator_settings":{"template":"highway","default_image_id":0,"enabled":false},"version":2}},"categories":[15,63],"tags":[],"class_list":{"0":"post-62443","1":"post","2":"type-post","3":"status-publish","4":"format-standard","5":"has-post-thumbnail","7":"category-michoacan","8":"category-politica"},"aioseo_notices":[],"jetpack_publicize_connections":[],"jetpack_featured_media_url":"https:\/\/mediagroup.mx\/wp-content\/uploads\/2025\/02\/e10c9b53-dcb2-4c01-aa73-b6402468fe92.jpeg","jetpack_sharing_enabled":true,"_links":{"self":[{"href":"https:\/\/mediagroup.mx\/index.php\/wp-json\/wp\/v2\/posts\/62443","targetHints":{"allow":["GET"]}}],"collection":[{"href":"https:\/\/mediagroup.mx\/index.php\/wp-json\/wp\/v2\/posts"}],"about":[{"href":"https:\/\/mediagroup.mx\/index.php\/wp-json\/wp\/v2\/types\/post"}],"author":[{"embeddable":true,"href":"https:\/\/mediagroup.mx\/index.php\/wp-json\/wp\/v2\/users\/2"}],"replies":[{"embeddable":true,"href":"https:\/\/mediagroup.mx\/index.php\/wp-json\/wp\/v2\/comments?post=62443"}],"version-history":[{"count":1,"href":"https:\/\/mediagroup.mx\/index.php\/wp-json\/wp\/v2\/posts\/62443\/revisions"}],"predecessor-version":[{"id":62445,"href":"https:\/\/mediagroup.mx\/index.php\/wp-json\/wp\/v2\/posts\/62443\/revisions\/62445"}],"wp:featuredmedia":[{"embeddable":true,"href":"https:\/\/mediagroup.mx\/index.php\/wp-json\/wp\/v2\/media\/62444"}],"wp:attachment":[{"href":"https:\/\/mediagroup.mx\/index.php\/wp-json\/wp\/v2\/media?parent=62443"}],"wp:term":[{"taxonomy":"category","embeddable":true,"href":"https:\/\/mediagroup.mx\/index.php\/wp-json\/wp\/v2\/categories?post=62443"},{"taxonomy":"post_tag","embeddable":true,"href":"https:\/\/mediagroup.mx\/index.php\/wp-json\/wp\/v2\/tags?post=62443"}],"curies":[{"name":"wp","href":"https:\/\/api.w.org\/{rel}","templated":true}]}}