{"id":62446,"date":"2025-02-06T21:24:06","date_gmt":"2025-02-07T03:24:06","guid":{"rendered":"https:\/\/mediagroup.mx\/?p=62446"},"modified":"2025-02-08T21:27:19","modified_gmt":"2025-02-09T03:27:19","slug":"vicente-gomez-pide-incluir-la-enfermedad-renal-cronica-como-discapacidad-y-urge-a-campanas-de-concientizacion","status":"publish","type":"post","link":"https:\/\/mediagroup.mx\/index.php\/2025\/02\/06\/vicente-gomez-pide-incluir-la-enfermedad-renal-cronica-como-discapacidad-y-urge-a-campanas-de-concientizacion\/","title":{"rendered":"Vicente G\u00f3mez pide incluir la enfermedad renal cr\u00f3nica como discapacidad y urge a campa\u00f1as de concientizaci\u00f3n"},"content":{"rendered":"<p>Morelia, Michoac\u00e1n, 6 de febrero de 2025*. El reconocer a las y los ciudadanos que padecen insuficiencia renal, como personas con una discapacidad, y prever el respeto pleno a todos sus derechos, garantizando su atenci\u00f3n e inclusi\u00f3n, fueron las propuestas que present\u00f3 el diputado por el Distrito XIX con sede en Tac\u00e1mbaro, Vicente G\u00f3mez N\u00fa\u00f1ez.<\/p>\n<p>Al hacer uso de la tribuna en la sesi\u00f3n ordinaria, inform\u00f3 que la insuficiencia renal cr\u00f3nica, representa una condici\u00f3n de salud con un alto impacto en el grupo de enfermedades no transmisibles, que genera graves afectaciones a quienes la padecen, adem\u00e1s de altos costos en su tratamiento.<\/p>\n<p>Con base a lo anterior, el legislador present\u00f3 dos iniciativas: la de Adici\u00f3n a la Ley de para la Inclusi\u00f3n de las Personas con Discapacidad en el Estado de Michoac\u00e1n, a fin de que este padecimiento y las enfermedades no transmisibles o \u201ccr\u00f3nicas\u201d sean reconocidas en este ordenamiento.<\/p>\n<p>A la vez propuso la iniciativa que reforma el art\u00edculo 263 de la Ley de Salud del Estado de Michoac\u00e1n, para que las autoridades de salud implementen acciones de prevenci\u00f3n en la poblaci\u00f3n y establezcan programas educativos que permitan la disminuci\u00f3n de factores de riesgo en la poblaci\u00f3n en torno a la insuficiencia renal.<\/p>\n<p>Ambas iniciativas est\u00e1n encaminadas a garantizar acciones integrales de atenci\u00f3n a todas las personas con padecimientos de insuficiencia renal y cr\u00f3nicos, al justificar que un 74% de las muertes de personas en el mundo son causadas por enfermedades no transmisibles y para quienes las desarrollan, les pueden tambi\u00e9n ocasionar alguna discapacidad como son deficiencias f\u00edsicas, mentales y sensoriales, que les impiden desenvolverse plenamente.<\/p>\n<p>Agreg\u00f3 que, en un gran n\u00famero de casos, estas personas requieren de aparatos de apoyo como sillas de ruedas, pr\u00f3tesis, muletas, entre otros, que a la vez les impide acceder a un empleo, con la consecuente afectaci\u00f3n econ\u00f3mica que de ello deriva.<\/p>\n<p>El legislador del Grupo Parlamentario del Partido del Trabajo (GPPT) detall\u00f3 que las propuestas incluyen que este grupo de la poblaci\u00f3n sea considerado como personas con discapacidad, con la garant\u00eda de atenci\u00f3n, acceso a servicios, asesor\u00eda, planes e ingreso a todos los programas de atenci\u00f3n y pensiones econ\u00f3micas gubernamentales.<\/p>\n<p>A la vez, se pretende desarrollar y ejecutar programas educativos de prevenci\u00f3n de factores de riesgo; y, campa\u00f1as permanentes sobre h\u00e1bitos de vida saludable; as\u00ed como el acceso gratuito y subsidiado a pruebas diagn\u00f3stico de insuficiencia renal en unidades de salud p\u00fablicas.<\/p>\n<p>Lo anterior, encaminado a evitar actos de exclusi\u00f3n hacia este grupo y avanzar hacia la equidad social y econ\u00f3mica de las personas con enfermedades cr\u00f3nicas, garantizando el goce pleno de sus derechos, en igualdad de condiciones.<\/p>\n<p>El legislador conmin\u00f3 a sus hom\u00f3logos a hacer propia esta iniciativa y coadyuvar a generar un mejor nivel de vida de las personas con este tipo de padecimientos, as\u00ed como contribuir a un enfoque preventivo de esta enfermedad.<br \/>\n<img loading=\"lazy\" decoding=\"async\" class=\"alignnone size-medium wp-image-62447\" src=\"https:\/\/mediagroup.mx\/wp-content\/uploads\/2025\/02\/72083fbb-0fa0-47e8-9a91-d9faaf59d89d-200x300.jpeg\" alt=\"\" width=\"200\" height=\"300\" srcset=\"https:\/\/mediagroup.mx\/wp-content\/uploads\/2025\/02\/72083fbb-0fa0-47e8-9a91-d9faaf59d89d-200x300.jpeg 200w, https:\/\/mediagroup.mx\/wp-content\/uploads\/2025\/02\/72083fbb-0fa0-47e8-9a91-d9faaf59d89d-682x1024.jpeg 682w, https:\/\/mediagroup.mx\/wp-content\/uploads\/2025\/02\/72083fbb-0fa0-47e8-9a91-d9faaf59d89d-768x1153.jpeg 768w, https:\/\/mediagroup.mx\/wp-content\/uploads\/2025\/02\/72083fbb-0fa0-47e8-9a91-d9faaf59d89d-1023x1536.jpeg 1023w, https:\/\/mediagroup.mx\/wp-content\/uploads\/2025\/02\/72083fbb-0fa0-47e8-9a91-d9faaf59d89d-150x225.jpeg 150w, https:\/\/mediagroup.mx\/wp-content\/uploads\/2025\/02\/72083fbb-0fa0-47e8-9a91-d9faaf59d89d-300x450.jpeg 300w, https:\/\/mediagroup.mx\/wp-content\/uploads\/2025\/02\/72083fbb-0fa0-47e8-9a91-d9faaf59d89d-696x1045.jpeg 696w, https:\/\/mediagroup.mx\/wp-content\/uploads\/2025\/02\/72083fbb-0fa0-47e8-9a91-d9faaf59d89d.jpeg 1066w\" sizes=\"auto, (max-width: 200px) 100vw, 200px\" \/><\/p>\n","protected":false},"excerpt":{"rendered":"<p>Morelia, Michoac\u00e1n, 6 de febrero de 2025*. El reconocer a las y los ciudadanos que padecen insuficiencia renal, como personas con una discapacidad, y prever el respeto pleno a todos sus derechos, garantizando su atenci\u00f3n e inclusi\u00f3n, fueron las propuestas que present\u00f3 el diputado por el Distrito XIX con sede en Tac\u00e1mbaro, Vicente G\u00f3mez N\u00fa\u00f1ez. [&hellip;]<\/p>\n","protected":false},"author":2,"featured_media":62447,"comment_status":"closed","ping_status":"closed","sticky":false,"template":"","format":"standard","meta":{"om_disable_all_campaigns":false,"_monsterinsights_skip_tracking":false,"_monsterinsights_sitenote_active":false,"_monsterinsights_sitenote_note":"","_monsterinsights_sitenote_category":0,"_uf_show_specific_survey":0,"_uf_disable_surveys":false,"_jetpack_memberships_contains_paid_content":false,"footnotes":"","jetpack_publicize_message":"Vicente G\u00f3mez pide incluir la enfermedad renal cr\u00f3nica como discapacidad y urge a campa\u00f1as de concientizaci\u00f3n","jetpack_publicize_feature_enabled":true,"jetpack_social_post_already_shared":true,"jetpack_social_options":{"image_generator_settings":{"template":"highway","default_image_id":0,"enabled":false},"version":2}},"categories":[15,63],"tags":[],"class_list":{"0":"post-62446","1":"post","2":"type-post","3":"status-publish","4":"format-standard","5":"has-post-thumbnail","7":"category-michoacan","8":"category-politica"},"aioseo_notices":[],"jetpack_publicize_connections":[],"jetpack_featured_media_url":"https:\/\/mediagroup.mx\/wp-content\/uploads\/2025\/02\/72083fbb-0fa0-47e8-9a91-d9faaf59d89d.jpeg","jetpack_sharing_enabled":true,"_links":{"self":[{"href":"https:\/\/mediagroup.mx\/index.php\/wp-json\/wp\/v2\/posts\/62446","targetHints":{"allow":["GET"]}}],"collection":[{"href":"https:\/\/mediagroup.mx\/index.php\/wp-json\/wp\/v2\/posts"}],"about":[{"href":"https:\/\/mediagroup.mx\/index.php\/wp-json\/wp\/v2\/types\/post"}],"author":[{"embeddable":true,"href":"https:\/\/mediagroup.mx\/index.php\/wp-json\/wp\/v2\/users\/2"}],"replies":[{"embeddable":true,"href":"https:\/\/mediagroup.mx\/index.php\/wp-json\/wp\/v2\/comments?post=62446"}],"version-history":[{"count":1,"href":"https:\/\/mediagroup.mx\/index.php\/wp-json\/wp\/v2\/posts\/62446\/revisions"}],"predecessor-version":[{"id":62448,"href":"https:\/\/mediagroup.mx\/index.php\/wp-json\/wp\/v2\/posts\/62446\/revisions\/62448"}],"wp:featuredmedia":[{"embeddable":true,"href":"https:\/\/mediagroup.mx\/index.php\/wp-json\/wp\/v2\/media\/62447"}],"wp:attachment":[{"href":"https:\/\/mediagroup.mx\/index.php\/wp-json\/wp\/v2\/media?parent=62446"}],"wp:term":[{"taxonomy":"category","embeddable":true,"href":"https:\/\/mediagroup.mx\/index.php\/wp-json\/wp\/v2\/categories?post=62446"},{"taxonomy":"post_tag","embeddable":true,"href":"https:\/\/mediagroup.mx\/index.php\/wp-json\/wp\/v2\/tags?post=62446"}],"curies":[{"name":"wp","href":"https:\/\/api.w.org\/{rel}","templated":true}]}}