{"id":62454,"date":"2025-02-09T12:49:25","date_gmt":"2025-02-09T18:49:25","guid":{"rendered":"https:\/\/mediagroup.mx\/?p=62454"},"modified":"2025-02-09T12:49:25","modified_gmt":"2025-02-09T18:49:25","slug":"certificacion-contra-la-deforestacion-proforest-avocado-es-voluntaria-bedolla","status":"publish","type":"post","link":"https:\/\/mediagroup.mx\/index.php\/2025\/02\/09\/certificacion-contra-la-deforestacion-proforest-avocado-es-voluntaria-bedolla\/","title":{"rendered":"Certificaci\u00f3n contra la deforestaci\u00f3n ProForest Avocado es voluntaria: Bedolla"},"content":{"rendered":"<p>La certificaci\u00f3n contra la deforestaci\u00f3n y las buenas pr\u00e1cticas para el cultivo de aguacate, ProForest Avocado, es totalmente voluntaria para los productores y empacadores de Michoac\u00e1n, puntualiz\u00f3 el gobernador Alfredo Ram\u00edrez Bedolla.<\/p>\n<p>El mandatario afirm\u00f3 que esta certificaci\u00f3n puede solicitarse en la Secretar\u00eda del Medio Ambiente estatal o con alguno de los organismos certificadores que acreditan este proceso: NORMICH, PAMFA, SIAR y SOHNOS.<\/p>\n<p>Record\u00f3 que ProForest Avocado cumple con est\u00e1ndares nacionales e internacionales establecidos en materia fitosanitaria y ambiental por lo que tiene reconocimiento de la federaci\u00f3n.<\/p>\n<p>Destac\u00f3 que las huertas y empacadoras que obtienen la certificaci\u00f3n, garantizan al consumidor que el aguacate no proviene de huertas ilegales por cambio de uso de suelo en bosques.<\/p>\n<p>El gobernador coment\u00f3 que la certificaci\u00f3n implica que las huertas tienen que reforestar de tres a seis hect\u00e1reas de bosque por cada huerta de aguacate cultivada o convenir con los due\u00f1os de bosques servicios ambientales.<\/p>\n<p>Enfatiz\u00f3 que por lo tanto se compensa la producci\u00f3n de aguacate con servicios ambientales y no con recurso al gobierno.<\/p>\n","protected":false},"excerpt":{"rendered":"<p>La certificaci\u00f3n contra la deforestaci\u00f3n y las buenas pr\u00e1cticas para el cultivo de aguacate, ProForest Avocado, es totalmente voluntaria para los productores y empacadores de Michoac\u00e1n, puntualiz\u00f3 el gobernador Alfredo Ram\u00edrez Bedolla. El mandatario afirm\u00f3 que esta certificaci\u00f3n puede solicitarse en la Secretar\u00eda del Medio Ambiente estatal o con alguno de los organismos certificadores que [&hellip;]<\/p>\n","protected":false},"author":2,"featured_media":62455,"comment_status":"closed","ping_status":"closed","sticky":false,"template":"","format":"standard","meta":{"om_disable_all_campaigns":false,"_monsterinsights_skip_tracking":false,"_monsterinsights_sitenote_active":false,"_monsterinsights_sitenote_note":"","_monsterinsights_sitenote_category":0,"_uf_show_specific_survey":0,"_uf_disable_surveys":false,"_jetpack_memberships_contains_paid_content":false,"footnotes":"","jetpack_publicize_message":"Certificaci\u00f3n contra la deforestaci\u00f3n ProForest Avocado es voluntaria: Bedolla","jetpack_publicize_feature_enabled":true,"jetpack_social_post_already_shared":true,"jetpack_social_options":{"image_generator_settings":{"template":"highway","default_image_id":0,"enabled":false},"version":2}},"categories":[15],"tags":[],"class_list":{"0":"post-62454","1":"post","2":"type-post","3":"status-publish","4":"format-standard","5":"has-post-thumbnail","7":"category-michoacan"},"aioseo_notices":[],"jetpack_publicize_connections":[],"jetpack_featured_media_url":"https:\/\/mediagroup.mx\/wp-content\/uploads\/2025\/02\/a6f0ab3e-47fc-4a73-bd14-24cab026a6f2.jpeg","jetpack_sharing_enabled":true,"_links":{"self":[{"href":"https:\/\/mediagroup.mx\/index.php\/wp-json\/wp\/v2\/posts\/62454","targetHints":{"allow":["GET"]}}],"collection":[{"href":"https:\/\/mediagroup.mx\/index.php\/wp-json\/wp\/v2\/posts"}],"about":[{"href":"https:\/\/mediagroup.mx\/index.php\/wp-json\/wp\/v2\/types\/post"}],"author":[{"embeddable":true,"href":"https:\/\/mediagroup.mx\/index.php\/wp-json\/wp\/v2\/users\/2"}],"replies":[{"embeddable":true,"href":"https:\/\/mediagroup.mx\/index.php\/wp-json\/wp\/v2\/comments?post=62454"}],"version-history":[{"count":1,"href":"https:\/\/mediagroup.mx\/index.php\/wp-json\/wp\/v2\/posts\/62454\/revisions"}],"predecessor-version":[{"id":62456,"href":"https:\/\/mediagroup.mx\/index.php\/wp-json\/wp\/v2\/posts\/62454\/revisions\/62456"}],"wp:featuredmedia":[{"embeddable":true,"href":"https:\/\/mediagroup.mx\/index.php\/wp-json\/wp\/v2\/media\/62455"}],"wp:attachment":[{"href":"https:\/\/mediagroup.mx\/index.php\/wp-json\/wp\/v2\/media?parent=62454"}],"wp:term":[{"taxonomy":"category","embeddable":true,"href":"https:\/\/mediagroup.mx\/index.php\/wp-json\/wp\/v2\/categories?post=62454"},{"taxonomy":"post_tag","embeddable":true,"href":"https:\/\/mediagroup.mx\/index.php\/wp-json\/wp\/v2\/tags?post=62454"}],"curies":[{"name":"wp","href":"https:\/\/api.w.org\/{rel}","templated":true}]}}